{"id":29504,"date":"2023-03-29T18:51:58","date_gmt":"2023-03-29T21:51:58","guid":{"rendered":"https:\/\/radiorevelacionfm.cl\/?p=29504"},"modified":"2023-03-29T18:51:58","modified_gmt":"2023-03-29T21:51:58","slug":"exponen-a-comunidad-diseno-para-normalizacion-del-area-de-movimiento-en-el-aerodromo-de-balmaceda","status":"publish","type":"post","link":"https:\/\/radiorevelacionfm.cl\/?p=29504","title":{"rendered":"Exponen a comunidad dise\u00f1o para normalizaci\u00f3n del \u00e1rea de movimiento en el aer\u00f3dromo de Balmaceda"},"content":{"rendered":"<div class=\"flex_column av_one_full  flex_column_div av-zero-column-padding first  avia-builder-el-0  el_before_av_one_full  avia-builder-el-first  \" style='border-radius:0px; '><div  class='avia-image-container  av-styling-    avia-builder-el-1  avia-builder-el-no-sibling  avia-align-center '  itemprop=\"image\" itemscope=\"itemscope\" itemtype=\"https:\/\/schema.org\/ImageObject\"  ><div class='avia-image-container-inner'><div class='avia-image-overlay-wrap'><img decoding=\"async\" class='wp-image-29517 avia-img-lazy-loading-not-29517 avia_image' src=\"https:\/\/radiorevelacionfm.cl\/wp-content\/uploads\/2023\/03\/balmaceda-2-1_optimized.jpg\" alt='' title='balmaceda-2-(1)_optimized' height=\"600\" width=\"922\"  itemprop=\"thumbnailUrl\" srcset=\"https:\/\/radiorevelacionfm.cl\/wp-content\/uploads\/2023\/03\/balmaceda-2-1_optimized.jpg 922w, https:\/\/radiorevelacionfm.cl\/wp-content\/uploads\/2023\/03\/balmaceda-2-1_optimized-300x195.jpg 300w, https:\/\/radiorevelacionfm.cl\/wp-content\/uploads\/2023\/03\/balmaceda-2-1_optimized-768x500.jpg 768w, https:\/\/radiorevelacionfm.cl\/wp-content\/uploads\/2023\/03\/balmaceda-2-1_optimized-705x459.jpg 705w, https:\/\/radiorevelacionfm.cl\/wp-content\/uploads\/2023\/03\/balmaceda-2-1_optimized-450x293.jpg 450w, https:\/\/radiorevelacionfm.cl\/wp-content\/uploads\/2023\/03\/balmaceda-2-1_optimized-600x390.jpg 600w\" sizes=\"(max-width: 922px) 100vw, 922px\" \/><\/div><\/div><\/div><\/div><div class=\"flex_column av_one_full  flex_column_div av-zero-column-padding first  avia-builder-el-2  el_after_av_one_full  el_before_av_one_full  column-top-margin\" style='border-radius:0px; '><section class=\"av_textblock_section \"  itemscope=\"itemscope\" itemtype=\"https:\/\/schema.org\/BlogPosting\" itemprop=\"blogPost\" ><div class='avia_textblock  '   itemprop=\"text\" ><p style=\"text-align: center;\"><strong><span style=\"font-size: 18pt;\">Exponen a comunidad dise\u00f1o para normalizaci\u00f3n del \u00e1rea de movimiento en el aer\u00f3dromo de Balmaceda <\/span><\/strong><\/p>\n<div id=\"gtx-trans\" style=\"position: absolute; left: -50px; top: 4.31534px;\">\n<div class=\"gtx-trans-icon\"><\/div>\n<\/div>\n<\/div><\/section><\/div><\/p>\n<div class=\"flex_column av_one_full  flex_column_div av-zero-column-padding first  avia-builder-el-4  el_after_av_one_full  el_before_av_hr  column-top-margin\" style='border-radius:0px; '><section class=\"av_textblock_section \"  itemscope=\"itemscope\" itemtype=\"https:\/\/schema.org\/BlogPosting\" itemprop=\"blogPost\" ><div class='avia_textblock  '   itemprop=\"text\" ><p style=\"text-align: justify;\">El Secretario Regional Ministerial de Obras P\u00fablicas Patricio Sanhueza Ulloa junto a la Directora Regional de Aeropuertos MOP Anita \u00c1lvarez Lemus y equipos, realizaron una reuni\u00f3n de participaci\u00f3n ciudadana con la comunidad de Balmaceda para exponer el Dise\u00f1o para la normalizaci\u00f3n del \u00e1rea de movimiento en el Aer\u00f3dromo de esta localidad.<\/p>\n<p style=\"text-align: justify;\">Este Aer\u00f3dromo emplazado en la localidad de Balmaceda y ubicado a 55,7 km de la ciudad de Coyhaique es el \u00fanico de la regi\u00f3n de Ays\u00e9n que permite vuelos de aviaci\u00f3n comercial nacional, y que presenta un incremento en sus operaciones a\u00e9reas en los \u00faltimos a\u00f1os, cobrando relevancia como la puerta de entrada a la regi\u00f3n de Ays\u00e9n y el punto de acceso y de conexi\u00f3n a\u00e9rea con otros sectores del pa\u00eds y el mundo. Por eso, la reuni\u00f3n sostenida con las vecinas y vecinos de Balmaceda es tan importante, debido a que la ejecuci\u00f3n de este Dise\u00f1o considera la elaboraci\u00f3n del proyecto de ingenier\u00eda de detalle de todas las obras necesarias para poder realizar la normalizaci\u00f3n del \u00e1rea de movimiento de este Aer\u00f3dromo, lo que permitir\u00e1 realizar la certificaci\u00f3n del Aer\u00f3dromo, elevando as\u00ed el est\u00e1ndar de calidad.<\/p>\n<p style=\"text-align: justify;\">Esta tem\u00e1tica es de gran importancia para el SEREMI del MOP, quien indic\u00f3 que \u201ceste proyecto permitir\u00e1 eliminar brechas normativas y mejorar las condiciones de conectividad de la regi\u00f3n con el resto del pa\u00eds y el mundo, facilitar las operaciones de carga a\u00e9rea y la experiencia de viaje del pasajero, as\u00ed como tambi\u00e9n en la etapa de construcci\u00f3n del proyecto, se estima entregar empleo a 80 personas promedio mensual, considerando un peak m\u00e1ximo mensual de 170 trabajadores, lo que permitir\u00e1 dinamizar la econom\u00eda y que muchas familias puedan contar con un ingreso mensual, lo que es un significativo aporte mensual que como gobierno estaremos entregando para que las familias puedan contar con una mejor calidad de vida\u201d<\/p>\n<p style=\"text-align: justify;\">En esta segunda reuni\u00f3n de participaci\u00f3n ciudadana relacionada a este proyecto, estuvieron presentes representantes del sector tur\u00edstico, de la Direcci\u00f3n General de Aeron\u00e1utica Civil (DGAC) en la regi\u00f3n de Ays\u00e9n y la comunidad de Balmaceda.<\/p>\n<p style=\"text-align: justify;\">\u201cNos llevamos inquietudes de la comunidad y levantamos informaci\u00f3n para que la futura obra sea lo m\u00e1s \u00fatil y lo m\u00e1s amigable posible para las y los vecinos, este es el sello que como ministerio queremos dar a esta obra. Estamos muy contentos con el proyecto y con la visi\u00f3n tan completa que tiene y que relaciona la vida cotidiana y como esto se va aparejando con el desarrollo de la infraestructura aeroportuaria. Adem\u00e1s, de tocar tem\u00e1ticas relacionadas con este Dise\u00f1o tambi\u00e9n nos llevamos consultas acerca de otras materias, as\u00ed que estamos conformes, porque esta interacci\u00f3n con la comunidad es una oportunidad para continuar contribuyendo a la calidad de vida de nuestros habitantes\u201d, asegur\u00f3 Patricio Sanhueza.<\/p>\n<p style=\"text-align: justify;\">Con relaci\u00f3n al Dise\u00f1o, en la ocasi\u00f3n, la Directora Regional de Aeropuertos del MOP, resalt\u00f3 algunos aspectos relevantes \u201ceste proyecto busca mejorar el est\u00e1ndar de normalizaci\u00f3n del Aer\u00f3dromo para la entrega de una infraestructura \u00f3ptima y de calidad. La Normalizaci\u00f3n del \u00e1rea de movimiento, generar\u00e1 una nueva configuraci\u00f3n de la pista y sus rodajes, por lo que este Dise\u00f1o pretende estudiar y evaluar c\u00f3mo afectar\u00e1 esta nueva distribuci\u00f3n del \u00e1rea de movimiento al funcionamiento actual y as\u00ed como tambi\u00e9n al futuro Aer\u00f3dromo, analizando su vinculaci\u00f3n con el crecimiento futuro de la plataforma comercial, del Terminal de Pasajeros, \u00e1rea de carga, aviaci\u00f3n general, servicios de apoyo y con el ordenamiento general de las instalaciones, con la finalidad de ordenarlas de manera eficiente y arm\u00f3nica entre s\u00ed, sirviendo como una herramienta de planificaci\u00f3n que propenda a generar un mejor funcionamiento del Aer\u00f3dromo en su conjunto\u201d.<\/p>\n<p style=\"text-align: justify;\">Al finalizar la jornada, la Encargada de la Biblioteca Vecinal Municipal 52-A en Balmaceda Ada D\u00edaz Benavides, indic\u00f3 que fue una buena jornada para aclarar dudas, y agreg\u00f3 \u201cme parecen buenas instancias, porque nosotros despejamos muchas dudas que no sabemos y nuestra gente tambi\u00e9n nos hace llegar sus dudas o requerimientos para hacer las consultas cuando no pueden venir, as\u00ed que a m\u00ed me parece excelente este trabajo que est\u00e1n haciendo en el tema del Aer\u00f3dromo. Sabemos que es un proyecto de gran envergadura. Nosotros siempre queremos que haya m\u00e1s conexi\u00f3n con el Aer\u00f3dromo en s\u00ed, porque sabemos que por el Aer\u00f3dromo pasa mucha gente y no siempre se detienen a pasar a Balmaceda. Este proyecto nos sirve para que haya m\u00e1s interacci\u00f3n, porque ese d\u00eda me dio gusto ver que hab\u00eda gente del MOP, hab\u00eda gente de Aeron\u00e1utica, entonces ellos ven cu\u00e1les son los requerimientos de la gente tambi\u00e9n, as\u00ed que yo lo veo s\u00faper positivo porque si no hubieran esas instancias nosotros tampoco podr\u00edamos dar a conocer lo que necesita nuestra gente y que lo conozcan los ministerios, por eso esta instancia de participaci\u00f3n ciudadana que ustedes est\u00e1n haciendo en Balmaceda es positiva\u201d.<\/p>\n<\/div><\/section><\/div>\n<div  style='height:50px' class='hr hr-invisible   avia-builder-el-6  el_after_av_one_full  el_before_av_social_share '><span class='hr-inner ' ><span class='hr-inner-style'><\/span><\/span><\/div>\n<div  class='av-social-sharing-box  avia-builder-el-7  el_after_av_hr  el_before_av_hr  '><div class='av-share-box'><h5 class='av-share-link-description av-no-toc '>Compartir esta noticia<\/h5><ul class='av-share-box-list noLightbox'><li class='av-share-link av-social-link-facebook' ><a target=\"_blank\" aria-label=\"Compartir en Facebook\" href='https:\/\/www.facebook.com\/sharer.php?u=https:\/\/radiorevelacionfm.cl\/?p=29504&#038;t=Exponen%20a%20comunidad%20dise%C3%B1o%20para%20normalizaci%C3%B3n%20del%20%C3%A1rea%20de%20movimiento%20en%20el%20aer%C3%B3dromo%20de%20Balmaceda' aria-hidden='false' data-av_icon='\ue8f3' data-av_iconfont='entypo-fontello' title='' data-avia-related-tooltip='Compartir en Facebook' rel=\"noopener\"><span class='avia_hidden_link_text'>Compartir en Facebook<\/span><\/a><\/li><li class='av-share-link av-social-link-twitter' ><a target=\"_blank\" aria-label=\"Compartir en Twitter\" href='https:\/\/twitter.com\/share?text=Exponen%20a%20comunidad%20dise%C3%B1o%20para%20normalizaci%C3%B3n%20del%20%C3%A1rea%20de%20movimiento%20en%20el%20aer%C3%B3dromo%20de%20Balmaceda&#038;url=https:\/\/radiorevelacionfm.cl\/?p=29504' aria-hidden='false' data-av_icon='\ue8f1' data-av_iconfont='entypo-fontello' title='' data-avia-related-tooltip='Compartir en Twitter' rel=\"noopener\"><span class='avia_hidden_link_text'>Compartir en Twitter<\/span><\/a><\/li><li class='av-share-link av-social-link-whatsapp' ><a target=\"_blank\" aria-label=\"Compartir en Whatsapp\" href='https:\/\/api.whatsapp.com\/send?text=https:\/\/radiorevelacionfm.cl\/?p=29504' aria-hidden='false' data-av_icon='\uf232' data-av_iconfont='entypo-fontello' title='' data-avia-related-tooltip='Compartir en Whatsapp' rel=\"noopener\"><span class='avia_hidden_link_text'>Compartir en Whatsapp<\/span><\/a><\/li><li class='av-share-link av-social-link-linkedin' ><a target=\"_blank\" aria-label=\"Compartir en LinkedIn\" href='https:\/\/linkedin.com\/shareArticle?mini=true&#038;title=Exponen%20a%20comunidad%20dise%C3%B1o%20para%20normalizaci%C3%B3n%20del%20%C3%A1rea%20de%20movimiento%20en%20el%20aer%C3%B3dromo%20de%20Balmaceda&#038;url=https:\/\/radiorevelacionfm.cl\/?p=29504' aria-hidden='false' data-av_icon='\ue8fc' data-av_iconfont='entypo-fontello' title='' data-avia-related-tooltip='Compartir en LinkedIn' rel=\"noopener\"><span class='avia_hidden_link_text'>Compartir en LinkedIn<\/span><\/a><\/li><li class='av-share-link av-social-link-mail' ><a  aria-label=\"Compartir por correo\" href='mailto:?subject=Exponen%20a%20comunidad%20dise%C3%B1o%20para%20normalizaci%C3%B3n%20del%20%C3%A1rea%20de%20movimiento%20en%20el%20aer%C3%B3dromo%20de%20Balmaceda&#038;body=https:\/\/radiorevelacionfm.cl\/?p=29504' aria-hidden='false' data-av_icon='\ue805' data-av_iconfont='entypo-fontello' title='' data-avia-related-tooltip='Compartir por correo'><span class='avia_hidden_link_text'>Compartir por correo<\/span><\/a><\/li><\/ul><\/div><\/div>\n<div  style='height:50px' class='hr hr-invisible   avia-builder-el-8  el_after_av_social_share  el_before_av_comments_list '><span class='hr-inner ' ><span class='hr-inner-style'><\/span><\/span><\/div>\n<div  class='av-buildercomment  av-blog-meta-html-info-disabled av-blog-meta-tag-disabled  '><\/div>\n","protected":false},"excerpt":{"rendered":"","protected":false},"author":1,"featured_media":29517,"comment_status":"open","ping_status":"open","sticky":false,"template":"","format":"standard","meta":{"footnotes":""},"categories":[38],"tags":[],"class_list":["post-29504","post","type-post","status-publish","format-standard","has-post-thumbnail","hentry","category-regional"],"jetpack_featured_media_url":"https:\/\/radiorevelacionfm.cl\/wp-content\/uploads\/2023\/03\/balmaceda-2-1_optimized.jpg","_links":{"self":[{"href":"https:\/\/radiorevelacionfm.cl\/index.php?rest_route=\/wp\/v2\/posts\/29504","targetHints":{"allow":["GET"]}}],"collection":[{"href":"https:\/\/radiorevelacionfm.cl\/index.php?rest_route=\/wp\/v2\/posts"}],"about":[{"href":"https:\/\/radiorevelacionfm.cl\/index.php?rest_route=\/wp\/v2\/types\/post"}],"author":[{"embeddable":true,"href":"https:\/\/radiorevelacionfm.cl\/index.php?rest_route=\/wp\/v2\/users\/1"}],"replies":[{"embeddable":true,"href":"https:\/\/radiorevelacionfm.cl\/index.php?rest_route=%2Fwp%2Fv2%2Fcomments&post=29504"}],"version-history":[{"count":2,"href":"https:\/\/radiorevelacionfm.cl\/index.php?rest_route=\/wp\/v2\/posts\/29504\/revisions"}],"predecessor-version":[{"id":29518,"href":"https:\/\/radiorevelacionfm.cl\/index.php?rest_route=\/wp\/v2\/posts\/29504\/revisions\/29518"}],"wp:featuredmedia":[{"embeddable":true,"href":"https:\/\/radiorevelacionfm.cl\/index.php?rest_route=\/wp\/v2\/media\/29517"}],"wp:attachment":[{"href":"https:\/\/radiorevelacionfm.cl\/index.php?rest_route=%2Fwp%2Fv2%2Fmedia&parent=29504"}],"wp:term":[{"taxonomy":"category","embeddable":true,"href":"https:\/\/radiorevelacionfm.cl\/index.php?rest_route=%2Fwp%2Fv2%2Fcategories&post=29504"},{"taxonomy":"post_tag","embeddable":true,"href":"https:\/\/radiorevelacionfm.cl\/index.php?rest_route=%2Fwp%2Fv2%2Ftags&post=29504"}],"curies":[{"name":"wp","href":"https:\/\/api.w.org\/{rel}","templated":true}]}}