{"id":29501,"date":"2023-03-29T17:14:09","date_gmt":"2023-03-29T20:14:09","guid":{"rendered":"https:\/\/radiorevelacionfm.cl\/?p=29501"},"modified":"2023-03-29T17:14:09","modified_gmt":"2023-03-29T20:14:09","slug":"un-ano-cumple-la-ronda-pediatrica-recorriendo-las-comunas-de-la-region-de-aysen","status":"publish","type":"post","link":"https:\/\/radiorevelacionfm.cl\/?p=29501","title":{"rendered":"Un a\u00f1o cumple la Ronda Pedi\u00e1trica recorriendo las comunas de la regi\u00f3n de Ays\u00e9n"},"content":{"rendered":"<div class=\"flex_column av_one_full  flex_column_div av-zero-column-padding first  avia-builder-el-0  el_before_av_one_full  avia-builder-el-first  \" style='border-radius:0px; '><div  class='avia-image-container  av-styling-    avia-builder-el-1  avia-builder-el-no-sibling  avia-align-center '  itemprop=\"image\" itemscope=\"itemscope\" itemtype=\"https:\/\/schema.org\/ImageObject\"  ><div class='avia-image-container-inner'><div class='avia-image-overlay-wrap'><img decoding=\"async\" class='wp-image-29502 avia-img-lazy-loading-not-29502 avia_image' src=\"https:\/\/radiorevelacionfm.cl\/wp-content\/uploads\/2023\/03\/ronda-pediatrica-2-1-1.jpg\" alt='' title='ronda pediatrica 2 (1) (1)' height=\"600\" width=\"1060\"  itemprop=\"thumbnailUrl\" srcset=\"https:\/\/radiorevelacionfm.cl\/wp-content\/uploads\/2023\/03\/ronda-pediatrica-2-1-1.jpg 1060w, https:\/\/radiorevelacionfm.cl\/wp-content\/uploads\/2023\/03\/ronda-pediatrica-2-1-1-300x170.jpg 300w, https:\/\/radiorevelacionfm.cl\/wp-content\/uploads\/2023\/03\/ronda-pediatrica-2-1-1-1030x583.jpg 1030w, https:\/\/radiorevelacionfm.cl\/wp-content\/uploads\/2023\/03\/ronda-pediatrica-2-1-1-768x435.jpg 768w, https:\/\/radiorevelacionfm.cl\/wp-content\/uploads\/2023\/03\/ronda-pediatrica-2-1-1-705x399.jpg 705w, https:\/\/radiorevelacionfm.cl\/wp-content\/uploads\/2023\/03\/ronda-pediatrica-2-1-1-450x255.jpg 450w, https:\/\/radiorevelacionfm.cl\/wp-content\/uploads\/2023\/03\/ronda-pediatrica-2-1-1-600x340.jpg 600w\" sizes=\"(max-width: 1060px) 100vw, 1060px\" \/><\/div><\/div><\/div><\/div><div class=\"flex_column av_one_full  flex_column_div av-zero-column-padding first  avia-builder-el-2  el_after_av_one_full  el_before_av_one_full  column-top-margin\" style='border-radius:0px; '><section class=\"av_textblock_section \"  itemscope=\"itemscope\" itemtype=\"https:\/\/schema.org\/BlogPosting\" itemprop=\"blogPost\" ><div class='avia_textblock  '   itemprop=\"text\" ><p style=\"text-align: center;\"><span style=\"font-size: 18pt;\"><b>Un a\u00f1o cumple la Ronda Pedi\u00e1trica recorriendo las comunas de la regi\u00f3n de Ays\u00e9n<\/b><\/span><\/p>\n<div id=\"gtx-trans\" style=\"position: absolute; left: -50px; top: 4.31534px;\">\n<div class=\"gtx-trans-icon\"><\/div>\n<\/div>\n<\/div><\/section><\/div><div class=\"flex_column av_one_full  flex_column_div av-zero-column-padding first  avia-builder-el-4  el_after_av_one_full  el_before_av_hr  column-top-margin\" style='border-radius:0px; '><section class=\"av_textblock_section \"  itemscope=\"itemscope\" itemtype=\"https:\/\/schema.org\/BlogPosting\" itemprop=\"blogPost\" ><div class='avia_textblock  '   itemprop=\"text\" ><p class=\"v1MsoNormal\" style=\"text-align: justify;\">Uno de los principales objetivos en materia de Salud en la regi\u00f3n de Ays\u00e9n es mejorar el acceso y la oportunidad de las atenciones m\u00e9dicas. Una tarea muchas veces compleja debido a las distancias y las dificultades de las personas para trasladarse hasta Coyhaique o Puerto Ays\u00e9n, donde se ubican los centros de mayor complejidad de la Red Asistencial.<\/p>\n<p class=\"v1MsoNormal\" style=\"text-align: justify;\">Si bien los esfuerzos del MOP por mejorar las condiciones de conectividad est\u00e1n dando frutos, a\u00fan es complejo para padres y madres acceder a controles con especialistas.<\/p>\n<p class=\"v1MsoNormal\" style=\"text-align: justify;\">\u00abNuestros hijos tienen condiciones de salud complejas y sumarle el tema de conectividad, se nos dificulta mucho m\u00e1s. Mi hija tiene s\u00edndrome de West, que es un diagn\u00f3stico bastante complejo\u00bb, explic\u00f3 Estela Barrera Mu\u00f1oz desde Chile Chico.<\/p>\n<p class=\"v1MsoNormal\" style=\"text-align: justify;\">La hija de Estela, Javiera, es una de los cientos de ni\u00f1os y ni\u00f1as que el Doctor Alfredo \u00c1lvarez \u00c1lvarez, Pediatra del Hospital de Puerto Ays\u00e9n, ha atendido en las rondas que ha realizado durante un a\u00f1o por las distintas comunas de la regi\u00f3n de Ays\u00e9n.<\/p>\n<p class=\"v1MsoNormal\" style=\"text-align: justify;\">\u00abEsto para mi ha sido maravilloso, tener un especialista ac\u00e1 en Chile Chico. Que el especialista se traslade hacia donde viven los pacientes creo que es algo que pocas veces se puede ver, estamos felices porque nos ha facilitado bastante la vida, nos ahorramos un viaje a Coyhaique, no tengo que faltar a mi trabajo, es bueno desde todo punto de vista\u00bb, agreg\u00f3 Estela Barrera, mam\u00e1 de Javiera.<\/p>\n<p class=\"v1MsoNormal\" style=\"text-align: justify;\">La idea de planificar esta Ronda de Pediatr\u00eda surgi\u00f3 tras constatar que muchos ni\u00f1os, ni\u00f1as y adolescentes con patolog\u00edas de base no estaban con sus controles al d\u00eda producto de la pandemia.<\/p>\n<p class=\"v1MsoNormal\" style=\"text-align: justify;\">\u00abHab\u00eda muchos pacientes que por la distancia o por condiciones socioecon\u00f3micas no pod\u00edan viajar a Coyhaique para sus controles, entonces decidimos planificar rondas estructuradas, cada seis meses, para que los pacientes sepan que vamos a regresar y as\u00ed retomar los controles de patolog\u00edas que requieren seguimiento, pero no un traslado para su resoluci\u00f3n\u00bb, se\u00f1al\u00f3 el Doctor Alfredo \u00c1lvarez.<\/p>\n<p class=\"v1MsoNormal\" style=\"text-align: justify;\">La Ronda Pedi\u00e1trica ha permitido atender a pacientes en Melinka, La Junta, Cisnes, Ib\u00e1\u00f1ez, Puerto Tranquilo, Chile Chico, Cochrane, Tortel y por primera vez, Villa O&#8217;higgins.<\/p>\n<p class=\"v1MsoNormal\" style=\"text-align: justify;\">\u00abHa sido muy bueno para las localidades, adem\u00e1s nos ha permitido levantar las necesidades y hacer un catastro de las patolog\u00edas que est\u00e1n afectando a las ni\u00f1as, ni\u00f1os y adolescentes de la regi\u00f3n, el apoyo de los equipos locales ha sido fundamental\u00bb, agreg\u00f3 el Doctor \u00c1lvarez.<\/p>\n<p class=\"v1MsoNormal\" style=\"text-align: justify;\">El objetivo de este 2023 es poder fortalecer estas Rondas Pedi\u00e1tricas con m\u00e1s profesionales para entregar atenciones integrales de las y los pacientes cr\u00f3nicos.<\/p>\n<p class=\"v1MsoNormal\" style=\"text-align: justify;\">\u00abTenemos el mandato de Gobierno del Presidente Gabriel Boric de llegar y acercar la salud a todos los territorios. Por eso estos operativos encabezados por el Dr. \u00c1lvarez van en esa l\u00ednea. Es un trabajo que tenemos que reforzar, con m\u00e1s especialistas y m\u00e1s prestaciones para mejorar el acceso y la oportunidad de atenci\u00f3n en toda la regi\u00f3n de Ays\u00e9n, sin importar donde las personas vivan\u00bb, concluy\u00f3 Hern\u00e1n Barrientos Hern\u00e1ndez, Subdirector de Gesti\u00f3n Asistencial del Servicio de Salud Ays\u00e9n.<\/p>\n<p class=\"v1MsoNormal\" style=\"text-align: justify;\">La llegada de 44 nuevos especialistas a la regi\u00f3n, anunciada por el Presidente Gabriel Boric y que se comenzar\u00eda a concretar los primeros d\u00edas de abril, podr\u00eda permitir que tal como las Rondas Pedi\u00e1tricas, otras especialidades atiendan las necesidades en salud de la comunidad regional.<\/p>\n<\/div><\/section><\/div><div  style='height:50px' class='hr hr-invisible   avia-builder-el-6  el_after_av_one_full  el_before_av_social_share '><span class='hr-inner ' ><span class='hr-inner-style'><\/span><\/span><\/div><\/p>\n<div  class='av-social-sharing-box  avia-builder-el-7  el_after_av_hr  el_before_av_hr  '><div class='av-share-box'><h5 class='av-share-link-description av-no-toc '>Compartir esta noticia<\/h5><ul class='av-share-box-list noLightbox'><li class='av-share-link av-social-link-facebook' ><a target=\"_blank\" aria-label=\"Compartir en Facebook\" href='https:\/\/www.facebook.com\/sharer.php?u=https:\/\/radiorevelacionfm.cl\/?p=29501&#038;t=Un%20a%C3%B1o%20cumple%20la%20Ronda%20Pedi%C3%A1trica%20recorriendo%20las%20comunas%20de%20la%20regi%C3%B3n%20de%20Ays%C3%A9n' aria-hidden='false' data-av_icon='\ue8f3' data-av_iconfont='entypo-fontello' title='' data-avia-related-tooltip='Compartir en Facebook' rel=\"noopener\"><span class='avia_hidden_link_text'>Compartir en Facebook<\/span><\/a><\/li><li class='av-share-link av-social-link-twitter' ><a target=\"_blank\" aria-label=\"Compartir en Twitter\" href='https:\/\/twitter.com\/share?text=Un%20a%C3%B1o%20cumple%20la%20Ronda%20Pedi%C3%A1trica%20recorriendo%20las%20comunas%20de%20la%20regi%C3%B3n%20de%20Ays%C3%A9n&#038;url=https:\/\/radiorevelacionfm.cl\/?p=29501' aria-hidden='false' data-av_icon='\ue8f1' data-av_iconfont='entypo-fontello' title='' data-avia-related-tooltip='Compartir en Twitter' rel=\"noopener\"><span class='avia_hidden_link_text'>Compartir en Twitter<\/span><\/a><\/li><li class='av-share-link av-social-link-whatsapp' ><a target=\"_blank\" aria-label=\"Compartir en Whatsapp\" href='https:\/\/api.whatsapp.com\/send?text=https:\/\/radiorevelacionfm.cl\/?p=29501' aria-hidden='false' data-av_icon='\uf232' data-av_iconfont='entypo-fontello' title='' data-avia-related-tooltip='Compartir en Whatsapp' rel=\"noopener\"><span class='avia_hidden_link_text'>Compartir en Whatsapp<\/span><\/a><\/li><li class='av-share-link av-social-link-linkedin' ><a target=\"_blank\" aria-label=\"Compartir en LinkedIn\" href='https:\/\/linkedin.com\/shareArticle?mini=true&#038;title=Un%20a%C3%B1o%20cumple%20la%20Ronda%20Pedi%C3%A1trica%20recorriendo%20las%20comunas%20de%20la%20regi%C3%B3n%20de%20Ays%C3%A9n&#038;url=https:\/\/radiorevelacionfm.cl\/?p=29501' aria-hidden='false' data-av_icon='\ue8fc' data-av_iconfont='entypo-fontello' title='' data-avia-related-tooltip='Compartir en LinkedIn' rel=\"noopener\"><span class='avia_hidden_link_text'>Compartir en LinkedIn<\/span><\/a><\/li><li class='av-share-link av-social-link-mail' ><a  aria-label=\"Compartir por correo\" href='mailto:?subject=Un%20a%C3%B1o%20cumple%20la%20Ronda%20Pedi%C3%A1trica%20recorriendo%20las%20comunas%20de%20la%20regi%C3%B3n%20de%20Ays%C3%A9n&#038;body=https:\/\/radiorevelacionfm.cl\/?p=29501' aria-hidden='false' data-av_icon='\ue805' data-av_iconfont='entypo-fontello' title='' data-avia-related-tooltip='Compartir por correo'><span class='avia_hidden_link_text'>Compartir por correo<\/span><\/a><\/li><\/ul><\/div><\/div>\n<div  style='height:50px' class='hr hr-invisible   avia-builder-el-8  el_after_av_social_share  el_before_av_comments_list '><span class='hr-inner ' ><span class='hr-inner-style'><\/span><\/span><\/div>\n<div  class='av-buildercomment  av-blog-meta-html-info-disabled av-blog-meta-tag-disabled  '><\/div>\n","protected":false},"excerpt":{"rendered":"","protected":false},"author":1,"featured_media":29502,"comment_status":"open","ping_status":"open","sticky":false,"template":"","format":"standard","meta":{"footnotes":""},"categories":[46],"tags":[],"class_list":["post-29501","post","type-post","status-publish","format-standard","has-post-thumbnail","hentry","category-salud"],"jetpack_featured_media_url":"https:\/\/radiorevelacionfm.cl\/wp-content\/uploads\/2023\/03\/ronda-pediatrica-2-1-1.jpg","_links":{"self":[{"href":"https:\/\/radiorevelacionfm.cl\/index.php?rest_route=\/wp\/v2\/posts\/29501","targetHints":{"allow":["GET"]}}],"collection":[{"href":"https:\/\/radiorevelacionfm.cl\/index.php?rest_route=\/wp\/v2\/posts"}],"about":[{"href":"https:\/\/radiorevelacionfm.cl\/index.php?rest_route=\/wp\/v2\/types\/post"}],"author":[{"embeddable":true,"href":"https:\/\/radiorevelacionfm.cl\/index.php?rest_route=\/wp\/v2\/users\/1"}],"replies":[{"embeddable":true,"href":"https:\/\/radiorevelacionfm.cl\/index.php?rest_route=%2Fwp%2Fv2%2Fcomments&post=29501"}],"version-history":[{"count":1,"href":"https:\/\/radiorevelacionfm.cl\/index.php?rest_route=\/wp\/v2\/posts\/29501\/revisions"}],"predecessor-version":[{"id":29503,"href":"https:\/\/radiorevelacionfm.cl\/index.php?rest_route=\/wp\/v2\/posts\/29501\/revisions\/29503"}],"wp:featuredmedia":[{"embeddable":true,"href":"https:\/\/radiorevelacionfm.cl\/index.php?rest_route=\/wp\/v2\/media\/29502"}],"wp:attachment":[{"href":"https:\/\/radiorevelacionfm.cl\/index.php?rest_route=%2Fwp%2Fv2%2Fmedia&parent=29501"}],"wp:term":[{"taxonomy":"category","embeddable":true,"href":"https:\/\/radiorevelacionfm.cl\/index.php?rest_route=%2Fwp%2Fv2%2Fcategories&post=29501"},{"taxonomy":"post_tag","embeddable":true,"href":"https:\/\/radiorevelacionfm.cl\/index.php?rest_route=%2Fwp%2Fv2%2Ftags&post=29501"}],"curies":[{"name":"wp","href":"https:\/\/api.w.org\/{rel}","templated":true}]}}