{"id":29482,"date":"2023-03-29T15:08:53","date_gmt":"2023-03-29T18:08:53","guid":{"rendered":"https:\/\/radiorevelacionfm.cl\/?p=29482"},"modified":"2023-03-29T15:08:53","modified_gmt":"2023-03-29T18:08:53","slug":"destinan-nuevos-recursos-para-mejoras-al-sistema-de-agua-potable-de-islas-huichas","status":"publish","type":"post","link":"https:\/\/radiorevelacionfm.cl\/?p=29482","title":{"rendered":"Destinan nuevos recursos para mejoras al sistema de agua potable de Islas Huichas"},"content":{"rendered":"<div class=\"flex_column av_one_full  flex_column_div av-zero-column-padding first  avia-builder-el-0  el_before_av_one_full  avia-builder-el-first  \" style='border-radius:0px; '><div  class='avia-image-container  av-styling-    avia-builder-el-1  avia-builder-el-no-sibling  avia-align-center '  itemprop=\"image\" itemscope=\"itemscope\" itemtype=\"https:\/\/schema.org\/ImageObject\"  ><div class='avia-image-container-inner'><div class='avia-image-overlay-wrap'><img decoding=\"async\" class='wp-image-29483 avia-img-lazy-loading-not-29483 avia_image' src=\"https:\/\/radiorevelacionfm.cl\/wp-content\/uploads\/2023\/03\/IMG_9766-1-1.jpg\" alt='' title='IMG_9766 (1) (1)' height=\"600\" width=\"900\"  itemprop=\"thumbnailUrl\" srcset=\"https:\/\/radiorevelacionfm.cl\/wp-content\/uploads\/2023\/03\/IMG_9766-1-1.jpg 900w, https:\/\/radiorevelacionfm.cl\/wp-content\/uploads\/2023\/03\/IMG_9766-1-1-300x200.jpg 300w, https:\/\/radiorevelacionfm.cl\/wp-content\/uploads\/2023\/03\/IMG_9766-1-1-768x512.jpg 768w, https:\/\/radiorevelacionfm.cl\/wp-content\/uploads\/2023\/03\/IMG_9766-1-1-705x470.jpg 705w, https:\/\/radiorevelacionfm.cl\/wp-content\/uploads\/2023\/03\/IMG_9766-1-1-450x300.jpg 450w, https:\/\/radiorevelacionfm.cl\/wp-content\/uploads\/2023\/03\/IMG_9766-1-1-600x400.jpg 600w\" sizes=\"(max-width: 900px) 100vw, 900px\" \/><\/div><\/div><\/div><\/div>\n<div class=\"flex_column av_one_full  flex_column_div av-zero-column-padding first  avia-builder-el-2  el_after_av_one_full  el_before_av_one_full  column-top-margin\" style='border-radius:0px; '><section class=\"av_textblock_section \"  itemscope=\"itemscope\" itemtype=\"https:\/\/schema.org\/BlogPosting\" itemprop=\"blogPost\" ><div class='avia_textblock  '   itemprop=\"text\" ><p style=\"text-align: center;\"><strong><span style=\"font-size: 18pt;\">Destinan nuevos recursos para mejoras al sistema de agua potable de Islas Huichas<\/span><\/strong><\/p>\n<div id=\"gtx-trans\" style=\"position: absolute; left: -50px; top: 4.31534px;\">\n<div class=\"gtx-trans-icon\"><\/div>\n<\/div>\n<\/div><\/section><\/div><div class=\"flex_column av_one_full  flex_column_div av-zero-column-padding first  avia-builder-el-4  el_after_av_one_full  el_before_av_hr  column-top-margin\" style='border-radius:0px; '><section class=\"av_textblock_section \"  itemscope=\"itemscope\" itemtype=\"https:\/\/schema.org\/BlogPosting\" itemprop=\"blogPost\" ><div class='avia_textblock  '   itemprop=\"text\" ><p style=\"text-align: justify;\">La tarde de este martes, el alcalde de Ays\u00e9n, Julio Uribe Alvarado, se reuni\u00f3 en Puerto Aguirre con el jefe de la Unidad Regional de Subdere, Guillermo Mart\u00ednez, para conversar sobre el acuerdo alcanzado por la entidad gubernamental con el Consejo Regional que permitir\u00e1 mejorar la situaci\u00f3n de escasez h\u00eddrica que atraviesa Isla las Huichas durante la \u00e9poca estival.<\/p>\n<p style=\"text-align: justify;\">\u201cNosotros venimos a comunicar a los encargados del Comit\u00e9 de Agua Potable Rural que pudimos conseguir un acuerdo con el Consejo Regional de Ays\u00e9n para que los recursos de Subdere destinados a mejoras en obras sanitarias, puedan ser destinados en su totalidad a la comunidad de Huichas\u201d, indic\u00f3 el jefe de Subdere.<\/p>\n<p style=\"text-align: justify;\">La isla, debido al largo episodio de d\u00e9ficit h\u00eddrico que atraviesa el pa\u00eds, recibe menor cantidad de precipitaciones durante la \u00e9poca estival, lo que ha provocado problemas para mantener la estabilidad de la producci\u00f3n de agua potable en las localidades. \u201cGracias a estos recursos, la comunidad podr\u00e1 hacer mejoras y cumplir poco a poco con el anhelo de poder mantener y mejorar su calidad de agua, asegurando estabilidad en el suministro para que no se produzcan crisis de emergencia h\u00eddrica\u201d, a\u00f1adi\u00f3 Mart\u00ednez.<\/p>\n<p style=\"text-align: justify;\">Al respecto, el alcalde Uribe manifest\u00f3 que \u201ces una deuda hist\u00f3rica que tenemos con la comunidad de no habernos anticipado a esto, por lo que agradecemos los recursos extra que llegan para atender esta situaci\u00f3n que cada a\u00f1o provoca emergencias\u201d, agregando que \u201cde esta forma podemos pensar en dar soluciones definitivas a nuestros vecinos que est\u00e1n tan aislados\u201d.<\/p>\n<p style=\"text-align: justify;\">\u201cTenemos toda la disposici\u00f3n para trabajar en este proyecto y ejecutarlo lo m\u00e1s pronto posible, ya que todos los a\u00f1os, durante la \u00e9poca estival, tenemos problemas con el agua potable en la isla, y estas acciones permitir\u00edan solucionar parte del problema\u201d, indic\u00f3 Uribe, recalcando el compromiso de la Municipalidad de Ays\u00e9n para trabajar en solucionar la situaci\u00f3n h\u00eddrica de los habitantes de Puerto Aguirre, Caleta Andrade y Estero Copa.<\/p>\n<\/div><\/section><\/div><\/p>\n<div  style='height:50px' class='hr hr-invisible   avia-builder-el-6  el_after_av_one_full  el_before_av_social_share '><span class='hr-inner ' ><span class='hr-inner-style'><\/span><\/span><\/div>\n<div  class='av-social-sharing-box  avia-builder-el-7  el_after_av_hr  el_before_av_hr  '><div class='av-share-box'><h5 class='av-share-link-description av-no-toc '>Compartir esta noticia<\/h5><ul class='av-share-box-list noLightbox'><li class='av-share-link av-social-link-facebook' ><a target=\"_blank\" aria-label=\"Compartir en Facebook\" href='https:\/\/www.facebook.com\/sharer.php?u=https:\/\/radiorevelacionfm.cl\/?p=29482&#038;t=Destinan%20nuevos%20recursos%20para%20mejoras%20al%20sistema%20de%20agua%20potable%20de%20Islas%20Huichas' aria-hidden='false' data-av_icon='\ue8f3' data-av_iconfont='entypo-fontello' title='' data-avia-related-tooltip='Compartir en Facebook' rel=\"noopener\"><span class='avia_hidden_link_text'>Compartir en Facebook<\/span><\/a><\/li><li class='av-share-link av-social-link-twitter' ><a target=\"_blank\" aria-label=\"Compartir en Twitter\" href='https:\/\/twitter.com\/share?text=Destinan%20nuevos%20recursos%20para%20mejoras%20al%20sistema%20de%20agua%20potable%20de%20Islas%20Huichas&#038;url=https:\/\/radiorevelacionfm.cl\/?p=29482' aria-hidden='false' data-av_icon='\ue8f1' data-av_iconfont='entypo-fontello' title='' data-avia-related-tooltip='Compartir en Twitter' rel=\"noopener\"><span class='avia_hidden_link_text'>Compartir en Twitter<\/span><\/a><\/li><li class='av-share-link av-social-link-whatsapp' ><a target=\"_blank\" aria-label=\"Compartir en Whatsapp\" href='https:\/\/api.whatsapp.com\/send?text=https:\/\/radiorevelacionfm.cl\/?p=29482' aria-hidden='false' data-av_icon='\uf232' data-av_iconfont='entypo-fontello' title='' data-avia-related-tooltip='Compartir en Whatsapp' rel=\"noopener\"><span class='avia_hidden_link_text'>Compartir en Whatsapp<\/span><\/a><\/li><li class='av-share-link av-social-link-linkedin' ><a target=\"_blank\" aria-label=\"Compartir en LinkedIn\" href='https:\/\/linkedin.com\/shareArticle?mini=true&#038;title=Destinan%20nuevos%20recursos%20para%20mejoras%20al%20sistema%20de%20agua%20potable%20de%20Islas%20Huichas&#038;url=https:\/\/radiorevelacionfm.cl\/?p=29482' aria-hidden='false' data-av_icon='\ue8fc' data-av_iconfont='entypo-fontello' title='' data-avia-related-tooltip='Compartir en LinkedIn' rel=\"noopener\"><span class='avia_hidden_link_text'>Compartir en LinkedIn<\/span><\/a><\/li><li class='av-share-link av-social-link-mail' ><a  aria-label=\"Compartir por correo\" href='mailto:?subject=Destinan%20nuevos%20recursos%20para%20mejoras%20al%20sistema%20de%20agua%20potable%20de%20Islas%20Huichas&#038;body=https:\/\/radiorevelacionfm.cl\/?p=29482' aria-hidden='false' data-av_icon='\ue805' data-av_iconfont='entypo-fontello' title='' data-avia-related-tooltip='Compartir por correo'><span class='avia_hidden_link_text'>Compartir por correo<\/span><\/a><\/li><\/ul><\/div><\/div>\n<div  style='height:50px' class='hr hr-invisible   avia-builder-el-8  el_after_av_social_share  el_before_av_comments_list '><span class='hr-inner ' ><span class='hr-inner-style'><\/span><\/span><\/div>\n<div  class='av-buildercomment  av-blog-meta-html-info-disabled av-blog-meta-tag-disabled  '><\/div>\n","protected":false},"excerpt":{"rendered":"","protected":false},"author":1,"featured_media":29483,"comment_status":"open","ping_status":"open","sticky":false,"template":"","format":"standard","meta":{"footnotes":""},"categories":[38],"tags":[],"class_list":["post-29482","post","type-post","status-publish","format-standard","has-post-thumbnail","hentry","category-regional"],"jetpack_featured_media_url":"https:\/\/radiorevelacionfm.cl\/wp-content\/uploads\/2023\/03\/IMG_9766-1-1.jpg","_links":{"self":[{"href":"https:\/\/radiorevelacionfm.cl\/index.php?rest_route=\/wp\/v2\/posts\/29482","targetHints":{"allow":["GET"]}}],"collection":[{"href":"https:\/\/radiorevelacionfm.cl\/index.php?rest_route=\/wp\/v2\/posts"}],"about":[{"href":"https:\/\/radiorevelacionfm.cl\/index.php?rest_route=\/wp\/v2\/types\/post"}],"author":[{"embeddable":true,"href":"https:\/\/radiorevelacionfm.cl\/index.php?rest_route=\/wp\/v2\/users\/1"}],"replies":[{"embeddable":true,"href":"https:\/\/radiorevelacionfm.cl\/index.php?rest_route=%2Fwp%2Fv2%2Fcomments&post=29482"}],"version-history":[{"count":2,"href":"https:\/\/radiorevelacionfm.cl\/index.php?rest_route=\/wp\/v2\/posts\/29482\/revisions"}],"predecessor-version":[{"id":29494,"href":"https:\/\/radiorevelacionfm.cl\/index.php?rest_route=\/wp\/v2\/posts\/29482\/revisions\/29494"}],"wp:featuredmedia":[{"embeddable":true,"href":"https:\/\/radiorevelacionfm.cl\/index.php?rest_route=\/wp\/v2\/media\/29483"}],"wp:attachment":[{"href":"https:\/\/radiorevelacionfm.cl\/index.php?rest_route=%2Fwp%2Fv2%2Fmedia&parent=29482"}],"wp:term":[{"taxonomy":"category","embeddable":true,"href":"https:\/\/radiorevelacionfm.cl\/index.php?rest_route=%2Fwp%2Fv2%2Fcategories&post=29482"},{"taxonomy":"post_tag","embeddable":true,"href":"https:\/\/radiorevelacionfm.cl\/index.php?rest_route=%2Fwp%2Fv2%2Ftags&post=29482"}],"curies":[{"name":"wp","href":"https:\/\/api.w.org\/{rel}","templated":true}]}}