{"id":29479,"date":"2023-03-29T10:32:58","date_gmt":"2023-03-29T13:32:58","guid":{"rendered":"https:\/\/radiorevelacionfm.cl\/?p=29479"},"modified":"2023-03-29T10:32:58","modified_gmt":"2023-03-29T13:32:58","slug":"fructifera-jornada-de-trabajo-en-melinka-realizan-consejeros-as-regionales","status":"publish","type":"post","link":"https:\/\/radiorevelacionfm.cl\/?p=29479","title":{"rendered":"Fruct\u00edfera jornada de trabajo en Melinka realizan Consejeros\/as Regionales"},"content":{"rendered":"<div class=\"flex_column av_one_full  flex_column_div av-zero-column-padding first  avia-builder-el-0  el_before_av_one_full  avia-builder-el-first  \" style='border-radius:0px; '><div  class='avia-image-container  av-styling-    avia-builder-el-1  avia-builder-el-no-sibling  avia-align-center '  itemprop=\"image\" itemscope=\"itemscope\" itemtype=\"https:\/\/schema.org\/ImageObject\"  ><div class='avia-image-container-inner'><div class='avia-image-overlay-wrap'><img decoding=\"async\" class='wp-image-29480 avia-img-lazy-loading-not-29480 avia_image' src=\"https:\/\/radiorevelacionfm.cl\/wp-content\/uploads\/2023\/03\/1-melinka-1-1.jpeg\" alt='' title='1 melinka (1) (1)' height=\"600\" width=\"900\"  itemprop=\"thumbnailUrl\" srcset=\"https:\/\/radiorevelacionfm.cl\/wp-content\/uploads\/2023\/03\/1-melinka-1-1.jpeg 900w, https:\/\/radiorevelacionfm.cl\/wp-content\/uploads\/2023\/03\/1-melinka-1-1-300x200.jpeg 300w, https:\/\/radiorevelacionfm.cl\/wp-content\/uploads\/2023\/03\/1-melinka-1-1-768x512.jpeg 768w, https:\/\/radiorevelacionfm.cl\/wp-content\/uploads\/2023\/03\/1-melinka-1-1-705x470.jpeg 705w, https:\/\/radiorevelacionfm.cl\/wp-content\/uploads\/2023\/03\/1-melinka-1-1-450x300.jpeg 450w, https:\/\/radiorevelacionfm.cl\/wp-content\/uploads\/2023\/03\/1-melinka-1-1-600x400.jpeg 600w\" sizes=\"(max-width: 900px) 100vw, 900px\" \/><\/div><\/div><\/div><\/div><div class=\"flex_column av_one_full  flex_column_div av-zero-column-padding first  avia-builder-el-2  el_after_av_one_full  el_before_av_one_full  column-top-margin\" style='border-radius:0px; '><section class=\"av_textblock_section \"  itemscope=\"itemscope\" itemtype=\"https:\/\/schema.org\/BlogPosting\" itemprop=\"blogPost\" ><div class='avia_textblock  '   itemprop=\"text\" ><p style=\"text-align: center;\"><strong><span style=\"font-size: 18pt;\">Fruct\u00edfera jornada de trabajo en Melinka realizan Consejeros\/as Regionales<\/span><\/strong><\/p>\n<div id=\"gtx-trans\" style=\"position: absolute; left: -50px; top: 4.31534px;\">\n<div class=\"gtx-trans-icon\"><\/div>\n<\/div>\n<\/div><\/section><\/div><div class=\"flex_column av_one_full  flex_column_div av-zero-column-padding first  avia-builder-el-4  el_after_av_one_full  el_before_av_hr  column-top-margin\" style='border-radius:0px; '><section class=\"av_textblock_section \"  itemscope=\"itemscope\" itemtype=\"https:\/\/schema.org\/BlogPosting\" itemprop=\"blogPost\" ><div class='avia_textblock  '   itemprop=\"text\" ><p dir=\"ltr\" style=\"text-align: justify;\">En el marco del trabajo en los territorios del Consejo Regional de Ays\u00e9n, seis Consejeros y Consejeras llegaron hasta la localidad de Melinka, en la comuna de Guaitecas, para abordar junto al alcalde, Marcos Silva,\u00a0 tem\u00e1ticas de inter\u00e9s para las vecinas y vecinos.<\/p>\n<p dir=\"ltr\" style=\"text-align: justify;\">\u00abCreo que hace m\u00e1s de trece a\u00f1os que no ten\u00edamos la visita de Consejeras y Consejeros a nuestra comuna. Hoy tuvimos una sesi\u00f3n de Consejo ordinaria, y para nuestro Concejo Municipal tambi\u00e9n es importante la visita de las Consejeras y Consejeros, evidentemente, porque todos buscamos de alguna manera el mismo prop\u00f3sito, el mismo objetivo, m\u00e1s all\u00e1 de las discusiones que se puedan dar, lo que buscamos en el fondo es el bien com\u00fan y c\u00f3mo desarrollamos nuestra comuna\u00bb, manifest\u00f3 el alcalde de la Municipalidad de Guaitecas.<\/p>\n<p dir=\"ltr\" style=\"text-align: justify;\">Dentro de la jornada de trabajo, las Consejeras Paulina Hern\u00e1ndez, Lilian Inostroza, Paola Rodr\u00edguez y Mar\u00eda Loreta Villegas, junto a los Consejeros Jorge Abello y Ra\u00fal Rudolphi, asistieron una sesi\u00f3n ordinaria del Concejo Municipal, donde tuvieron una fruct\u00edfera conversaci\u00f3n con las y los concejales.<\/p>\n<p dir=\"ltr\" style=\"text-align: justify;\">\u00abEl conversar con el alcalde, con los concejales, y tambi\u00e9n la participaci\u00f3n de personas de la comunidad, nos permiti\u00f3 ver cu\u00e1les son sus necesidades en el incremento del subsidio de \u00e1reas verdes, el subsidio en generaci\u00f3n el\u00e9ctrica, las necesidades que tienen en el tema de educaci\u00f3n, de gesti\u00f3n de residuos s\u00f3lidos, caminos, etc. La verdad, es que las necesidades son m\u00faltiples, los recursos son escasos, as\u00ed que, nos vamos con tarea pendiente, y esperamos tener resultados prontamente\u00bb, se\u00f1al\u00f3 la Consejera Regional de la Provincia de Ays\u00e9n, Mar\u00eda Loreta Villegas.<\/p>\n<p dir=\"ltr\" style=\"text-align: justify;\">Durante la jornada las y los Consejeros escucharon a las y los pescadores artesanales en la reuni\u00f3n que realizaron donde algunos plantearon la continuidad de las Zonas Contiguas.<\/p>\n<p dir=\"ltr\" style=\"text-align: justify;\">\u00abNo estaba dentro de nuestra agenda de trabajo, sin embargo, nos dimos el espacio y el tiempo para poder reunirnos con distintos gremios de las distintas actividades productivas, y con una que es muy relevante como la pesca de bent\u00f3nicos ac\u00e1 en Melinka. Nos llevamos la misi\u00f3n y la tarea de trabajo pendiente, que tiene relaci\u00f3n con los recursos que se deber\u00edan bajar a los pescadores\u00bb, acot\u00f3 la Consejera Regional de la Provincia de General Carrera, Paulina Hern\u00e1ndez.<\/p>\n<p dir=\"ltr\" style=\"text-align: justify;\">En la actividad particip\u00f3 la jefa de la Divisi\u00f3n de Fomento e Industria (DIFOI) del Gobierno Regional, Yessica Lagos, donde inform\u00f3 aspectos del Programa de Fomento y Diversificaci\u00f3n de la Pesca Artesanal, que comenzar\u00e1 a implementar el Gobierno Regional.<\/p>\n<p dir=\"ltr\" style=\"text-align: justify;\">\u00abComo Gobierno Regional, desde que se inicia la gesti\u00f3n de la Gobernadora Andrea Mac\u00edas Palma, lo primero que ella pide es elaborar un Programa de Pesca en apoyo a la pesca artesanal, y ese es un programa por 3.100 millones de pesos, que se va a estar ejecutando tambi\u00e9n en esta comuna, que ya hay profesionales para apoyar a todos y a todas a postular\u00bb, coment\u00f3 la jefa de la Divisi\u00f3n de Fomento e Industria del Gobierno Regional, Yessica Lagos.<\/p>\n<p dir=\"ltr\" style=\"text-align: justify;\">Tras las citas con autoridades y con la comunidad, la comitiva del Consejo Regional tambi\u00e9n recorri\u00f3 lugares como, por ejemplo, la Planta El\u00e9ctrica Municipal de Melinka, el Mercadito Guaitequero, el Liceo Municipal de Melinka, y el vertedero municipal, entre otros, para finalizar con una reuni\u00f3n abierta con la comunidad de Guaitecas en el Sal\u00f3n Cultural, donde resolvieron las consultas.<\/p>\n<\/div><\/section><\/div><div  style='height:50px' class='hr hr-invisible   avia-builder-el-6  el_after_av_one_full  el_before_av_social_share '><span class='hr-inner ' ><span class='hr-inner-style'><\/span><\/span><\/div><\/p>\n<div  class='av-social-sharing-box  avia-builder-el-7  el_after_av_hr  el_before_av_hr  '><div class='av-share-box'><h5 class='av-share-link-description av-no-toc '>Compartir esta noticia<\/h5><ul class='av-share-box-list noLightbox'><li class='av-share-link av-social-link-facebook' ><a target=\"_blank\" aria-label=\"Compartir en Facebook\" href='https:\/\/www.facebook.com\/sharer.php?u=https:\/\/radiorevelacionfm.cl\/?p=29479&#038;t=Fruct%C3%ADfera%20jornada%20de%20trabajo%20en%20Melinka%20realizan%20Consejeros%2Fas%20Regionales' aria-hidden='false' data-av_icon='\ue8f3' data-av_iconfont='entypo-fontello' title='' data-avia-related-tooltip='Compartir en Facebook' rel=\"noopener\"><span class='avia_hidden_link_text'>Compartir en Facebook<\/span><\/a><\/li><li class='av-share-link av-social-link-twitter' ><a target=\"_blank\" aria-label=\"Compartir en Twitter\" href='https:\/\/twitter.com\/share?text=Fruct%C3%ADfera%20jornada%20de%20trabajo%20en%20Melinka%20realizan%20Consejeros%2Fas%20Regionales&#038;url=https:\/\/radiorevelacionfm.cl\/?p=29479' aria-hidden='false' data-av_icon='\ue8f1' data-av_iconfont='entypo-fontello' title='' data-avia-related-tooltip='Compartir en Twitter' rel=\"noopener\"><span class='avia_hidden_link_text'>Compartir en Twitter<\/span><\/a><\/li><li class='av-share-link av-social-link-whatsapp' ><a target=\"_blank\" aria-label=\"Compartir en Whatsapp\" href='https:\/\/api.whatsapp.com\/send?text=https:\/\/radiorevelacionfm.cl\/?p=29479' aria-hidden='false' data-av_icon='\uf232' data-av_iconfont='entypo-fontello' title='' data-avia-related-tooltip='Compartir en Whatsapp' rel=\"noopener\"><span class='avia_hidden_link_text'>Compartir en Whatsapp<\/span><\/a><\/li><li class='av-share-link av-social-link-linkedin' ><a target=\"_blank\" aria-label=\"Compartir en LinkedIn\" href='https:\/\/linkedin.com\/shareArticle?mini=true&#038;title=Fruct%C3%ADfera%20jornada%20de%20trabajo%20en%20Melinka%20realizan%20Consejeros%2Fas%20Regionales&#038;url=https:\/\/radiorevelacionfm.cl\/?p=29479' aria-hidden='false' data-av_icon='\ue8fc' data-av_iconfont='entypo-fontello' title='' data-avia-related-tooltip='Compartir en LinkedIn' rel=\"noopener\"><span class='avia_hidden_link_text'>Compartir en LinkedIn<\/span><\/a><\/li><li class='av-share-link av-social-link-mail' ><a  aria-label=\"Compartir por correo\" href='mailto:?subject=Fruct%C3%ADfera%20jornada%20de%20trabajo%20en%20Melinka%20realizan%20Consejeros%2Fas%20Regionales&#038;body=https:\/\/radiorevelacionfm.cl\/?p=29479' aria-hidden='false' data-av_icon='\ue805' data-av_iconfont='entypo-fontello' title='' data-avia-related-tooltip='Compartir por correo'><span class='avia_hidden_link_text'>Compartir por correo<\/span><\/a><\/li><\/ul><\/div><\/div>\n<div  style='height:50px' class='hr hr-invisible   avia-builder-el-8  el_after_av_social_share  el_before_av_comments_list '><span class='hr-inner ' ><span class='hr-inner-style'><\/span><\/span><\/div>\n<div  class='av-buildercomment  av-blog-meta-html-info-disabled av-blog-meta-tag-disabled  '><\/div>\n","protected":false},"excerpt":{"rendered":"","protected":false},"author":1,"featured_media":29480,"comment_status":"open","ping_status":"open","sticky":false,"template":"","format":"standard","meta":{"footnotes":""},"categories":[38],"tags":[],"class_list":["post-29479","post","type-post","status-publish","format-standard","has-post-thumbnail","hentry","category-regional"],"jetpack_featured_media_url":"https:\/\/radiorevelacionfm.cl\/wp-content\/uploads\/2023\/03\/1-melinka-1-1.jpeg","_links":{"self":[{"href":"https:\/\/radiorevelacionfm.cl\/index.php?rest_route=\/wp\/v2\/posts\/29479","targetHints":{"allow":["GET"]}}],"collection":[{"href":"https:\/\/radiorevelacionfm.cl\/index.php?rest_route=\/wp\/v2\/posts"}],"about":[{"href":"https:\/\/radiorevelacionfm.cl\/index.php?rest_route=\/wp\/v2\/types\/post"}],"author":[{"embeddable":true,"href":"https:\/\/radiorevelacionfm.cl\/index.php?rest_route=\/wp\/v2\/users\/1"}],"replies":[{"embeddable":true,"href":"https:\/\/radiorevelacionfm.cl\/index.php?rest_route=%2Fwp%2Fv2%2Fcomments&post=29479"}],"version-history":[{"count":1,"href":"https:\/\/radiorevelacionfm.cl\/index.php?rest_route=\/wp\/v2\/posts\/29479\/revisions"}],"predecessor-version":[{"id":29481,"href":"https:\/\/radiorevelacionfm.cl\/index.php?rest_route=\/wp\/v2\/posts\/29479\/revisions\/29481"}],"wp:featuredmedia":[{"embeddable":true,"href":"https:\/\/radiorevelacionfm.cl\/index.php?rest_route=\/wp\/v2\/media\/29480"}],"wp:attachment":[{"href":"https:\/\/radiorevelacionfm.cl\/index.php?rest_route=%2Fwp%2Fv2%2Fmedia&parent=29479"}],"wp:term":[{"taxonomy":"category","embeddable":true,"href":"https:\/\/radiorevelacionfm.cl\/index.php?rest_route=%2Fwp%2Fv2%2Fcategories&post=29479"},{"taxonomy":"post_tag","embeddable":true,"href":"https:\/\/radiorevelacionfm.cl\/index.php?rest_route=%2Fwp%2Fv2%2Ftags&post=29479"}],"curies":[{"name":"wp","href":"https:\/\/api.w.org\/{rel}","templated":true}]}}