{"id":29472,"date":"2023-03-29T09:52:05","date_gmt":"2023-03-29T12:52:05","guid":{"rendered":"https:\/\/radiorevelacionfm.cl\/?p=29472"},"modified":"2023-03-29T09:52:05","modified_gmt":"2023-03-29T12:52:05","slug":"cchc-por-plan-excepcional-de-caminos-es-incomprensible-que-el-gremio-de-los-constructores-no-haya-sido-convocado-a-la-mesa-publico-privada-que-lo-abordara","status":"publish","type":"post","link":"https:\/\/radiorevelacionfm.cl\/?p=29472","title":{"rendered":"CChC por Plan Excepcional de Caminos: \u00abEs incomprensible que el Gremio de los Constructores no haya sido convocado a la mesa p\u00fablico-privada que lo abordar\u00e1\u00bb"},"content":{"rendered":"<div class=\"flex_column av_one_full  flex_column_div av-zero-column-padding first  avia-builder-el-0  el_before_av_one_full  avia-builder-el-first  \" style='border-radius:0px; '><div  class='avia-image-container  av-styling-    avia-builder-el-1  avia-builder-el-no-sibling  avia-align-center '  itemprop=\"image\" itemscope=\"itemscope\" itemtype=\"https:\/\/schema.org\/ImageObject\"  ><div class='avia-image-container-inner'><div class='avia-image-overlay-wrap'><img decoding=\"async\" class='wp-image-25791 avia-img-lazy-loading-not-25791 avia_image' src=\"https:\/\/radiorevelacionfm.cl\/wp-content\/uploads\/2022\/12\/Alejandra_Alert_CChC-1-1.jpeg\" alt='' title='Alejandra_Alert_CChC (1) (1)' height=\"600\" width=\"796\"  itemprop=\"thumbnailUrl\" srcset=\"https:\/\/radiorevelacionfm.cl\/wp-content\/uploads\/2022\/12\/Alejandra_Alert_CChC-1-1.jpeg 796w, https:\/\/radiorevelacionfm.cl\/wp-content\/uploads\/2022\/12\/Alejandra_Alert_CChC-1-1-300x226.jpeg 300w, https:\/\/radiorevelacionfm.cl\/wp-content\/uploads\/2022\/12\/Alejandra_Alert_CChC-1-1-768x579.jpeg 768w, https:\/\/radiorevelacionfm.cl\/wp-content\/uploads\/2022\/12\/Alejandra_Alert_CChC-1-1-705x531.jpeg 705w, https:\/\/radiorevelacionfm.cl\/wp-content\/uploads\/2022\/12\/Alejandra_Alert_CChC-1-1-600x452.jpeg 600w\" sizes=\"(max-width: 796px) 100vw, 796px\" \/><\/div><\/div><\/div><\/div><div class=\"flex_column av_one_full  flex_column_div av-zero-column-padding first  avia-builder-el-2  el_after_av_one_full  el_before_av_one_full  column-top-margin\" style='border-radius:0px; '><section class=\"av_textblock_section \"  itemscope=\"itemscope\" itemtype=\"https:\/\/schema.org\/BlogPosting\" itemprop=\"blogPost\" ><div class='avia_textblock  '   itemprop=\"text\" ><p style=\"text-align: center;\"><span style=\"font-size: 18pt;\"><b>CChC por Plan Excepcional de Caminos: \u00abEs incomprensible que el Gremio de los Constructores no haya sido convocado a la mesa p\u00fablico-privada que lo abordar\u00e1\u00bb<\/b><\/span><\/p>\n<div id=\"gtx-trans\" style=\"position: absolute; left: -50px; top: 4.31534px;\">\n<div class=\"gtx-trans-icon\"><\/div>\n<\/div>\n<\/div><\/section><\/div><div class=\"flex_column av_one_full  flex_column_div av-zero-column-padding first  avia-builder-el-4  el_after_av_one_full  el_before_av_hr  column-top-margin\" style='border-radius:0px; '><section class=\"av_textblock_section \"  itemscope=\"itemscope\" itemtype=\"https:\/\/schema.org\/BlogPosting\" itemprop=\"blogPost\" ><div class='avia_textblock  '   itemprop=\"text\" ><p class=\"v1MsoNormal\" style=\"text-align: justify;\"><i>Desde el gremio de la construcci\u00f3n, analizan con preocupaci\u00f3n el no haber sido convocados a ser parte de la mesa de trabajo que har\u00e1 seguimiento al estado de avance de las iniciativas que se implementar\u00e1n. Adem\u00e1s, de la tardanza en la bajada informativa, ya que los plazos que podr\u00edan tener las licitaciones, podr\u00edan llevar a ejecutarlas a fin de a\u00f1o o inicios del pr\u00f3ximo.<\/i><\/p>\n<p class=\"v1MsoNormal\" style=\"text-align: justify;\">Tras cumplirse el plazo de dos semanas comprometido por el Ministerio de Obras P\u00fablicas para dar a conocer el detalle del Plan Excepcional de Conservaci\u00f3n de Caminos, desde la C\u00e1mara Chilena de la Construcci\u00f3n sede Coyhaique, llamaron a la autoridad sectorial a actuar de manera consecuente con lo informado y comprometido por las autoridades nacionales, enfatizando que es importante saber qu\u00e9 obras estar\u00e1n consideradas y sus plazos dado que las licitaciones podr\u00edan complejizarse.<\/p>\n<p class=\"v1MsoNormal\" style=\"text-align: justify;\">Al respecto, la presidenta de la C\u00e1mara Chilena de la Construcci\u00f3n sede Coyhaique, Alejandra Alert Rivas, coment\u00f3 que \u00abdurante las visitas de autoridades nacionales como el ex Ministro y el Director Nacional de Vialidad se nos consult\u00f3 si las empresas locales ten\u00edamos la capacidad de abordar las obras que se requer\u00edan, para afrontar la emergencia de la Red Vial, entendi\u00e9ndose que \u00e9ramos socios estrat\u00e9gicos para llevar adelante el Plan\u00bb.<\/p>\n<p class=\"v1MsoNormal\" style=\"text-align: justify;\">\u00abAtendiendo a que esto requiere de una pronta soluci\u00f3n, ya que est\u00e1 siendo un problema que afecta a toda la comunidad regional, se\u00f1alamos que como gremio est\u00e1bamos disponibles para participar y abordar las obras. Por lo tanto, no se entiende qu\u00e9 siendo nuestro gremio, la contraparte operativa para la ejecuci\u00f3n de este Plan de Conservaci\u00f3n de Red Vial, no se nos convoque al trabajo p\u00fablico-privado, quedando la invitaci\u00f3n dirigida a los gremios de Turismo, Comercio y Econom\u00eda, exclusivamente\u00bb, agreg\u00f3.<\/p>\n<p class=\"v1MsoNormal\" style=\"text-align: justify;\">En esa l\u00ednea, enfatiz\u00f3 la dirigente gremial que \u00abla C\u00e1mara Chilena de la Construcci\u00f3n est\u00e1 trabajando permanentemente junto al Ministerio de Obras P\u00fablicas, din\u00e1mica que se repite en varias regiones del pa\u00eds y que en la Regi\u00f3n de Ays\u00e9n pareciera no ser necesaria. Es por lo anterior, que el llamado a la autoridad regional del MOP, es a actuar con prontitud y hacer la bajada efectiva de la informaci\u00f3n de las obras que est\u00e1n consideradas en este decreto de emergencia, cu\u00e1ntos contratos ser\u00e1n, la extensi\u00f3n en tiempo y duraci\u00f3n de estos\u00bb.<\/p>\n<p class=\"v1MsoNormal\" style=\"text-align: justify;\">\u00abGran parte de las empresas regionales de la industria de la construcci\u00f3n, hoy se encuentran sin obras en ejecuci\u00f3n y tienen la capacidad t\u00e9cnica para atender en prontitud los requerimientos de obra vial\u00bb, afirm\u00f3 Alejandra Alert.<\/p>\n<\/div><\/section><\/div><div  style='height:50px' class='hr hr-invisible   avia-builder-el-6  el_after_av_one_full  el_before_av_social_share '><span class='hr-inner ' ><span class='hr-inner-style'><\/span><\/span><\/div><\/p>\n<div  class='av-social-sharing-box  avia-builder-el-7  el_after_av_hr  el_before_av_hr  '><div class='av-share-box'><h5 class='av-share-link-description av-no-toc '>Compartir esta noticia<\/h5><ul class='av-share-box-list noLightbox'><li class='av-share-link av-social-link-facebook' ><a target=\"_blank\" aria-label=\"Compartir en Facebook\" href='https:\/\/www.facebook.com\/sharer.php?u=https:\/\/radiorevelacionfm.cl\/?p=29472&#038;t=CChC%20por%20Plan%20Excepcional%20de%20Caminos%3A%20%C2%ABEs%20incomprensible%20que%20el%20Gremio%20de%20los%20Constructores%20no%20haya%20sido%20convocado%20a%20la%20mesa%20p%C3%BAblico-privada%20que%20lo%20abordar%C3%A1%C2%BB' aria-hidden='false' data-av_icon='\ue8f3' data-av_iconfont='entypo-fontello' title='' data-avia-related-tooltip='Compartir en Facebook' rel=\"noopener\"><span class='avia_hidden_link_text'>Compartir en Facebook<\/span><\/a><\/li><li class='av-share-link av-social-link-twitter' ><a target=\"_blank\" aria-label=\"Compartir en Twitter\" href='https:\/\/twitter.com\/share?text=CChC%20por%20Plan%20Excepcional%20de%20Caminos%3A%20%C2%ABEs%20incomprensible%20que%20el%20Gremio%20de%20los%20Constructores%20no%20haya%20sido%20convocado%20a%20la%20mesa%20p%C3%BAblico-privada%20que%20lo%20abordar%C3%A1%C2%BB&#038;url=https:\/\/radiorevelacionfm.cl\/?p=29472' aria-hidden='false' data-av_icon='\ue8f1' data-av_iconfont='entypo-fontello' title='' data-avia-related-tooltip='Compartir en Twitter' rel=\"noopener\"><span class='avia_hidden_link_text'>Compartir en Twitter<\/span><\/a><\/li><li class='av-share-link av-social-link-whatsapp' ><a target=\"_blank\" aria-label=\"Compartir en Whatsapp\" href='https:\/\/api.whatsapp.com\/send?text=https:\/\/radiorevelacionfm.cl\/?p=29472' aria-hidden='false' data-av_icon='\uf232' data-av_iconfont='entypo-fontello' title='' data-avia-related-tooltip='Compartir en Whatsapp' rel=\"noopener\"><span class='avia_hidden_link_text'>Compartir en Whatsapp<\/span><\/a><\/li><li class='av-share-link av-social-link-linkedin' ><a target=\"_blank\" aria-label=\"Compartir en LinkedIn\" href='https:\/\/linkedin.com\/shareArticle?mini=true&#038;title=CChC%20por%20Plan%20Excepcional%20de%20Caminos%3A%20%C2%ABEs%20incomprensible%20que%20el%20Gremio%20de%20los%20Constructores%20no%20haya%20sido%20convocado%20a%20la%20mesa%20p%C3%BAblico-privada%20que%20lo%20abordar%C3%A1%C2%BB&#038;url=https:\/\/radiorevelacionfm.cl\/?p=29472' aria-hidden='false' data-av_icon='\ue8fc' data-av_iconfont='entypo-fontello' title='' data-avia-related-tooltip='Compartir en LinkedIn' rel=\"noopener\"><span class='avia_hidden_link_text'>Compartir en LinkedIn<\/span><\/a><\/li><li class='av-share-link av-social-link-mail' ><a  aria-label=\"Compartir por correo\" href='mailto:?subject=CChC%20por%20Plan%20Excepcional%20de%20Caminos%3A%20%C2%ABEs%20incomprensible%20que%20el%20Gremio%20de%20los%20Constructores%20no%20haya%20sido%20convocado%20a%20la%20mesa%20p%C3%BAblico-privada%20que%20lo%20abordar%C3%A1%C2%BB&#038;body=https:\/\/radiorevelacionfm.cl\/?p=29472' aria-hidden='false' data-av_icon='\ue805' data-av_iconfont='entypo-fontello' title='' data-avia-related-tooltip='Compartir por correo'><span class='avia_hidden_link_text'>Compartir por correo<\/span><\/a><\/li><\/ul><\/div><\/div>\n<div  style='height:50px' class='hr hr-invisible   avia-builder-el-8  el_after_av_social_share  el_before_av_comments_list '><span class='hr-inner ' ><span class='hr-inner-style'><\/span><\/span><\/div>\n<div  class='av-buildercomment  av-blog-meta-html-info-disabled av-blog-meta-tag-disabled  '><\/div>\n","protected":false},"excerpt":{"rendered":"","protected":false},"author":1,"featured_media":25791,"comment_status":"open","ping_status":"open","sticky":false,"template":"","format":"standard","meta":{"footnotes":""},"categories":[38],"tags":[],"class_list":["post-29472","post","type-post","status-publish","format-standard","has-post-thumbnail","hentry","category-regional"],"jetpack_featured_media_url":"https:\/\/radiorevelacionfm.cl\/wp-content\/uploads\/2022\/12\/Alejandra_Alert_CChC-1-1.jpeg","_links":{"self":[{"href":"https:\/\/radiorevelacionfm.cl\/index.php?rest_route=\/wp\/v2\/posts\/29472","targetHints":{"allow":["GET"]}}],"collection":[{"href":"https:\/\/radiorevelacionfm.cl\/index.php?rest_route=\/wp\/v2\/posts"}],"about":[{"href":"https:\/\/radiorevelacionfm.cl\/index.php?rest_route=\/wp\/v2\/types\/post"}],"author":[{"embeddable":true,"href":"https:\/\/radiorevelacionfm.cl\/index.php?rest_route=\/wp\/v2\/users\/1"}],"replies":[{"embeddable":true,"href":"https:\/\/radiorevelacionfm.cl\/index.php?rest_route=%2Fwp%2Fv2%2Fcomments&post=29472"}],"version-history":[{"count":1,"href":"https:\/\/radiorevelacionfm.cl\/index.php?rest_route=\/wp\/v2\/posts\/29472\/revisions"}],"predecessor-version":[{"id":29473,"href":"https:\/\/radiorevelacionfm.cl\/index.php?rest_route=\/wp\/v2\/posts\/29472\/revisions\/29473"}],"wp:featuredmedia":[{"embeddable":true,"href":"https:\/\/radiorevelacionfm.cl\/index.php?rest_route=\/wp\/v2\/media\/25791"}],"wp:attachment":[{"href":"https:\/\/radiorevelacionfm.cl\/index.php?rest_route=%2Fwp%2Fv2%2Fmedia&parent=29472"}],"wp:term":[{"taxonomy":"category","embeddable":true,"href":"https:\/\/radiorevelacionfm.cl\/index.php?rest_route=%2Fwp%2Fv2%2Fcategories&post=29472"},{"taxonomy":"post_tag","embeddable":true,"href":"https:\/\/radiorevelacionfm.cl\/index.php?rest_route=%2Fwp%2Fv2%2Ftags&post=29472"}],"curies":[{"name":"wp","href":"https:\/\/api.w.org\/{rel}","templated":true}]}}