{"id":29469,"date":"2023-03-29T09:56:39","date_gmt":"2023-03-29T12:56:39","guid":{"rendered":"https:\/\/radiorevelacionfm.cl\/?p=29469"},"modified":"2023-03-29T09:56:39","modified_gmt":"2023-03-29T12:56:39","slug":"invitan-a-postular-al-fondo-concursable-para-vivir-mejor","status":"publish","type":"post","link":"https:\/\/radiorevelacionfm.cl\/?p=29469","title":{"rendered":"Invitan a postular al \u201cFondo Concursable Para Vivir Mejor\u201d"},"content":{"rendered":"<div class=\"flex_column av_one_full  flex_column_div av-zero-column-padding first  avia-builder-el-0  el_before_av_one_full  avia-builder-el-first  \" style='border-radius:0px; '><div  class='avia-image-container  av-styling-    avia-builder-el-1  avia-builder-el-no-sibling  avia-align-center '  itemprop=\"image\" itemscope=\"itemscope\" itemtype=\"https:\/\/schema.org\/ImageObject\"  ><div class='avia-image-container-inner'><div class='avia-image-overlay-wrap'><img decoding=\"async\" class='wp-image-29470 avia-img-lazy-loading-not-29470 avia_image' src=\"https:\/\/radiorevelacionfm.cl\/wp-content\/uploads\/2023\/03\/fondo-2-1_optimized.jpg\" alt='' title='fondo-2-(1)_optimized' height=\"600\" width=\"1000\"  itemprop=\"thumbnailUrl\" srcset=\"https:\/\/radiorevelacionfm.cl\/wp-content\/uploads\/2023\/03\/fondo-2-1_optimized.jpg 1000w, https:\/\/radiorevelacionfm.cl\/wp-content\/uploads\/2023\/03\/fondo-2-1_optimized-300x180.jpg 300w, https:\/\/radiorevelacionfm.cl\/wp-content\/uploads\/2023\/03\/fondo-2-1_optimized-768x461.jpg 768w, https:\/\/radiorevelacionfm.cl\/wp-content\/uploads\/2023\/03\/fondo-2-1_optimized-705x423.jpg 705w, https:\/\/radiorevelacionfm.cl\/wp-content\/uploads\/2023\/03\/fondo-2-1_optimized-450x270.jpg 450w, https:\/\/radiorevelacionfm.cl\/wp-content\/uploads\/2023\/03\/fondo-2-1_optimized-600x360.jpg 600w\" sizes=\"(max-width: 1000px) 100vw, 1000px\" \/><\/div><\/div><\/div><\/div><div class=\"flex_column av_one_full  flex_column_div av-zero-column-padding first  avia-builder-el-2  el_after_av_one_full  el_before_av_one_full  column-top-margin\" style='border-radius:0px; '><section class=\"av_textblock_section \"  itemscope=\"itemscope\" itemtype=\"https:\/\/schema.org\/BlogPosting\" itemprop=\"blogPost\" ><div class='avia_textblock  '   itemprop=\"text\" ><p style=\"text-align: center;\"><strong><span style=\"font-size: 18pt;\">Invitan a postular al \u201cFondo Concursable Para Vivir Mejor\u201d<\/span><\/strong><\/p>\n<div id=\"gtx-trans\" style=\"position: absolute; left: -50px; top: 4.31534px;\">\n<div class=\"gtx-trans-icon\"><\/div>\n<\/div>\n<\/div><\/section><\/div><div class=\"flex_column av_one_full  flex_column_div av-zero-column-padding first  avia-builder-el-4  el_after_av_one_full  el_before_av_hr  column-top-margin\" style='border-radius:0px; '><section class=\"av_textblock_section \"  itemscope=\"itemscope\" itemtype=\"https:\/\/schema.org\/BlogPosting\" itemprop=\"blogPost\" ><div class='avia_textblock  '   itemprop=\"text\" ><p style=\"text-align: justify;\">El Delegado Presidencial (S) Samuel Navarro junto a la Seremi de Desarrollo Social, Karina Acevedo, y las representantes de la Asociaci\u00f3n para el Desarrollo Paralelo 47, invitaron a las fundaciones, y corporaciones de la regi\u00f3n a postular al Fondo Concursable Para Vivir Mejor. Iniciativa que tiene por objetivo financiar proyectos comprometidos en la superaci\u00f3n de la pobreza y la vulnerabilidad.<\/p>\n<p style=\"text-align: justify;\">Durante la ocasi\u00f3n, el Delegado Presidencial (S) indic\u00f3 que \u201cestamos en marcha para que todas las organizaciones puedan conocer las bases, y puedan conocer\u00a0 la forma de presentar los proyectos, en la misma p\u00e1gina del Ministerio de Desarrollo Social, pueden acceder para obtener el formulario, hay\u00a0 capacitaci\u00f3n en l\u00ednea, y all\u00ed cobra relevancia las invitadas especiales que hoy nos acompa\u00f1an,\u00a0 y que han sido instituciones que tienen un trabajo de forma permanente en la materia; y\u00a0 que pueden dar testimonio de lo beneficioso de esta complementaci\u00f3n p\u00fablico-privada que hacemos a trav\u00e9s de estos fondos. Una cosa es lo que hacemos nosotros como Gobierno, pero otra cosa es que tambi\u00e9n aquellas instituciones que puedan colabora, en atacar la situaci\u00f3n de vulnerabilidad, situaci\u00f3n de pobreza, y la situaci\u00f3n de pobreza que pueda tener la poblaci\u00f3n\u201d.<\/p>\n<p style=\"text-align: justify;\">El Fondo Para Vivir mejor, est\u00e1 dirigido a fundaciones, corporaciones y Universidades P\u00fablicas y Privadas reconocidas por el Estado, y podr\u00e1n tener una ejecuci\u00f3n de 6 a 12 meses con un monto m\u00e1ximo de financiamiento de $20 millones de pesos. Los resultados de los proyectos seleccionados se dar\u00e1n a conocer el 30 de junio.<\/p>\n<p style=\"text-align: justify;\">Uno de los proyectos adjudicados el a\u00f1o 2022, y que a\u00fan se encuentra en desarrollo corresponde a los encuentros intergeneracionales de adolescentes del Liceo de Ma\u00f1ihuales y la agrupaci\u00f3n de Artesanas Ra\u00edces. Seg\u00fan explic\u00f3 Catalina Camus, representante de la Asociaci\u00f3n Paralelo 47, se encuentran bordando un tapiz comunitario. \u201cSon encuentros mensuales, vamos construyendo en conjunto un tapiz comunitario, vamos bordando, son espacios, donde la idea es que puedan conocerse, intercambiar experiencias saberes. Hacer comunidad en Villa Ma\u00f1ihuales, desde el textil, es la invitaci\u00f3n con la que nos encontramos trabajando en la comunidad, y enmarcado en el fondo para vivir mejor, porque impacta en el bienestar de las personas, en la salud mental, el poder generar estos lazos comunitarios, lazos de amistad y colaboraci\u00f3n, entre adolescentes y artesanas\u201d, coment\u00f3.<\/p>\n<p style=\"text-align: justify;\">En tanto, Karina Acevedo, puntualiz\u00f3 que se adjudicar\u00e1n dos proyectos por regi\u00f3n. \u201cEn esta oportunidad especialmente en la regi\u00f3n de Ays\u00e9n, queremos hacer un llamado importante a todas las organizaciones sin fines de lucro y corporaciones a participar. Este fondo va a beneficiar dos de ellas, con un monto m\u00e1ximo de 20 millones de pesos, es un gran n\u00famero para poder trabajar con los grupos vulnerables, en nuestro territorio poder levantar informaci\u00f3n y colaborar desde la sociedad civil a los diferentes grupos m\u00e1s vulnerables de nuestra regi\u00f3n. Para nosotros es importante este llamado hemos constatado en el trabajo que hemos realizado, y el trabajo que han realizado las fundaciones y ONG, en la regi\u00f3n de Ays\u00e9n, ha sido tremendamente importante, nos ha nutrido como Ministerio para poder mejorar la oferta p\u00fablica y poder realizar este trabajo mancomunado entre las organizaciones civiles y el Estado\u201d, declar\u00f3 la Seremi.<\/p>\n<\/div><\/section><\/div><div  style='height:50px' class='hr hr-invisible   avia-builder-el-6  el_after_av_one_full  el_before_av_social_share '><span class='hr-inner ' ><span class='hr-inner-style'><\/span><\/span><\/div><\/p>\n<div  class='av-social-sharing-box  avia-builder-el-7  el_after_av_hr  el_before_av_hr  '><div class='av-share-box'><h5 class='av-share-link-description av-no-toc '>Compartir esta noticia<\/h5><ul class='av-share-box-list noLightbox'><li class='av-share-link av-social-link-facebook' ><a target=\"_blank\" aria-label=\"Compartir en Facebook\" href='https:\/\/www.facebook.com\/sharer.php?u=https:\/\/radiorevelacionfm.cl\/?p=29469&#038;t=Invitan%20a%20postular%20al%20%E2%80%9CFondo%20Concursable%20Para%20Vivir%20Mejor%E2%80%9D' aria-hidden='false' data-av_icon='\ue8f3' data-av_iconfont='entypo-fontello' title='' data-avia-related-tooltip='Compartir en Facebook' rel=\"noopener\"><span class='avia_hidden_link_text'>Compartir en Facebook<\/span><\/a><\/li><li class='av-share-link av-social-link-twitter' ><a target=\"_blank\" aria-label=\"Compartir en Twitter\" href='https:\/\/twitter.com\/share?text=Invitan%20a%20postular%20al%20%E2%80%9CFondo%20Concursable%20Para%20Vivir%20Mejor%E2%80%9D&#038;url=https:\/\/radiorevelacionfm.cl\/?p=29469' aria-hidden='false' data-av_icon='\ue8f1' data-av_iconfont='entypo-fontello' title='' data-avia-related-tooltip='Compartir en Twitter' rel=\"noopener\"><span class='avia_hidden_link_text'>Compartir en Twitter<\/span><\/a><\/li><li class='av-share-link av-social-link-whatsapp' ><a target=\"_blank\" aria-label=\"Compartir en Whatsapp\" href='https:\/\/api.whatsapp.com\/send?text=https:\/\/radiorevelacionfm.cl\/?p=29469' aria-hidden='false' data-av_icon='\uf232' data-av_iconfont='entypo-fontello' title='' data-avia-related-tooltip='Compartir en Whatsapp' rel=\"noopener\"><span class='avia_hidden_link_text'>Compartir en Whatsapp<\/span><\/a><\/li><li class='av-share-link av-social-link-linkedin' ><a target=\"_blank\" aria-label=\"Compartir en LinkedIn\" href='https:\/\/linkedin.com\/shareArticle?mini=true&#038;title=Invitan%20a%20postular%20al%20%E2%80%9CFondo%20Concursable%20Para%20Vivir%20Mejor%E2%80%9D&#038;url=https:\/\/radiorevelacionfm.cl\/?p=29469' aria-hidden='false' data-av_icon='\ue8fc' data-av_iconfont='entypo-fontello' title='' data-avia-related-tooltip='Compartir en LinkedIn' rel=\"noopener\"><span class='avia_hidden_link_text'>Compartir en LinkedIn<\/span><\/a><\/li><li class='av-share-link av-social-link-mail' ><a  aria-label=\"Compartir por correo\" href='mailto:?subject=Invitan%20a%20postular%20al%20%E2%80%9CFondo%20Concursable%20Para%20Vivir%20Mejor%E2%80%9D&#038;body=https:\/\/radiorevelacionfm.cl\/?p=29469' aria-hidden='false' data-av_icon='\ue805' data-av_iconfont='entypo-fontello' title='' data-avia-related-tooltip='Compartir por correo'><span class='avia_hidden_link_text'>Compartir por correo<\/span><\/a><\/li><\/ul><\/div><\/div>\n<div  style='height:50px' class='hr hr-invisible   avia-builder-el-8  el_after_av_social_share  el_before_av_comments_list '><span class='hr-inner ' ><span class='hr-inner-style'><\/span><\/span><\/div>\n<div  class='av-buildercomment  av-blog-meta-html-info-disabled av-blog-meta-tag-disabled  '><\/div>\n","protected":false},"excerpt":{"rendered":"","protected":false},"author":1,"featured_media":29470,"comment_status":"open","ping_status":"open","sticky":false,"template":"","format":"standard","meta":{"footnotes":""},"categories":[38],"tags":[],"class_list":["post-29469","post","type-post","status-publish","format-standard","has-post-thumbnail","hentry","category-regional"],"jetpack_featured_media_url":"https:\/\/radiorevelacionfm.cl\/wp-content\/uploads\/2023\/03\/fondo-2-1_optimized.jpg","_links":{"self":[{"href":"https:\/\/radiorevelacionfm.cl\/index.php?rest_route=\/wp\/v2\/posts\/29469","targetHints":{"allow":["GET"]}}],"collection":[{"href":"https:\/\/radiorevelacionfm.cl\/index.php?rest_route=\/wp\/v2\/posts"}],"about":[{"href":"https:\/\/radiorevelacionfm.cl\/index.php?rest_route=\/wp\/v2\/types\/post"}],"author":[{"embeddable":true,"href":"https:\/\/radiorevelacionfm.cl\/index.php?rest_route=\/wp\/v2\/users\/1"}],"replies":[{"embeddable":true,"href":"https:\/\/radiorevelacionfm.cl\/index.php?rest_route=%2Fwp%2Fv2%2Fcomments&post=29469"}],"version-history":[{"count":1,"href":"https:\/\/radiorevelacionfm.cl\/index.php?rest_route=\/wp\/v2\/posts\/29469\/revisions"}],"predecessor-version":[{"id":29471,"href":"https:\/\/radiorevelacionfm.cl\/index.php?rest_route=\/wp\/v2\/posts\/29469\/revisions\/29471"}],"wp:featuredmedia":[{"embeddable":true,"href":"https:\/\/radiorevelacionfm.cl\/index.php?rest_route=\/wp\/v2\/media\/29470"}],"wp:attachment":[{"href":"https:\/\/radiorevelacionfm.cl\/index.php?rest_route=%2Fwp%2Fv2%2Fmedia&parent=29469"}],"wp:term":[{"taxonomy":"category","embeddable":true,"href":"https:\/\/radiorevelacionfm.cl\/index.php?rest_route=%2Fwp%2Fv2%2Fcategories&post=29469"},{"taxonomy":"post_tag","embeddable":true,"href":"https:\/\/radiorevelacionfm.cl\/index.php?rest_route=%2Fwp%2Fv2%2Ftags&post=29469"}],"curies":[{"name":"wp","href":"https:\/\/api.w.org\/{rel}","templated":true}]}}