{"id":29457,"date":"2023-03-29T14:49:51","date_gmt":"2023-03-29T17:49:51","guid":{"rendered":"https:\/\/radiorevelacionfm.cl\/?p=29457"},"modified":"2023-03-29T14:49:51","modified_gmt":"2023-03-29T17:49:51","slug":"edelaysen-realiza-capacitaciones-en-prevencion-de-riesgos-electricos-a-sus-trabajadores","status":"publish","type":"post","link":"https:\/\/radiorevelacionfm.cl\/?p=29457","title":{"rendered":"Edelaysen realiza capacitaciones en prevenci\u00f3n de riesgos el\u00e9ctricos a sus trabajadores"},"content":{"rendered":"<div class=\"flex_column av_one_full  flex_column_div av-zero-column-padding first  avia-builder-el-0  el_before_av_one_full  avia-builder-el-first  \" style='border-radius:0px; '><div  class='avia-image-container  av-styling-    avia-builder-el-1  avia-builder-el-no-sibling  avia-align-center '  itemprop=\"image\" itemscope=\"itemscope\" itemtype=\"https:\/\/schema.org\/ImageObject\"  ><div class='avia-image-container-inner'><div class='avia-image-overlay-wrap'><img decoding=\"async\" class='wp-image-29458 avia-img-lazy-loading-not-29458 avia_image' src=\"https:\/\/radiorevelacionfm.cl\/wp-content\/uploads\/2023\/03\/laboratorio-movil-2-1-1_optimized-1.jpg\" alt='' title='laboratorio-m\u00f3vil-2-(1)-(1)_optimized (1)' height=\"600\" width=\"1067\"  itemprop=\"thumbnailUrl\" srcset=\"https:\/\/radiorevelacionfm.cl\/wp-content\/uploads\/2023\/03\/laboratorio-movil-2-1-1_optimized-1.jpg 1067w, https:\/\/radiorevelacionfm.cl\/wp-content\/uploads\/2023\/03\/laboratorio-movil-2-1-1_optimized-1-300x169.jpg 300w, https:\/\/radiorevelacionfm.cl\/wp-content\/uploads\/2023\/03\/laboratorio-movil-2-1-1_optimized-1-1030x579.jpg 1030w, https:\/\/radiorevelacionfm.cl\/wp-content\/uploads\/2023\/03\/laboratorio-movil-2-1-1_optimized-1-768x432.jpg 768w, https:\/\/radiorevelacionfm.cl\/wp-content\/uploads\/2023\/03\/laboratorio-movil-2-1-1_optimized-1-705x396.jpg 705w, https:\/\/radiorevelacionfm.cl\/wp-content\/uploads\/2023\/03\/laboratorio-movil-2-1-1_optimized-1-450x253.jpg 450w, https:\/\/radiorevelacionfm.cl\/wp-content\/uploads\/2023\/03\/laboratorio-movil-2-1-1_optimized-1-600x337.jpg 600w\" sizes=\"(max-width: 1067px) 100vw, 1067px\" \/><\/div><\/div><\/div><\/div><div class=\"flex_column av_one_full  flex_column_div av-zero-column-padding first  avia-builder-el-2  el_after_av_one_full  el_before_av_one_full  column-top-margin\" style='border-radius:0px; '><section class=\"av_textblock_section \"  itemscope=\"itemscope\" itemtype=\"https:\/\/schema.org\/BlogPosting\" itemprop=\"blogPost\" ><div class='avia_textblock  '   itemprop=\"text\" ><p style=\"text-align: center;\"><strong><span style=\"font-size: 18pt;\">Edelaysen realiza capacitaciones en prevenci\u00f3n de riesgos el\u00e9ctricos a sus trabajadores<\/span><\/strong><\/p>\n<div id=\"gtx-trans\" style=\"position: absolute; left: -50px; top: 4.31534px;\">\n<div class=\"gtx-trans-icon\"><\/div>\n<\/div>\n<\/div><\/section><\/div><div class=\"flex_column av_one_full  flex_column_div av-zero-column-padding first  avia-builder-el-4  el_after_av_one_full  el_before_av_hr  column-top-margin\" style='border-radius:0px; '><section class=\"av_textblock_section \"  itemscope=\"itemscope\" itemtype=\"https:\/\/schema.org\/BlogPosting\" itemprop=\"blogPost\" ><div class='avia_textblock  '   itemprop=\"text\" ><p style=\"text-align: justify;\">Edelaysen, la empresa el\u00e9ctrica presente en la regi\u00f3n ha implementado un laboratorio m\u00f3vil para capacitar a su personal en la prevenci\u00f3n de riesgos el\u00e9ctricos. El objetivo de las capacitaciones es formar al personal administrativo y a los trabajadores que realizan labores directamente en las l\u00edneas de baja y mediana tensi\u00f3n.<\/p>\n<p style=\"text-align: justify;\">Para lograr este objetivo, la empresa realiz\u00f3 un programa de capacitaci\u00f3n que se enfoca en las pr\u00e1cticas seguras que los linieros deben seguir en su trabajo diario. Ante ello, estos talleres se realizaron en las dependencias de la empresa, donde personal especializado dio a conocer los peligros ante la manipulaci\u00f3n del cableado el\u00e9ctrico y los riesgos cr\u00edticos de electrocuci\u00f3n.<\/p>\n<p style=\"text-align: justify;\">De acuerdo con ello, Luis P\u00e9rez, encargado de prevenci\u00f3n de riesgos de Edelaysen indic\u00f3 \u201cpara nosotros el riesgo de electrocuci\u00f3n es cr\u00edtico, por lo que es fundamental que nuestro personal est\u00e9 capacitado en las pr\u00e1cticas seguras que deben seguir en todo momento. Nuestro objetivo es que, a trav\u00e9s de estas capacitaciones o talleres, nuestro personal pueda identificar los riesgos a los que se exponen y evitar accidentes que puedan poner en riesgo su vida\u201d.<\/p>\n<p style=\"text-align: justify;\">El laboratorio m\u00f3vil de riesgos cr\u00edticos cuenta con tecnolog\u00eda avanzada que permite simular in situ diferentes situaciones de riesgo el\u00e9ctrico para que los linieros puedan identificarlos y aprender las pr\u00e1cticas de seguridad necesarias para prevenir accidentes. Ante ello, la convocatoria tuvo un gran porcentaje de asistencia y un positivo an\u00e1lisis por parte de los colaboradores de la empresa el\u00e9ctrica.<\/p>\n<p style=\"text-align: justify;\">Patricio Raimilla, jefe de Servicio al Cliente mencion\u00f3 que: \u201cNuestro rubro tiene alto grado de exposici\u00f3n al riesgo, y un contacto el\u00e9ctrico puede llegar incluso a terminar con la vida de quien se expone. Por lo anterior, resulta important\u00edsimo el poder sensibilizar y visibilizar un contacto el\u00e9ctrico en un ambiente controlado, tal como es posible hacerlo con este laboratorio \u00fanico en Chile. Este tipo de capacitaciones nos permiten asegurar un trabajo de alto nivel con altos est\u00e1ndares de seguridad por parte de nuestro personal, aportando as\u00ed a entregar cada vez un mejor servicio el\u00e9ctrico, de mayor calidad a toda la comunidad\u201d.<\/p>\n<p style=\"text-align: justify;\">La implementaci\u00f3n del laboratorio m\u00f3vil de riesgos cr\u00edticos de Edelaysen para la capacitaci\u00f3n de su personal en la prevenci\u00f3n de riesgos el\u00e9ctricos es una muestra del compromiso de la empresa con la seguridad de sus trabadores y de la comunidad.<\/p>\n<\/div><\/section><\/div><div  style='height:50px' class='hr hr-invisible   avia-builder-el-6  el_after_av_one_full  el_before_av_social_share '><span class='hr-inner ' ><span class='hr-inner-style'><\/span><\/span><\/div><\/p>\n<div  class='av-social-sharing-box  avia-builder-el-7  el_after_av_hr  el_before_av_hr  '><div class='av-share-box'><h5 class='av-share-link-description av-no-toc '>Compartir esta noticia<\/h5><ul class='av-share-box-list noLightbox'><li class='av-share-link av-social-link-facebook' ><a target=\"_blank\" aria-label=\"Compartir en Facebook\" href='https:\/\/www.facebook.com\/sharer.php?u=https:\/\/radiorevelacionfm.cl\/?p=29457&#038;t=Edelaysen%20realiza%20capacitaciones%20en%20prevenci%C3%B3n%20de%20riesgos%20el%C3%A9ctricos%20a%20sus%20trabajadores' aria-hidden='false' data-av_icon='\ue8f3' data-av_iconfont='entypo-fontello' title='' data-avia-related-tooltip='Compartir en Facebook' rel=\"noopener\"><span class='avia_hidden_link_text'>Compartir en Facebook<\/span><\/a><\/li><li class='av-share-link av-social-link-twitter' ><a target=\"_blank\" aria-label=\"Compartir en Twitter\" href='https:\/\/twitter.com\/share?text=Edelaysen%20realiza%20capacitaciones%20en%20prevenci%C3%B3n%20de%20riesgos%20el%C3%A9ctricos%20a%20sus%20trabajadores&#038;url=https:\/\/radiorevelacionfm.cl\/?p=29457' aria-hidden='false' data-av_icon='\ue8f1' data-av_iconfont='entypo-fontello' title='' data-avia-related-tooltip='Compartir en Twitter' rel=\"noopener\"><span class='avia_hidden_link_text'>Compartir en Twitter<\/span><\/a><\/li><li class='av-share-link av-social-link-whatsapp' ><a target=\"_blank\" aria-label=\"Compartir en Whatsapp\" href='https:\/\/api.whatsapp.com\/send?text=https:\/\/radiorevelacionfm.cl\/?p=29457' aria-hidden='false' data-av_icon='\uf232' data-av_iconfont='entypo-fontello' title='' data-avia-related-tooltip='Compartir en Whatsapp' rel=\"noopener\"><span class='avia_hidden_link_text'>Compartir en Whatsapp<\/span><\/a><\/li><li class='av-share-link av-social-link-linkedin' ><a target=\"_blank\" aria-label=\"Compartir en LinkedIn\" href='https:\/\/linkedin.com\/shareArticle?mini=true&#038;title=Edelaysen%20realiza%20capacitaciones%20en%20prevenci%C3%B3n%20de%20riesgos%20el%C3%A9ctricos%20a%20sus%20trabajadores&#038;url=https:\/\/radiorevelacionfm.cl\/?p=29457' aria-hidden='false' data-av_icon='\ue8fc' data-av_iconfont='entypo-fontello' title='' data-avia-related-tooltip='Compartir en LinkedIn' rel=\"noopener\"><span class='avia_hidden_link_text'>Compartir en LinkedIn<\/span><\/a><\/li><li class='av-share-link av-social-link-mail' ><a  aria-label=\"Compartir por correo\" href='mailto:?subject=Edelaysen%20realiza%20capacitaciones%20en%20prevenci%C3%B3n%20de%20riesgos%20el%C3%A9ctricos%20a%20sus%20trabajadores&#038;body=https:\/\/radiorevelacionfm.cl\/?p=29457' aria-hidden='false' data-av_icon='\ue805' data-av_iconfont='entypo-fontello' title='' data-avia-related-tooltip='Compartir por correo'><span class='avia_hidden_link_text'>Compartir por correo<\/span><\/a><\/li><\/ul><\/div><\/div>\n<div  style='height:50px' class='hr hr-invisible   avia-builder-el-8  el_after_av_social_share  el_before_av_comments_list '><span class='hr-inner ' ><span class='hr-inner-style'><\/span><\/span><\/div>\n<div  class='av-buildercomment  av-blog-meta-html-info-disabled av-blog-meta-tag-disabled  '><\/div>\n","protected":false},"excerpt":{"rendered":"","protected":false},"author":1,"featured_media":29458,"comment_status":"open","ping_status":"open","sticky":false,"template":"","format":"standard","meta":{"footnotes":""},"categories":[38],"tags":[],"class_list":["post-29457","post","type-post","status-publish","format-standard","has-post-thumbnail","hentry","category-regional"],"jetpack_featured_media_url":"https:\/\/radiorevelacionfm.cl\/wp-content\/uploads\/2023\/03\/laboratorio-movil-2-1-1_optimized-1.jpg","_links":{"self":[{"href":"https:\/\/radiorevelacionfm.cl\/index.php?rest_route=\/wp\/v2\/posts\/29457","targetHints":{"allow":["GET"]}}],"collection":[{"href":"https:\/\/radiorevelacionfm.cl\/index.php?rest_route=\/wp\/v2\/posts"}],"about":[{"href":"https:\/\/radiorevelacionfm.cl\/index.php?rest_route=\/wp\/v2\/types\/post"}],"author":[{"embeddable":true,"href":"https:\/\/radiorevelacionfm.cl\/index.php?rest_route=\/wp\/v2\/users\/1"}],"replies":[{"embeddable":true,"href":"https:\/\/radiorevelacionfm.cl\/index.php?rest_route=%2Fwp%2Fv2%2Fcomments&post=29457"}],"version-history":[{"count":1,"href":"https:\/\/radiorevelacionfm.cl\/index.php?rest_route=\/wp\/v2\/posts\/29457\/revisions"}],"predecessor-version":[{"id":29459,"href":"https:\/\/radiorevelacionfm.cl\/index.php?rest_route=\/wp\/v2\/posts\/29457\/revisions\/29459"}],"wp:featuredmedia":[{"embeddable":true,"href":"https:\/\/radiorevelacionfm.cl\/index.php?rest_route=\/wp\/v2\/media\/29458"}],"wp:attachment":[{"href":"https:\/\/radiorevelacionfm.cl\/index.php?rest_route=%2Fwp%2Fv2%2Fmedia&parent=29457"}],"wp:term":[{"taxonomy":"category","embeddable":true,"href":"https:\/\/radiorevelacionfm.cl\/index.php?rest_route=%2Fwp%2Fv2%2Fcategories&post=29457"},{"taxonomy":"post_tag","embeddable":true,"href":"https:\/\/radiorevelacionfm.cl\/index.php?rest_route=%2Fwp%2Fv2%2Ftags&post=29457"}],"curies":[{"name":"wp","href":"https:\/\/api.w.org\/{rel}","templated":true}]}}