{"id":29454,"date":"2023-03-29T12:19:52","date_gmt":"2023-03-29T15:19:52","guid":{"rendered":"https:\/\/radiorevelacionfm.cl\/?p=29454"},"modified":"2023-03-29T12:19:52","modified_gmt":"2023-03-29T15:19:52","slug":"estudiantes-realizan-exposicion-sobre-proceso-creativo-del-proyecto-diario-de-campo-naturista","status":"publish","type":"post","link":"https:\/\/radiorevelacionfm.cl\/?p=29454","title":{"rendered":"Estudiantes realizan exposici\u00f3n sobre proceso creativo del proyecto Diario de Campo Naturista"},"content":{"rendered":"<div class=\"flex_column av_one_full  flex_column_div av-zero-column-padding first  avia-builder-el-0  el_before_av_one_full  avia-builder-el-first  \" style='border-radius:0px; '><div  class='avia-image-container  av-styling-    avia-builder-el-1  avia-builder-el-no-sibling  avia-align-center '  itemprop=\"image\" itemscope=\"itemscope\" itemtype=\"https:\/\/schema.org\/ImageObject\"  ><div class='avia-image-container-inner'><div class='avia-image-overlay-wrap'><img decoding=\"async\" class='wp-image-29455 avia-img-lazy-loading-not-29455 avia_image' src=\"https:\/\/radiorevelacionfm.cl\/wp-content\/uploads\/2023\/03\/img_6379-1_optimized-1.jpg\" alt='' title='img_6379-(1)_optimized (1)' height=\"600\" width=\"1067\"  itemprop=\"thumbnailUrl\" srcset=\"https:\/\/radiorevelacionfm.cl\/wp-content\/uploads\/2023\/03\/img_6379-1_optimized-1.jpg 1067w, https:\/\/radiorevelacionfm.cl\/wp-content\/uploads\/2023\/03\/img_6379-1_optimized-1-300x169.jpg 300w, https:\/\/radiorevelacionfm.cl\/wp-content\/uploads\/2023\/03\/img_6379-1_optimized-1-1030x579.jpg 1030w, https:\/\/radiorevelacionfm.cl\/wp-content\/uploads\/2023\/03\/img_6379-1_optimized-1-768x432.jpg 768w, https:\/\/radiorevelacionfm.cl\/wp-content\/uploads\/2023\/03\/img_6379-1_optimized-1-705x396.jpg 705w, https:\/\/radiorevelacionfm.cl\/wp-content\/uploads\/2023\/03\/img_6379-1_optimized-1-450x253.jpg 450w, https:\/\/radiorevelacionfm.cl\/wp-content\/uploads\/2023\/03\/img_6379-1_optimized-1-600x337.jpg 600w\" sizes=\"(max-width: 1067px) 100vw, 1067px\" \/><\/div><\/div><\/div><\/div><div class=\"flex_column av_one_full  flex_column_div av-zero-column-padding first  avia-builder-el-2  el_after_av_one_full  el_before_av_one_full  column-top-margin\" style='border-radius:0px; '><section class=\"av_textblock_section \"  itemscope=\"itemscope\" itemtype=\"https:\/\/schema.org\/BlogPosting\" itemprop=\"blogPost\" ><div class='avia_textblock  '   itemprop=\"text\" ><p style=\"text-align: center;\"><span style=\"font-size: 18pt;\"><strong>Estudiantes realizan exposici\u00f3n sobre proceso creativo del proyecto Diario de Campo Naturista<\/strong><\/span><\/p>\n<div id=\"gtx-trans\" style=\"position: absolute; left: -50px; top: 4.31534px;\">\n<div class=\"gtx-trans-icon\"><\/div>\n<\/div>\n<\/div><\/section><\/div><div class=\"flex_column av_one_full  flex_column_div av-zero-column-padding first  avia-builder-el-4  el_after_av_one_full  el_before_av_hr  column-top-margin\" style='border-radius:0px; '><section class=\"av_textblock_section \"  itemscope=\"itemscope\" itemtype=\"https:\/\/schema.org\/BlogPosting\" itemprop=\"blogPost\" ><div class='avia_textblock  '   itemprop=\"text\" ><p style=\"text-align: justify;\">En el marco de los Proyectos de Innovaci\u00f3n en Docencia Universitaria de la Universidad Austral de Chile (PIDU UACh), se realiz\u00f3 la muestra de la iniciativa denominada \u201cDiarios de campo naturalistas para fomentar la observaci\u00f3n en ecolog\u00eda\u201d, la que tuvo como principales protagonistas a estudiantes de Bachillerato en Ciencias y Recursos Naturales del Campus Patagonia.<\/p>\n<p style=\"text-align: justify;\">Esta propuesta fue liderada por la docente M\u00f3nica Mora, quien involucr\u00f3 la participaci\u00f3n de las y los estudiantes en la fabricaci\u00f3n de material did\u00e1ctico para fomentar la observaci\u00f3n de la naturaleza, la curiosidad a trav\u00e9s del planteamiento de preguntas ecol\u00f3gicas y la capacidad de investigar para dar respuestas a las interrogantes.<\/p>\n<p style=\"text-align: justify;\">\u201cLo que principalmente me moviliz\u00f3 para realizar esta iniciativa fue la b\u00fasqueda de nuevas metodolog\u00edas que faciliten el aprendizaje, como por ejemplo el aprendizaje de la ecolog\u00eda, de conceptos ecol\u00f3gicos y c\u00f3mo a trav\u00e9s de la utilizaci\u00f3n de ciertas herramientas pedag\u00f3gicas podemos lograr que los estudiantes hagan ciertas distinciones acerca de la naturaleza\u201d, destac\u00f3 la docente de la asignatura Ecolog\u00eda y Conservaci\u00f3n, M\u00f3nica Mora.<\/p>\n<p style=\"text-align: justify;\">Los diarios de campo permiten mejorar los procesos cognitivos al sintetizar y mantener registro de las observaciones in situ del mundo natural, y a su vez, pueden conjugar el arte y la ciencia para registrar y buscar verdades y fen\u00f3menos ecol\u00f3gicos, que muchas veces pasan desapercibidos al ser tan peque\u00f1os, pero que a trav\u00e9s de su observaci\u00f3n y registro propician una visi\u00f3n m\u00e1s profunda y se permite la capacidad de entender lo esencial que son los peque\u00f1os microorganismos para la sobrevivencia.<\/p>\n<p style=\"text-align: justify;\">Las y los estudiantes, durante el segundo semestre del a\u00f1o pasado, realizaron distintas salidas a terreno en ambientes naturales donde tambi\u00e9n, plasmaron sus observaciones en anotaciones e ilustraciones naturistas, trabajo que fue liderado por la profesora Cristina Coliboro. Adem\u00e1s, particip\u00f3 Wara Marcelo, especialista en metodolog\u00eda indagatoria, quien realiz\u00f3 los talleres para el desarrollo de la habilidad de observaci\u00f3n a trav\u00e9s de diversos ejercicios pr\u00e1cticos.<\/p>\n<p style=\"text-align: justify;\">Por su parte, la estudiante Tamara Brice\u00f1o, quien curs\u00f3 el programa de Bachillerato en Ciencias y Recursos Naturales y ahora forma parte de la carrera de Ingenier\u00eda en Conservaci\u00f3n de Recursos Naturales en el Campus Isla Teja de la UACh en Valdivia, form\u00f3 parte de este proyecto donde se innov\u00f3 en los aprendizajes en las aulas de clases, destacando que \u201cfue un proyecto muy interesante, fue muy innovador porque tuvimos la oportunidad de poder plasmar las cosas que observamos en las reservas y el parque. Adem\u00e1s, observamos muchas cosas que no suelen verse con tanta facilidad, como por ejemplo la interacci\u00f3n entre fauna y flora; donde sacamos fotos y tener que pintarlo, fue algo muy bonito\u201d.<\/p>\n<p style=\"text-align: justify;\">Esta muestra se extender\u00e1 durante toda la semana en el Pabell\u00f3n Cient\u00edfico del Campus Patagonia, ubicado camino a Coyhaique Alto Km.4. donde se espera que la comunidad universitaria y regional, vean y analicen el trabajo de las y los estudiantes como did\u00e1ctica innovadora en el aprendizaje de la ecolog\u00eda y la conservaci\u00f3n.<\/p>\n<\/div><\/section><\/div><div  style='height:50px' class='hr hr-invisible   avia-builder-el-6  el_after_av_one_full  el_before_av_social_share '><span class='hr-inner ' ><span class='hr-inner-style'><\/span><\/span><\/div><\/p>\n<div  class='av-social-sharing-box  avia-builder-el-7  el_after_av_hr  el_before_av_hr  '><div class='av-share-box'><h5 class='av-share-link-description av-no-toc '>Compartir esta noticia<\/h5><ul class='av-share-box-list noLightbox'><li class='av-share-link av-social-link-facebook' ><a target=\"_blank\" aria-label=\"Compartir en Facebook\" href='https:\/\/www.facebook.com\/sharer.php?u=https:\/\/radiorevelacionfm.cl\/?p=29454&#038;t=Estudiantes%20realizan%20exposici%C3%B3n%20sobre%20proceso%20creativo%20del%20proyecto%20Diario%20de%20Campo%20Naturista' aria-hidden='false' data-av_icon='\ue8f3' data-av_iconfont='entypo-fontello' title='' data-avia-related-tooltip='Compartir en Facebook' rel=\"noopener\"><span class='avia_hidden_link_text'>Compartir en Facebook<\/span><\/a><\/li><li class='av-share-link av-social-link-twitter' ><a target=\"_blank\" aria-label=\"Compartir en Twitter\" href='https:\/\/twitter.com\/share?text=Estudiantes%20realizan%20exposici%C3%B3n%20sobre%20proceso%20creativo%20del%20proyecto%20Diario%20de%20Campo%20Naturista&#038;url=https:\/\/radiorevelacionfm.cl\/?p=29454' aria-hidden='false' data-av_icon='\ue8f1' data-av_iconfont='entypo-fontello' title='' data-avia-related-tooltip='Compartir en Twitter' rel=\"noopener\"><span class='avia_hidden_link_text'>Compartir en Twitter<\/span><\/a><\/li><li class='av-share-link av-social-link-whatsapp' ><a target=\"_blank\" aria-label=\"Compartir en Whatsapp\" href='https:\/\/api.whatsapp.com\/send?text=https:\/\/radiorevelacionfm.cl\/?p=29454' aria-hidden='false' data-av_icon='\uf232' data-av_iconfont='entypo-fontello' title='' data-avia-related-tooltip='Compartir en Whatsapp' rel=\"noopener\"><span class='avia_hidden_link_text'>Compartir en Whatsapp<\/span><\/a><\/li><li class='av-share-link av-social-link-linkedin' ><a target=\"_blank\" aria-label=\"Compartir en LinkedIn\" href='https:\/\/linkedin.com\/shareArticle?mini=true&#038;title=Estudiantes%20realizan%20exposici%C3%B3n%20sobre%20proceso%20creativo%20del%20proyecto%20Diario%20de%20Campo%20Naturista&#038;url=https:\/\/radiorevelacionfm.cl\/?p=29454' aria-hidden='false' data-av_icon='\ue8fc' data-av_iconfont='entypo-fontello' title='' data-avia-related-tooltip='Compartir en LinkedIn' rel=\"noopener\"><span class='avia_hidden_link_text'>Compartir en LinkedIn<\/span><\/a><\/li><li class='av-share-link av-social-link-mail' ><a  aria-label=\"Compartir por correo\" href='mailto:?subject=Estudiantes%20realizan%20exposici%C3%B3n%20sobre%20proceso%20creativo%20del%20proyecto%20Diario%20de%20Campo%20Naturista&#038;body=https:\/\/radiorevelacionfm.cl\/?p=29454' aria-hidden='false' data-av_icon='\ue805' data-av_iconfont='entypo-fontello' title='' data-avia-related-tooltip='Compartir por correo'><span class='avia_hidden_link_text'>Compartir por correo<\/span><\/a><\/li><\/ul><\/div><\/div>\n<div  style='height:50px' class='hr hr-invisible   avia-builder-el-8  el_after_av_social_share  el_before_av_comments_list '><span class='hr-inner ' ><span class='hr-inner-style'><\/span><\/span><\/div>\n<div  class='av-buildercomment  av-blog-meta-html-info-disabled av-blog-meta-tag-disabled  '><\/div>\n","protected":false},"excerpt":{"rendered":"","protected":false},"author":1,"featured_media":29455,"comment_status":"open","ping_status":"open","sticky":false,"template":"","format":"standard","meta":{"footnotes":""},"categories":[49],"tags":[],"class_list":["post-29454","post","type-post","status-publish","format-standard","has-post-thumbnail","hentry","category-educacion"],"jetpack_featured_media_url":"https:\/\/radiorevelacionfm.cl\/wp-content\/uploads\/2023\/03\/img_6379-1_optimized-1.jpg","_links":{"self":[{"href":"https:\/\/radiorevelacionfm.cl\/index.php?rest_route=\/wp\/v2\/posts\/29454","targetHints":{"allow":["GET"]}}],"collection":[{"href":"https:\/\/radiorevelacionfm.cl\/index.php?rest_route=\/wp\/v2\/posts"}],"about":[{"href":"https:\/\/radiorevelacionfm.cl\/index.php?rest_route=\/wp\/v2\/types\/post"}],"author":[{"embeddable":true,"href":"https:\/\/radiorevelacionfm.cl\/index.php?rest_route=\/wp\/v2\/users\/1"}],"replies":[{"embeddable":true,"href":"https:\/\/radiorevelacionfm.cl\/index.php?rest_route=%2Fwp%2Fv2%2Fcomments&post=29454"}],"version-history":[{"count":1,"href":"https:\/\/radiorevelacionfm.cl\/index.php?rest_route=\/wp\/v2\/posts\/29454\/revisions"}],"predecessor-version":[{"id":29456,"href":"https:\/\/radiorevelacionfm.cl\/index.php?rest_route=\/wp\/v2\/posts\/29454\/revisions\/29456"}],"wp:featuredmedia":[{"embeddable":true,"href":"https:\/\/radiorevelacionfm.cl\/index.php?rest_route=\/wp\/v2\/media\/29455"}],"wp:attachment":[{"href":"https:\/\/radiorevelacionfm.cl\/index.php?rest_route=%2Fwp%2Fv2%2Fmedia&parent=29454"}],"wp:term":[{"taxonomy":"category","embeddable":true,"href":"https:\/\/radiorevelacionfm.cl\/index.php?rest_route=%2Fwp%2Fv2%2Fcategories&post=29454"},{"taxonomy":"post_tag","embeddable":true,"href":"https:\/\/radiorevelacionfm.cl\/index.php?rest_route=%2Fwp%2Fv2%2Ftags&post=29454"}],"curies":[{"name":"wp","href":"https:\/\/api.w.org\/{rel}","templated":true}]}}