{"id":29451,"date":"2023-03-28T20:43:18","date_gmt":"2023-03-28T23:43:18","guid":{"rendered":"https:\/\/radiorevelacionfm.cl\/?p=29451"},"modified":"2023-03-28T20:43:18","modified_gmt":"2023-03-28T23:43:18","slug":"realizan-nueva-jornada-de-plaza-de-justicia-y-derechos-humanos-en-feria-las-quintas-de-coyhaique","status":"publish","type":"post","link":"https:\/\/radiorevelacionfm.cl\/?p=29451","title":{"rendered":"Realizan nueva jornada de Plaza de Justicia y Derechos Humanos en Feria Las Quintas de Coyhaique"},"content":{"rendered":"<div class=\"flex_column av_one_full  flex_column_div av-zero-column-padding first  avia-builder-el-0  el_before_av_one_full  avia-builder-el-first  \" style='border-radius:0px; '><div  class='avia-image-container  av-styling-    avia-builder-el-1  avia-builder-el-no-sibling  avia-align-center '  itemprop=\"image\" itemscope=\"itemscope\" itemtype=\"https:\/\/schema.org\/ImageObject\"  ><div class='avia-image-container-inner'><div class='avia-image-overlay-wrap'><img decoding=\"async\" class='wp-image-29452 avia-img-lazy-loading-not-29452 avia_image' src=\"https:\/\/radiorevelacionfm.cl\/wp-content\/uploads\/2023\/03\/plaza-las-quintas-1-2.jpg\" alt='' title='plaza las quintas 1 (2)' height=\"672\" width=\"816\"  itemprop=\"thumbnailUrl\" srcset=\"https:\/\/radiorevelacionfm.cl\/wp-content\/uploads\/2023\/03\/plaza-las-quintas-1-2.jpg 816w, https:\/\/radiorevelacionfm.cl\/wp-content\/uploads\/2023\/03\/plaza-las-quintas-1-2-300x247.jpg 300w, https:\/\/radiorevelacionfm.cl\/wp-content\/uploads\/2023\/03\/plaza-las-quintas-1-2-768x632.jpg 768w, https:\/\/radiorevelacionfm.cl\/wp-content\/uploads\/2023\/03\/plaza-las-quintas-1-2-705x581.jpg 705w, https:\/\/radiorevelacionfm.cl\/wp-content\/uploads\/2023\/03\/plaza-las-quintas-1-2-450x371.jpg 450w, https:\/\/radiorevelacionfm.cl\/wp-content\/uploads\/2023\/03\/plaza-las-quintas-1-2-600x494.jpg 600w\" sizes=\"(max-width: 816px) 100vw, 816px\" \/><\/div><\/div><\/div><\/div><div class=\"flex_column av_one_full  flex_column_div av-zero-column-padding first  avia-builder-el-2  el_after_av_one_full  el_before_av_one_full  column-top-margin\" style='border-radius:0px; '><section class=\"av_textblock_section \"  itemscope=\"itemscope\" itemtype=\"https:\/\/schema.org\/BlogPosting\" itemprop=\"blogPost\" ><div class='avia_textblock  '   itemprop=\"text\" ><p style=\"text-align: center;\"><span style=\"font-size: 18pt;\"><strong>Realizan nueva jornada de Plaza de Justicia y Derechos Humanos en Feria Las Quintas de Coyhaique<\/strong><\/span><\/p>\n<div id=\"gtx-trans\" style=\"position: absolute; left: -50px; top: 4.31534px;\">\n<div class=\"gtx-trans-icon\"><\/div>\n<\/div>\n<\/div><\/section><\/div><div class=\"flex_column av_one_full  flex_column_div av-zero-column-padding first  avia-builder-el-4  el_after_av_one_full  el_before_av_hr  column-top-margin\" style='border-radius:0px; '><section class=\"av_textblock_section \"  itemscope=\"itemscope\" itemtype=\"https:\/\/schema.org\/BlogPosting\" itemprop=\"blogPost\" ><div class='avia_textblock  '   itemprop=\"text\" ><p style=\"text-align: justify;\">El pasado s\u00e1bado en inmediaciones de la Feria Las Quintas se llev\u00f3 a cabo una nueva jornada de Plaza de Justicia y Derechos Humanos, actividad que reuni\u00f3 a diversos servicios p\u00fablicos del sector Justicia, y que permiti\u00f3 atender los requerimientos y consultas de quienes cada fin de semana se dan cita en este lugar ubicado en el sector alto de Coyhaique.<\/p>\n<p style=\"text-align: justify;\">Respecto a la realizaci\u00f3n de esta nueva Plaza de Justicia y Derechos Humanos, el Seremi de la cartera Samuel Navarro Castro explic\u00f3 que \u201ccomo Ministerio de Justicia y Derechos Humanos tenemos un compromiso permanente con las comunidades de estar en terreno y acercar los servicios del sector Justicia a los vecinos y vecinas, en esta oportunidad estuvimos en la feria hortofrut\u00edcola de calle Los Coigues con las Quintas en la ciudad de Coyhaique, pudimos entregar informaci\u00f3n, pero tambi\u00e9n atender consultas y requerimientos de los vecinos y vecinas que se acercaron ese d\u00eda, nos pareci\u00f3 muy importante este di\u00e1logo, muy enriquecedor y esperamos perseverar a estar en terreno como lo ha mandatado nuestro Presidente Gabriel Boric, estar en terreno, cercano a la gente y en lo posible cumpliendo con nuestro compromiso que es estar en las 10 comunas de la regi\u00f3n, as\u00ed que estamos trabajando fuertemente conforme a nuestra planificaci\u00f3n, y esperamos prontamente estar en tu comunidad, en tu localidad, en tu ciudad\u201d.<\/p>\n<p style=\"text-align: justify;\">Uno de los usuarios atendidos, Alfredo Neira explic\u00f3 que \u201cme parece muy relevante que se den estas instancias como las Plazas de Justicia y Derechos Humanos en distintos sectores de Coyhaique, espec\u00edficamente el pasado s\u00e1bado en la Feria Las Quintas, y que me permiti\u00f3 poder renovar mi c\u00e9dula de identidad, sin tener que concurrir a las oficinas del Registro Civil, sin duda estas actividades acercan de manera real los servicios del sector Justicia a todas las personas, facilitando la realizaci\u00f3n de tr\u00e1mites y consultas, como vecino de Coyhaique espero que se sigan realizando este tipo de actividades que son de gran ayuda para todos y todas\u201d.<\/p>\n<p style=\"text-align: justify;\">Finalmente, cabe mencionar que en la oportunidad, se cont\u00f3 con la presencia del Servicio de Registro Civil e Identificaci\u00f3n, la Corporaci\u00f3n de Asistencia Judicial del B\u00edo B\u00edo, Gendarmer\u00eda de Chile y la Defensor\u00eda Penal P\u00fablica, todos acompa\u00f1ados por el Seremi de Justicia y Derechos Humanos Samuel Navarro Castro.<\/p>\n<\/div><\/section><\/div><div  style='height:50px' class='hr hr-invisible   avia-builder-el-6  el_after_av_one_full  el_before_av_social_share '><span class='hr-inner ' ><span class='hr-inner-style'><\/span><\/span><\/div><\/p>\n<div  class='av-social-sharing-box  avia-builder-el-7  el_after_av_hr  el_before_av_hr  '><div class='av-share-box'><h5 class='av-share-link-description av-no-toc '>Compartir esta noticia<\/h5><ul class='av-share-box-list noLightbox'><li class='av-share-link av-social-link-facebook' ><a target=\"_blank\" aria-label=\"Compartir en Facebook\" href='https:\/\/www.facebook.com\/sharer.php?u=https:\/\/radiorevelacionfm.cl\/?p=29451&#038;t=Realizan%20nueva%20jornada%20de%20Plaza%20de%20Justicia%20y%20Derechos%20Humanos%20en%20Feria%20Las%20Quintas%20de%20Coyhaique' aria-hidden='false' data-av_icon='\ue8f3' data-av_iconfont='entypo-fontello' title='' data-avia-related-tooltip='Compartir en Facebook' rel=\"noopener\"><span class='avia_hidden_link_text'>Compartir en Facebook<\/span><\/a><\/li><li class='av-share-link av-social-link-twitter' ><a target=\"_blank\" aria-label=\"Compartir en Twitter\" href='https:\/\/twitter.com\/share?text=Realizan%20nueva%20jornada%20de%20Plaza%20de%20Justicia%20y%20Derechos%20Humanos%20en%20Feria%20Las%20Quintas%20de%20Coyhaique&#038;url=https:\/\/radiorevelacionfm.cl\/?p=29451' aria-hidden='false' data-av_icon='\ue8f1' data-av_iconfont='entypo-fontello' title='' data-avia-related-tooltip='Compartir en Twitter' rel=\"noopener\"><span class='avia_hidden_link_text'>Compartir en Twitter<\/span><\/a><\/li><li class='av-share-link av-social-link-whatsapp' ><a target=\"_blank\" aria-label=\"Compartir en Whatsapp\" href='https:\/\/api.whatsapp.com\/send?text=https:\/\/radiorevelacionfm.cl\/?p=29451' aria-hidden='false' data-av_icon='\uf232' data-av_iconfont='entypo-fontello' title='' data-avia-related-tooltip='Compartir en Whatsapp' rel=\"noopener\"><span class='avia_hidden_link_text'>Compartir en Whatsapp<\/span><\/a><\/li><li class='av-share-link av-social-link-linkedin' ><a target=\"_blank\" aria-label=\"Compartir en LinkedIn\" href='https:\/\/linkedin.com\/shareArticle?mini=true&#038;title=Realizan%20nueva%20jornada%20de%20Plaza%20de%20Justicia%20y%20Derechos%20Humanos%20en%20Feria%20Las%20Quintas%20de%20Coyhaique&#038;url=https:\/\/radiorevelacionfm.cl\/?p=29451' aria-hidden='false' data-av_icon='\ue8fc' data-av_iconfont='entypo-fontello' title='' data-avia-related-tooltip='Compartir en LinkedIn' rel=\"noopener\"><span class='avia_hidden_link_text'>Compartir en LinkedIn<\/span><\/a><\/li><li class='av-share-link av-social-link-mail' ><a  aria-label=\"Compartir por correo\" href='mailto:?subject=Realizan%20nueva%20jornada%20de%20Plaza%20de%20Justicia%20y%20Derechos%20Humanos%20en%20Feria%20Las%20Quintas%20de%20Coyhaique&#038;body=https:\/\/radiorevelacionfm.cl\/?p=29451' aria-hidden='false' data-av_icon='\ue805' data-av_iconfont='entypo-fontello' title='' data-avia-related-tooltip='Compartir por correo'><span class='avia_hidden_link_text'>Compartir por correo<\/span><\/a><\/li><\/ul><\/div><\/div>\n<div  style='height:50px' class='hr hr-invisible   avia-builder-el-8  el_after_av_social_share  el_before_av_comments_list '><span class='hr-inner ' ><span class='hr-inner-style'><\/span><\/span><\/div>\n<div  class='av-buildercomment  av-blog-meta-html-info-disabled av-blog-meta-tag-disabled  '><\/div>\n","protected":false},"excerpt":{"rendered":"","protected":false},"author":1,"featured_media":29452,"comment_status":"open","ping_status":"open","sticky":false,"template":"","format":"standard","meta":{"footnotes":""},"categories":[55],"tags":[],"class_list":["post-29451","post","type-post","status-publish","format-standard","has-post-thumbnail","hentry","category-justicia"],"jetpack_featured_media_url":"https:\/\/radiorevelacionfm.cl\/wp-content\/uploads\/2023\/03\/plaza-las-quintas-1-2.jpg","_links":{"self":[{"href":"https:\/\/radiorevelacionfm.cl\/index.php?rest_route=\/wp\/v2\/posts\/29451","targetHints":{"allow":["GET"]}}],"collection":[{"href":"https:\/\/radiorevelacionfm.cl\/index.php?rest_route=\/wp\/v2\/posts"}],"about":[{"href":"https:\/\/radiorevelacionfm.cl\/index.php?rest_route=\/wp\/v2\/types\/post"}],"author":[{"embeddable":true,"href":"https:\/\/radiorevelacionfm.cl\/index.php?rest_route=\/wp\/v2\/users\/1"}],"replies":[{"embeddable":true,"href":"https:\/\/radiorevelacionfm.cl\/index.php?rest_route=%2Fwp%2Fv2%2Fcomments&post=29451"}],"version-history":[{"count":1,"href":"https:\/\/radiorevelacionfm.cl\/index.php?rest_route=\/wp\/v2\/posts\/29451\/revisions"}],"predecessor-version":[{"id":29453,"href":"https:\/\/radiorevelacionfm.cl\/index.php?rest_route=\/wp\/v2\/posts\/29451\/revisions\/29453"}],"wp:featuredmedia":[{"embeddable":true,"href":"https:\/\/radiorevelacionfm.cl\/index.php?rest_route=\/wp\/v2\/media\/29452"}],"wp:attachment":[{"href":"https:\/\/radiorevelacionfm.cl\/index.php?rest_route=%2Fwp%2Fv2%2Fmedia&parent=29451"}],"wp:term":[{"taxonomy":"category","embeddable":true,"href":"https:\/\/radiorevelacionfm.cl\/index.php?rest_route=%2Fwp%2Fv2%2Fcategories&post=29451"},{"taxonomy":"post_tag","embeddable":true,"href":"https:\/\/radiorevelacionfm.cl\/index.php?rest_route=%2Fwp%2Fv2%2Ftags&post=29451"}],"curies":[{"name":"wp","href":"https:\/\/api.w.org\/{rel}","templated":true}]}}