{"id":29448,"date":"2023-03-28T15:56:05","date_gmt":"2023-03-28T18:56:05","guid":{"rendered":"https:\/\/radiorevelacionfm.cl\/?p=29448"},"modified":"2023-03-28T15:56:05","modified_gmt":"2023-03-28T18:56:05","slug":"opd-cisnes-realizo-actividad-con-ninos-y-ninas-de-la-escuela-local-en-semana-de-la-interculturalidad","status":"publish","type":"post","link":"https:\/\/radiorevelacionfm.cl\/?p=29448","title":{"rendered":"OPD Cisnes realiz\u00f3 actividad con ni\u00f1os y ni\u00f1as de la escuela local en semana de la Interculturalidad"},"content":{"rendered":"<div class=\"flex_column av_one_full  flex_column_div av-zero-column-padding first  avia-builder-el-0  el_before_av_one_full  avia-builder-el-first  \" style='border-radius:0px; '><div  class='avia-image-container  av-styling-    avia-builder-el-1  avia-builder-el-no-sibling  avia-align-center '  itemprop=\"image\" itemscope=\"itemscope\" itemtype=\"https:\/\/schema.org\/ImageObject\"  ><div class='avia-image-container-inner'><div class='avia-image-overlay-wrap'><img decoding=\"async\" class='wp-image-29449 avia-img-lazy-loading-not-29449 avia_image' src=\"https:\/\/radiorevelacionfm.cl\/wp-content\/uploads\/2023\/03\/opd-cisnes-7-1_optimized.jpg\" alt='' title='opd-cisnes-7-(1)_optimized' height=\"600\" width=\"1173\"  itemprop=\"thumbnailUrl\" srcset=\"https:\/\/radiorevelacionfm.cl\/wp-content\/uploads\/2023\/03\/opd-cisnes-7-1_optimized.jpg 1173w, https:\/\/radiorevelacionfm.cl\/wp-content\/uploads\/2023\/03\/opd-cisnes-7-1_optimized-300x153.jpg 300w, https:\/\/radiorevelacionfm.cl\/wp-content\/uploads\/2023\/03\/opd-cisnes-7-1_optimized-1030x527.jpg 1030w, https:\/\/radiorevelacionfm.cl\/wp-content\/uploads\/2023\/03\/opd-cisnes-7-1_optimized-768x393.jpg 768w, https:\/\/radiorevelacionfm.cl\/wp-content\/uploads\/2023\/03\/opd-cisnes-7-1_optimized-705x361.jpg 705w, https:\/\/radiorevelacionfm.cl\/wp-content\/uploads\/2023\/03\/opd-cisnes-7-1_optimized-450x230.jpg 450w, https:\/\/radiorevelacionfm.cl\/wp-content\/uploads\/2023\/03\/opd-cisnes-7-1_optimized-600x307.jpg 600w\" sizes=\"(max-width: 1173px) 100vw, 1173px\" \/><\/div><\/div><\/div><\/div><div class=\"flex_column av_one_full  flex_column_div av-zero-column-padding first  avia-builder-el-2  el_after_av_one_full  el_before_av_one_full  column-top-margin\" style='border-radius:0px; '><section class=\"av_textblock_section \"  itemscope=\"itemscope\" itemtype=\"https:\/\/schema.org\/BlogPosting\" itemprop=\"blogPost\" ><div class='avia_textblock  '   itemprop=\"text\" ><p style=\"text-align: center;\"><strong><span style=\"font-size: 18pt;\">OPD Cisnes realiz\u00f3 actividad con ni\u00f1os y ni\u00f1as de la escuela local en semana de la Interculturalidad<\/span><\/strong><\/p>\n<div id=\"gtx-trans\" style=\"position: absolute; left: -50px; top: 4.31534px;\">\n<div class=\"gtx-trans-icon\"><\/div>\n<\/div>\n<\/div><\/section><\/div><div class=\"flex_column av_one_full  flex_column_div av-zero-column-padding first  avia-builder-el-4  el_after_av_one_full  el_before_av_hr  column-top-margin\" style='border-radius:0px; '><section class=\"av_textblock_section \"  itemscope=\"itemscope\" itemtype=\"https:\/\/schema.org\/BlogPosting\" itemprop=\"blogPost\" ><div class='avia_textblock  '   itemprop=\"text\" ><p style=\"text-align: justify;\">La Oficina de Protecci\u00f3n de los Derechos de la Infancia y la Adolescencia de Puerto Cisnes, celebr\u00f3 recientemente junto a estudiantes de la escuela Guido G\u00f3mez Mu\u00f1oz, \u00abel d\u00eda del Ni\u00f1o y Ni\u00f1a Ind\u00edgena\u00bb, en la semana de la Interculturalidad.<\/p>\n<p style=\"text-align: justify;\">Es de esta forma que el equipo OPD pudo llevar a cabo, entretenidas y din\u00e1micas actividades con peque\u00f1os de pre k\u00ednder a cuarto b\u00e1sico, con quienes prepararon recetas como cocadas con manjar y harina tostada.<\/p>\n<p style=\"text-align: justify;\">En el caso de los estudiantes de quinto a octavo b\u00e1sico, hicieron pebre de mote con sopaipillas e infusiones de menta, apio, canela y yerba buena. Instancia que fue relevada por la coordinadora de la OPD Cisnes, Katherine Calqu\u00edn Riffo.<\/p>\n<p style=\"text-align: justify;\">\u201cCerramos la semana intercultural que se celebr\u00f3 en la escuela Guido G\u00f3mez de Puerto Cisnes, estamos muy contentas como equipo OPD de la recepci\u00f3n que ha tenido esta actividad con los ni\u00f1os, lo contentos que se han demostrado. Hemos estado cocinando toda la semana para poder hacer unas ricas recetas y conmemorar esta fecha tan importante. La idea es siempre poder darle la relevancia que tiene y poder seguir recordando esta fecha, as\u00ed es que, para nosotros es un honor poder participar, estamos muy contentas\u201d.<\/p>\n<p style=\"text-align: justify;\">La idea es que este tipo de actividades se repliquen todos los a\u00f1os y se incluya tambi\u00e9n al liceo de Puerto Cisnes y a los colegios de otros puntos de la comuna, agreg\u00f3 la coordinadora de la OPD.<\/p>\n<p style=\"text-align: justify;\">\u201cEsperamos poder seguir haciendo actividades de esta \u00edndole, fue una iniciativa que pudimos llevarla a cabo desde pre k\u00ednder hasta octavo b\u00e1sico, en comparaci\u00f3n al a\u00f1o pasado, donde solo se pudo abordar con k\u00ednder y pre k\u00ednder. Es por ello que, este a\u00f1o quisimos hacer algo distinto y abordar a todos los ni\u00f1os, que no quedara nadie fuera, al menos de la escuela. Esperamos que en las pr\u00f3ximas oportunidades podamos incluir al liceo y por supuesto a todas las localidades de la comuna. Muy contenta de la recepci\u00f3n, agradecida del cari\u00f1o de los ni\u00f1os y ni\u00f1as, de su disposici\u00f3n, de estas ricas recetas que pudieron aprender, as\u00ed es que, muy felices\u201d.<\/p>\n<p style=\"text-align: justify;\">Es importante destacar que la OPD desarrolla su labor en la comuna, gracias al convenio establecido entre Mejor Ni\u00f1ez y la Ilustre Municipalidad de Cisnes.<\/p>\n<\/div><\/section><\/div><div  style='height:50px' class='hr hr-invisible   avia-builder-el-6  el_after_av_one_full  el_before_av_social_share '><span class='hr-inner ' ><span class='hr-inner-style'><\/span><\/span><\/div><\/p>\n<div  class='av-social-sharing-box  avia-builder-el-7  el_after_av_hr  el_before_av_hr  '><div class='av-share-box'><h5 class='av-share-link-description av-no-toc '>Compartir esta noticia<\/h5><ul class='av-share-box-list noLightbox'><li class='av-share-link av-social-link-facebook' ><a target=\"_blank\" aria-label=\"Compartir en Facebook\" href='https:\/\/www.facebook.com\/sharer.php?u=https:\/\/radiorevelacionfm.cl\/?p=29448&#038;t=OPD%20Cisnes%20realiz%C3%B3%20actividad%20con%20ni%C3%B1os%20y%20ni%C3%B1as%20de%20la%20escuela%20local%20en%20semana%20de%20la%20Interculturalidad' aria-hidden='false' data-av_icon='\ue8f3' data-av_iconfont='entypo-fontello' title='' data-avia-related-tooltip='Compartir en Facebook' rel=\"noopener\"><span class='avia_hidden_link_text'>Compartir en Facebook<\/span><\/a><\/li><li class='av-share-link av-social-link-twitter' ><a target=\"_blank\" aria-label=\"Compartir en Twitter\" href='https:\/\/twitter.com\/share?text=OPD%20Cisnes%20realiz%C3%B3%20actividad%20con%20ni%C3%B1os%20y%20ni%C3%B1as%20de%20la%20escuela%20local%20en%20semana%20de%20la%20Interculturalidad&#038;url=https:\/\/radiorevelacionfm.cl\/?p=29448' aria-hidden='false' data-av_icon='\ue8f1' data-av_iconfont='entypo-fontello' title='' data-avia-related-tooltip='Compartir en Twitter' rel=\"noopener\"><span class='avia_hidden_link_text'>Compartir en Twitter<\/span><\/a><\/li><li class='av-share-link av-social-link-whatsapp' ><a target=\"_blank\" aria-label=\"Compartir en Whatsapp\" href='https:\/\/api.whatsapp.com\/send?text=https:\/\/radiorevelacionfm.cl\/?p=29448' aria-hidden='false' data-av_icon='\uf232' data-av_iconfont='entypo-fontello' title='' data-avia-related-tooltip='Compartir en Whatsapp' rel=\"noopener\"><span class='avia_hidden_link_text'>Compartir en Whatsapp<\/span><\/a><\/li><li class='av-share-link av-social-link-linkedin' ><a target=\"_blank\" aria-label=\"Compartir en LinkedIn\" href='https:\/\/linkedin.com\/shareArticle?mini=true&#038;title=OPD%20Cisnes%20realiz%C3%B3%20actividad%20con%20ni%C3%B1os%20y%20ni%C3%B1as%20de%20la%20escuela%20local%20en%20semana%20de%20la%20Interculturalidad&#038;url=https:\/\/radiorevelacionfm.cl\/?p=29448' aria-hidden='false' data-av_icon='\ue8fc' data-av_iconfont='entypo-fontello' title='' data-avia-related-tooltip='Compartir en LinkedIn' rel=\"noopener\"><span class='avia_hidden_link_text'>Compartir en LinkedIn<\/span><\/a><\/li><li class='av-share-link av-social-link-mail' ><a  aria-label=\"Compartir por correo\" href='mailto:?subject=OPD%20Cisnes%20realiz%C3%B3%20actividad%20con%20ni%C3%B1os%20y%20ni%C3%B1as%20de%20la%20escuela%20local%20en%20semana%20de%20la%20Interculturalidad&#038;body=https:\/\/radiorevelacionfm.cl\/?p=29448' aria-hidden='false' data-av_icon='\ue805' data-av_iconfont='entypo-fontello' title='' data-avia-related-tooltip='Compartir por correo'><span class='avia_hidden_link_text'>Compartir por correo<\/span><\/a><\/li><\/ul><\/div><\/div>\n<div  style='height:50px' class='hr hr-invisible   avia-builder-el-8  el_after_av_social_share  el_before_av_comments_list '><span class='hr-inner ' ><span class='hr-inner-style'><\/span><\/span><\/div>\n<div  class='av-buildercomment  av-blog-meta-html-info-disabled av-blog-meta-tag-disabled  '><\/div>\n","protected":false},"excerpt":{"rendered":"","protected":false},"author":1,"featured_media":29449,"comment_status":"open","ping_status":"open","sticky":false,"template":"","format":"standard","meta":{"footnotes":""},"categories":[38],"tags":[],"class_list":["post-29448","post","type-post","status-publish","format-standard","has-post-thumbnail","hentry","category-regional"],"jetpack_featured_media_url":"https:\/\/radiorevelacionfm.cl\/wp-content\/uploads\/2023\/03\/opd-cisnes-7-1_optimized.jpg","_links":{"self":[{"href":"https:\/\/radiorevelacionfm.cl\/index.php?rest_route=\/wp\/v2\/posts\/29448","targetHints":{"allow":["GET"]}}],"collection":[{"href":"https:\/\/radiorevelacionfm.cl\/index.php?rest_route=\/wp\/v2\/posts"}],"about":[{"href":"https:\/\/radiorevelacionfm.cl\/index.php?rest_route=\/wp\/v2\/types\/post"}],"author":[{"embeddable":true,"href":"https:\/\/radiorevelacionfm.cl\/index.php?rest_route=\/wp\/v2\/users\/1"}],"replies":[{"embeddable":true,"href":"https:\/\/radiorevelacionfm.cl\/index.php?rest_route=%2Fwp%2Fv2%2Fcomments&post=29448"}],"version-history":[{"count":1,"href":"https:\/\/radiorevelacionfm.cl\/index.php?rest_route=\/wp\/v2\/posts\/29448\/revisions"}],"predecessor-version":[{"id":29450,"href":"https:\/\/radiorevelacionfm.cl\/index.php?rest_route=\/wp\/v2\/posts\/29448\/revisions\/29450"}],"wp:featuredmedia":[{"embeddable":true,"href":"https:\/\/radiorevelacionfm.cl\/index.php?rest_route=\/wp\/v2\/media\/29449"}],"wp:attachment":[{"href":"https:\/\/radiorevelacionfm.cl\/index.php?rest_route=%2Fwp%2Fv2%2Fmedia&parent=29448"}],"wp:term":[{"taxonomy":"category","embeddable":true,"href":"https:\/\/radiorevelacionfm.cl\/index.php?rest_route=%2Fwp%2Fv2%2Fcategories&post=29448"},{"taxonomy":"post_tag","embeddable":true,"href":"https:\/\/radiorevelacionfm.cl\/index.php?rest_route=%2Fwp%2Fv2%2Ftags&post=29448"}],"curies":[{"name":"wp","href":"https:\/\/api.w.org\/{rel}","templated":true}]}}