{"id":29445,"date":"2023-03-28T19:58:10","date_gmt":"2023-03-28T22:58:10","guid":{"rendered":"https:\/\/radiorevelacionfm.cl\/?p=29445"},"modified":"2023-03-28T19:58:10","modified_gmt":"2023-03-28T22:58:10","slug":"minvu-destaca-inversion-y-gestion-sectorial-en-beneficio-de-las-familias-de-la-comuna-de-aysen","status":"publish","type":"post","link":"https:\/\/radiorevelacionfm.cl\/?p=29445","title":{"rendered":"Minvu destaca inversi\u00f3n y gesti\u00f3n sectorial en beneficio de las familias de la comuna de Ays\u00e9n"},"content":{"rendered":"<div class=\"flex_column av_one_full  flex_column_div av-zero-column-padding first  avia-builder-el-0  el_before_av_one_full  avia-builder-el-first  \" style='border-radius:0px; '><div  class='avia-image-container  av-styling-    avia-builder-el-1  avia-builder-el-no-sibling  avia-align-center '  itemprop=\"image\" itemscope=\"itemscope\" itemtype=\"https:\/\/schema.org\/ImageObject\"  ><div class='avia-image-container-inner'><div class='avia-image-overlay-wrap'><img decoding=\"async\" class='wp-image-26497 avia-img-lazy-loading-not-26497 avia_image' src=\"https:\/\/radiorevelacionfm.cl\/wp-content\/uploads\/2023\/01\/la-nueva-vivienda-1_optimized.jpg\" alt='' title='la-nueva-vivienda-(1)_optimized' height=\"600\" width=\"900\"  itemprop=\"thumbnailUrl\" srcset=\"https:\/\/radiorevelacionfm.cl\/wp-content\/uploads\/2023\/01\/la-nueva-vivienda-1_optimized.jpg 900w, https:\/\/radiorevelacionfm.cl\/wp-content\/uploads\/2023\/01\/la-nueva-vivienda-1_optimized-300x200.jpg 300w, https:\/\/radiorevelacionfm.cl\/wp-content\/uploads\/2023\/01\/la-nueva-vivienda-1_optimized-768x512.jpg 768w, https:\/\/radiorevelacionfm.cl\/wp-content\/uploads\/2023\/01\/la-nueva-vivienda-1_optimized-705x470.jpg 705w, https:\/\/radiorevelacionfm.cl\/wp-content\/uploads\/2023\/01\/la-nueva-vivienda-1_optimized-600x400.jpg 600w\" sizes=\"(max-width: 900px) 100vw, 900px\" \/><\/div><\/div><\/div><\/div><div class=\"flex_column av_one_full  flex_column_div av-zero-column-padding first  avia-builder-el-2  el_after_av_one_full  el_before_av_one_full  column-top-margin\" style='border-radius:0px; '><section class=\"av_textblock_section \"  itemscope=\"itemscope\" itemtype=\"https:\/\/schema.org\/BlogPosting\" itemprop=\"blogPost\" ><div class='avia_textblock  '   itemprop=\"text\" ><p style=\"text-align: center;\"><span style=\"font-size: 18pt;\"><strong>Minvu destaca inversi\u00f3n y gesti\u00f3n sectorial en beneficio de las familias de la comuna de Ays\u00e9n<\/strong><\/span><\/p>\n<div id=\"gtx-trans\" style=\"position: absolute; left: -50px; top: 4.31534px;\">\n<div class=\"gtx-trans-icon\"><\/div>\n<\/div>\n<\/div><\/section><\/div><div class=\"flex_column av_one_full  flex_column_div av-zero-column-padding first  avia-builder-el-4  el_after_av_one_full  el_before_av_hr  column-top-margin\" style='border-radius:0px; '><section class=\"av_textblock_section \"  itemscope=\"itemscope\" itemtype=\"https:\/\/schema.org\/BlogPosting\" itemprop=\"blogPost\" ><div class='avia_textblock  '   itemprop=\"text\" ><p style=\"text-align: justify;\">M\u00e1s de 360 viviendas en ejecuci\u00f3n, casi 70 familias de campamentos en v\u00edas de ser radicadas, adquisici\u00f3n de terrenos para nuevos proyectos habitacionales, permanentes inversiones para antiguos y nuevos barrios de la ciudad, ejecuci\u00f3n de varios proyectos de pavimentaci\u00f3n participativa y soluciones directas para casos sociales complejos, son solo parte de la gesti\u00f3n desarrollada durante el actual periodo de Gobierno por el Ministerio de Vivienda y Urbanismo en la comuna de Ays\u00e9n.<\/p>\n<p style=\"text-align: justify;\">As\u00ed lo destac\u00f3 la Seremi Paulina Ruz, quien puntualiz\u00f3 que dentro de la labor desarrollada en el marco del Plan de Emergencia Habitacional y los esfuerzos por descentralizar los beneficios, es evidente que la comuna de Ays\u00e9n es una de las que hoy tiene mayor inversi\u00f3n sectorial, sobre todo considerando las necesidades y las proyecciones existentes, no solo en la capital comunal, sino tambi\u00e9n en localidades como Puerto Chacabuco, Islas Huichas o Villa Ma\u00f1ihuales, entre otras.<\/p>\n<p style=\"text-align: justify;\">Entre las gestiones desarrolladas por la actual administraci\u00f3n se puede mencionar la solicitud que se hizo a nivel central en septiembre pasado para conseguir financiamiento para la compra de terrenos, lo cual permiti\u00f3 adquirir dos pa\u00f1os, uno donde se emplazar\u00e1n las viviendas del comit\u00e9 Amuyen 3 y otro donde estar\u00e1 el comit\u00e9 Vida Nueva de Ma\u00f1ihuales, donde se ubicar\u00e1n 17 familias.<\/p>\n<p style=\"text-align: justify;\">\u201cEn complemento, en \u00faltimo llamado del programa Fondo Solidario de Elecci\u00f3n de Vivienda, qued\u00f3 seleccionado el comit\u00e9 Patagonia Alegre, de Puerto Chacabuco, lo cual significa que durante este semestre se iniciar\u00e1n las obras que tanto esperan esas 59 familias. Adem\u00e1s, podemos se\u00f1alar el avance en las obras ya ejecutadas, como son aquellas emplazadas en los terrenos donde est\u00e1n las viviendas para los comit\u00e9s Calafate Patag\u00f3n, Amuyen 1 y 2 y No Tengo casa Propia, los cuales esperamos entregar durante este a\u00f1o 2023, beneficiando en forma directa a unas 360 familias\u201d, precis\u00f3.<\/p>\n<p style=\"text-align: justify;\">Ese trabajo del Minvu y sus resultados fueron destacados por la Presidenta del Comit\u00e9 Amuyen 3 de Puerto Ays\u00e9n, Ximena Santana, quien no ocult\u00f3 su alegr\u00eda por el avance que ha logrado su proyecto. \u201cEstamos felices, esa es la palabra. Hemos sido un comit\u00e9 de muy bajo perfil, con un proyecto que ha avanzado muy bien gracias a todos los que nos han apoyado, como el Serviu, la Entidad Patrocinante, la Seremi de Vivienda, que ha sido un 7 con nosotros. As\u00ed que felices, porque ya estaos en la etapa en que estamos firmando el contrato para que postulemos a los subsidios y posterior a eso si salimos favorecidos para que empiecen ya con la construcci\u00f3n de nuestras casas\u201d, manifest\u00f3.<\/p>\n<p style=\"text-align: justify;\">Igual de feliz se mostr\u00f3 la Presidenta del Comit\u00e9 Amuyencito, Katherine Mayorga, quien valor\u00f3 la buena disposici\u00f3n de las autoridades regionales del Minvu para seguir avanzando en las \u00faltimas etapas del camino que los lleva hacia su casa propia.\u00a0 \u201cSomos 17 socios en total y el trabajo que ha estado desarrollando el Serviu y la seremi de Vivienda, sobre todo ha sido excelente, ella nos ha podido traspasar un terreno que ten\u00edan para otras obras, pero debido a la tardanza en los procesos se nos dio la posibilidad de poder acceder a ese terreno y ojal\u00e1 poder obtener nuestras futuras casas en poco tiempo. La Seremi de comprometi\u00f3 con nosotros, puso su palabra en juego y la cumpli\u00f3, y gracias a eso en uno o dos a\u00f1os m\u00e1s si Dios quiere vamos a poder tener nuestras casas ya listas\u201d, afirm\u00f3.<\/p>\n<p style=\"text-align: justify;\">Por otra parte, la Seremi Paulina Ruz, record\u00f3 que, en el marco del Programa de Asentamientos Precarios, est\u00e1n trabajando en la comuna de Ays\u00e9n con dos proyectos habitacionales muy importantes. El primero es Sue\u00f1os de Lago Yulton, que era un sector de toma emplazado en camino al cementerio, donde se procedi\u00f3 a la radicaci\u00f3n a trav\u00e9s de la entrega de soluciones habitacionales para 9 familias, las cuales ser\u00e1n entregadas tambi\u00e9n durante este a\u00f1o.<\/p>\n<p style=\"text-align: justify;\">\u201cAsimismo, tenemos el proyecto emblem\u00e1tico de Las Quilas, donde ac\u00e1 la estrategia de trabajo para beneficiar a m\u00e1s de 70 familias de Puerto Ays\u00e9n fue la de radicaci\u00f3n, es decir, que relocalizamos estas familias con gastos transitorios de traslado para que ellos puedan arrendar en otros lugares, mientras trabajamos en la habilitaci\u00f3n del terreno para proceder a construir posteriormente su soluci\u00f3n habitacional definitiva. Tambi\u00e9n estamos trabajando fuertemente con el municipio y con entidades patrocinantes privadas, donde estamos entregando soluciones a casos especiales de car\u00e1cter individual, como fue el caso de la Se\u00f1ora Sonia Ra\u00edn o el de la se\u00f1ora Mireya Marim\u00e1n, entre otros\u201d, record\u00f3.<\/p>\n<p style=\"text-align: justify;\">Como complemento a la gesti\u00f3n habitacional, mencion\u00f3 la Seremi que est\u00e1n impulsando variadas iniciativas a trav\u00e9s del programa Quiero M\u00ed Barrio, donde se suman dos barrios nuevos, Ribera Sur Costanera y Las Villas, perteneciente al sector aleda\u00f1o de la Villa Espa\u00f1a, para dar tambi\u00e9n un renovado espacio comunitario a las vecinas y vecinos.<\/p>\n<p style=\"text-align: justify;\">Respecto de las proyecciones indic\u00f3 la Seremi que el Programa de Pavimentos Participativos, contempla 7 mil 100 millones de pesos para este a\u00f1o, lo cual es el doble de la cifra del 2022 y permitir\u00e1 concretar numerosos proyectos tanto en la comuna de Ays\u00e9n como en el resto de la regi\u00f3n.<\/p>\n<p style=\"text-align: justify;\">En el \u00e1mbito habitacional y con terrenos Serviu se trabaja tambi\u00e9n para emplazar viviendas o conjuntos habitacionales en Caleta Andrade, llegando as\u00ed con trabajo y soluciones hasta los m\u00e1s diversos poblados de la regi\u00f3n y cumpliendo el mandato del Gobierno de cumplir el gran desaf\u00edo del Plan de Emergencia Habitacional en base a descentralizaci\u00f3n, coordinaci\u00f3n intersectorial, mucho trabajo en terreno y participaci\u00f3n ciudadana.<\/p>\n<\/div><\/section><\/div><div  style='height:50px' class='hr hr-invisible   avia-builder-el-6  el_after_av_one_full  el_before_av_social_share '><span class='hr-inner ' ><span class='hr-inner-style'><\/span><\/span><\/div><\/p>\n<div  class='av-social-sharing-box  avia-builder-el-7  el_after_av_hr  el_before_av_hr  '><div class='av-share-box'><h5 class='av-share-link-description av-no-toc '>Compartir esta noticia<\/h5><ul class='av-share-box-list noLightbox'><li class='av-share-link av-social-link-facebook' ><a target=\"_blank\" aria-label=\"Compartir en Facebook\" href='https:\/\/www.facebook.com\/sharer.php?u=https:\/\/radiorevelacionfm.cl\/?p=29445&#038;t=Minvu%20destaca%20inversi%C3%B3n%20y%20gesti%C3%B3n%20sectorial%20en%20beneficio%20de%20las%20familias%20de%20la%20comuna%20de%20Ays%C3%A9n' aria-hidden='false' data-av_icon='\ue8f3' data-av_iconfont='entypo-fontello' title='' data-avia-related-tooltip='Compartir en Facebook' rel=\"noopener\"><span class='avia_hidden_link_text'>Compartir en Facebook<\/span><\/a><\/li><li class='av-share-link av-social-link-twitter' ><a target=\"_blank\" aria-label=\"Compartir en Twitter\" href='https:\/\/twitter.com\/share?text=Minvu%20destaca%20inversi%C3%B3n%20y%20gesti%C3%B3n%20sectorial%20en%20beneficio%20de%20las%20familias%20de%20la%20comuna%20de%20Ays%C3%A9n&#038;url=https:\/\/radiorevelacionfm.cl\/?p=29445' aria-hidden='false' data-av_icon='\ue8f1' data-av_iconfont='entypo-fontello' title='' data-avia-related-tooltip='Compartir en Twitter' rel=\"noopener\"><span class='avia_hidden_link_text'>Compartir en Twitter<\/span><\/a><\/li><li class='av-share-link av-social-link-whatsapp' ><a target=\"_blank\" aria-label=\"Compartir en Whatsapp\" href='https:\/\/api.whatsapp.com\/send?text=https:\/\/radiorevelacionfm.cl\/?p=29445' aria-hidden='false' data-av_icon='\uf232' data-av_iconfont='entypo-fontello' title='' data-avia-related-tooltip='Compartir en Whatsapp' rel=\"noopener\"><span class='avia_hidden_link_text'>Compartir en Whatsapp<\/span><\/a><\/li><li class='av-share-link av-social-link-linkedin' ><a target=\"_blank\" aria-label=\"Compartir en LinkedIn\" href='https:\/\/linkedin.com\/shareArticle?mini=true&#038;title=Minvu%20destaca%20inversi%C3%B3n%20y%20gesti%C3%B3n%20sectorial%20en%20beneficio%20de%20las%20familias%20de%20la%20comuna%20de%20Ays%C3%A9n&#038;url=https:\/\/radiorevelacionfm.cl\/?p=29445' aria-hidden='false' data-av_icon='\ue8fc' data-av_iconfont='entypo-fontello' title='' data-avia-related-tooltip='Compartir en LinkedIn' rel=\"noopener\"><span class='avia_hidden_link_text'>Compartir en LinkedIn<\/span><\/a><\/li><li class='av-share-link av-social-link-mail' ><a  aria-label=\"Compartir por correo\" href='mailto:?subject=Minvu%20destaca%20inversi%C3%B3n%20y%20gesti%C3%B3n%20sectorial%20en%20beneficio%20de%20las%20familias%20de%20la%20comuna%20de%20Ays%C3%A9n&#038;body=https:\/\/radiorevelacionfm.cl\/?p=29445' aria-hidden='false' data-av_icon='\ue805' data-av_iconfont='entypo-fontello' title='' data-avia-related-tooltip='Compartir por correo'><span class='avia_hidden_link_text'>Compartir por correo<\/span><\/a><\/li><\/ul><\/div><\/div>\n<div  style='height:50px' class='hr hr-invisible   avia-builder-el-8  el_after_av_social_share  el_before_av_comments_list '><span class='hr-inner ' ><span class='hr-inner-style'><\/span><\/span><\/div>\n<div  class='av-buildercomment  av-blog-meta-html-info-disabled av-blog-meta-tag-disabled  '><\/div>\n","protected":false},"excerpt":{"rendered":"","protected":false},"author":1,"featured_media":26497,"comment_status":"open","ping_status":"open","sticky":false,"template":"","format":"standard","meta":{"footnotes":""},"categories":[57],"tags":[],"class_list":["post-29445","post","type-post","status-publish","format-standard","has-post-thumbnail","hentry","category-vivienda"],"jetpack_featured_media_url":"https:\/\/radiorevelacionfm.cl\/wp-content\/uploads\/2023\/01\/la-nueva-vivienda-1_optimized.jpg","_links":{"self":[{"href":"https:\/\/radiorevelacionfm.cl\/index.php?rest_route=\/wp\/v2\/posts\/29445","targetHints":{"allow":["GET"]}}],"collection":[{"href":"https:\/\/radiorevelacionfm.cl\/index.php?rest_route=\/wp\/v2\/posts"}],"about":[{"href":"https:\/\/radiorevelacionfm.cl\/index.php?rest_route=\/wp\/v2\/types\/post"}],"author":[{"embeddable":true,"href":"https:\/\/radiorevelacionfm.cl\/index.php?rest_route=\/wp\/v2\/users\/1"}],"replies":[{"embeddable":true,"href":"https:\/\/radiorevelacionfm.cl\/index.php?rest_route=%2Fwp%2Fv2%2Fcomments&post=29445"}],"version-history":[{"count":1,"href":"https:\/\/radiorevelacionfm.cl\/index.php?rest_route=\/wp\/v2\/posts\/29445\/revisions"}],"predecessor-version":[{"id":29446,"href":"https:\/\/radiorevelacionfm.cl\/index.php?rest_route=\/wp\/v2\/posts\/29445\/revisions\/29446"}],"wp:featuredmedia":[{"embeddable":true,"href":"https:\/\/radiorevelacionfm.cl\/index.php?rest_route=\/wp\/v2\/media\/26497"}],"wp:attachment":[{"href":"https:\/\/radiorevelacionfm.cl\/index.php?rest_route=%2Fwp%2Fv2%2Fmedia&parent=29445"}],"wp:term":[{"taxonomy":"category","embeddable":true,"href":"https:\/\/radiorevelacionfm.cl\/index.php?rest_route=%2Fwp%2Fv2%2Fcategories&post=29445"},{"taxonomy":"post_tag","embeddable":true,"href":"https:\/\/radiorevelacionfm.cl\/index.php?rest_route=%2Fwp%2Fv2%2Ftags&post=29445"}],"curies":[{"name":"wp","href":"https:\/\/api.w.org\/{rel}","templated":true}]}}