{"id":29442,"date":"2023-03-28T15:05:12","date_gmt":"2023-03-28T18:05:12","guid":{"rendered":"https:\/\/radiorevelacionfm.cl\/?p=29442"},"modified":"2023-03-28T15:05:12","modified_gmt":"2023-03-28T18:05:12","slug":"cochrane-vecinos-dialogaron-en-torno-a-los-usos-que-quieren-dar-a-terreno-fiscal-que-estaba-tomado-ilegalmente","status":"publish","type":"post","link":"https:\/\/radiorevelacionfm.cl\/?p=29442","title":{"rendered":"Cochrane: Vecinos dialogaron en torno a los usos que quieren dar a terreno fiscal que estaba tomado ilegalmente"},"content":{"rendered":"<div class=\"flex_column av_one_full  flex_column_div av-zero-column-padding first  avia-builder-el-0  el_before_av_one_full  avia-builder-el-first  \" style='border-radius:0px; '><div  class='avia-image-container  av-styling-    avia-builder-el-1  avia-builder-el-no-sibling  avia-align-center '  itemprop=\"image\" itemscope=\"itemscope\" itemtype=\"https:\/\/schema.org\/ImageObject\"  ><div class='avia-image-container-inner'><div class='avia-image-overlay-wrap'><img decoding=\"async\" class='wp-image-29443 avia-img-lazy-loading-not-29443 avia_image' src=\"https:\/\/radiorevelacionfm.cl\/wp-content\/uploads\/2023\/03\/6-36-1-1.jpg\" alt='' title='6 (36) (1) (1)' height=\"600\" width=\"880\"  itemprop=\"thumbnailUrl\" srcset=\"https:\/\/radiorevelacionfm.cl\/wp-content\/uploads\/2023\/03\/6-36-1-1.jpg 880w, https:\/\/radiorevelacionfm.cl\/wp-content\/uploads\/2023\/03\/6-36-1-1-300x205.jpg 300w, https:\/\/radiorevelacionfm.cl\/wp-content\/uploads\/2023\/03\/6-36-1-1-768x524.jpg 768w, https:\/\/radiorevelacionfm.cl\/wp-content\/uploads\/2023\/03\/6-36-1-1-705x481.jpg 705w, https:\/\/radiorevelacionfm.cl\/wp-content\/uploads\/2023\/03\/6-36-1-1-450x307.jpg 450w, https:\/\/radiorevelacionfm.cl\/wp-content\/uploads\/2023\/03\/6-36-1-1-600x409.jpg 600w\" sizes=\"(max-width: 880px) 100vw, 880px\" \/><\/div><\/div><\/div><\/div><div class=\"flex_column av_one_full  flex_column_div av-zero-column-padding first  avia-builder-el-2  el_after_av_one_full  el_before_av_one_full  column-top-margin\" style='border-radius:0px; '><section class=\"av_textblock_section \"  itemscope=\"itemscope\" itemtype=\"https:\/\/schema.org\/BlogPosting\" itemprop=\"blogPost\" ><div class='avia_textblock  '   itemprop=\"text\" ><p style=\"text-align: center;\"><strong><span style=\"font-size: 18pt;\">Cochrane: Vecinos dialogaron en torno a los usos que quieren dar a terreno fiscal que estaba tomado ilegalmente <\/span><\/strong><\/p>\n<div id=\"gtx-trans\" style=\"position: absolute; left: -50px; top: 4.31534px;\">\n<div class=\"gtx-trans-icon\"><\/div>\n<\/div>\n<\/div><\/section><\/div><div class=\"flex_column av_one_full  flex_column_div av-zero-column-padding first  avia-builder-el-4  el_after_av_one_full  el_before_av_hr  column-top-margin\" style='border-radius:0px; '><section class=\"av_textblock_section \"  itemscope=\"itemscope\" itemtype=\"https:\/\/schema.org\/BlogPosting\" itemprop=\"blogPost\" ><div class='avia_textblock  '   itemprop=\"text\" ><p style=\"text-align: justify;\">La tarde de este lunes en el Sal\u00f3n Azul del Centro Cultural de Cochrane, m\u00e1s de 30 personas se dieron cita para ser parte del taller de planificaci\u00f3n territorial del inmueble fiscal denominado El H\u00fangaro, actividad convocada de forma conjunta por la Seremi de Bienes Nacionales, la Delegaci\u00f3n Presidencial Capit\u00e1n Prat, el Municipio de Cochrane y el Programa de Regularizaci\u00f3n Provincia Capit\u00e1n Prat, que es financiado por el Gobierno Regional Ays\u00e9n y su Consejo.<\/p>\n<p style=\"text-align: justify;\">Recordemos que el pasado seis de marzo se realiz\u00f3 el desalojo de la ocupaci\u00f3n ilegal, denunciada por la propia comunidad en octubre del a\u00f1o pasado, la que extra\u00f1ada vio c\u00f3mo un particular comenz\u00f3 a realizar un cierre perimetral del terreno, que en su totalidad abarca una superficie aproximada de 10 hect\u00e1reas, lugar muy cercano a la ciudad y que habitualmente ha sido ocupado para actividades de esparcimiento y tr\u00e1nsito peatonal.<\/p>\n<p style=\"text-align: justify;\">De esta manera la Seremi de Bienes Nacionales y la Delegaci\u00f3n Presidencial Provincial, cumplieron con el compromiso de desarrollar esta actividad, donde fueron los propios vecinos quienes dialogaron y expusieron qu\u00e9 usos debiera tener este importante inmueble para la comuna y especialmente para los habitantes de Cochrane.<\/p>\n<p style=\"text-align: justify;\">\u201cComo Seremi de Bienes Nacionales venimos desarrollando una serie de actividades de participaci\u00f3n ciudadana en los territorios, acciones que tienen por finalidad conducir de forma m\u00e1s justa la toma de decisiones al momento de otorgar u entregar en administraci\u00f3n los inmuebles fiscales. En el caso de este terreno, fueron los propios vecinos quienes nos alertaron de la toma ilegal, activ\u00e1ndonos junto a la Delegada Marta Montiel para recuperarlo, ese fue el primer paso, ahora cumplimos con el compromiso tomado con la comunidad de realizar este ejercicio, el que sistematizaremos y compartiremos sus resultados en un futuro encuentro, para luego ir avanzando en los usos e instrumentos m\u00e1s adecuados para su administraci\u00f3n\u201d, explic\u00f3 la Seremi de Bienes Nacionales Ays\u00e9n, Irina Morend Valdebenito.<\/p>\n<p style=\"text-align: justify;\">Desde el Municipio de Cochrane el director de Secplac, Javier Castillo, explic\u00f3 que hist\u00f3ricamente este terreno ha sido de uso comunitario. \u201cHoy en d\u00eda el terreno se usa para senderismo y observaci\u00f3n del territorio, no son pocas las personas que hacen caminatas, mountain bike o las familias que llegan a disfrutar de un mate, tomar once o simplemente a sentarse y contemplar el paisaje y la ciudad. Tenemos la impresi\u00f3n de que el orden de todas las funciones que debiera tener el lugar debiesen ir concadenas por esos recorridos que hoy en d\u00eda ya existen, eso desde una mirada urban\u00edstica, ahora bien, la informaci\u00f3n que se logre extraer del ejercicio de participaci\u00f3n es la que va a terminar definiendo, y quiz\u00e1s ratificando estas observaciones que tenemos de manera preliminar\u201d, apunt\u00f3 el arquitecto.<\/p>\n<p style=\"text-align: justify;\">Desde las agrupaciones sociales, Jorge Molina Vidal, presidente del Comit\u00e9 Ambiental Comunal y miembro de la Agrupaci\u00f3n de Gu\u00edas de Cochrane, indic\u00f3 que en el grupo en el cual \u00e9l trabaj\u00f3, definieron tres grandes usos: cultural, educativo y conservaci\u00f3n del medio ambiente. \u201cPrimero quiero decir que estoy gratamente sorprendido de que Bienes Nacionales haya propiciado este encuentro, en el que tome nuestro parecer de c\u00f3mo queremos que se desarrolle este lugar. Ahora respecto de sus usos, consideramos que es \u00f3ptimo para las organizaciones sociales y que integre un enfoque de protecci\u00f3n ambiental, en acciones como reforestaci\u00f3n; y que se ubiquen en sentido de la geograf\u00eda propia del lugar, ya que tiene zonas m\u00e1s accidentadas que podr\u00edan ser usadas, por ejemplo, para senderos interpretativos, senderos para bicicleta, escaladas, pr\u00e1cticas de primeros auxilio para los gu\u00edas, y las zonas de mejor acceso, podr\u00edan tener por destino usos familiares y para adultos mayores\u201d, detall\u00f3.<\/p>\n<p style=\"text-align: justify;\">Asimismo, Lissette Espinoza, presidenta del Colectivo Cheelkenue, agrupaci\u00f3n social dedicada al desarrollo de proyectos culturales, valor\u00f3 la instancia e inst\u00f3 a que el terreno en cuesti\u00f3n, tenga usos vinculados a la protecci\u00f3n del medio ambiente. \u201cEn el grupo en que le que trabaj\u00e9 concluimos que cada organizaci\u00f3n que haga uso de un terreno debiese tener como base la protecci\u00f3n del medio ambiente. En cuanto a nuestra organizaci\u00f3n no contamos con un espacio propio, dependemos de otras instituciones, como la municipalidad o los establecimientos educacionales, por lo que la necesidad est\u00e1 por contar con una infraestructura adecuada para desarrollar diversos talleres, que tengan relaci\u00f3n con el desarrollo de oficios u expresiones art\u00edsticas\u201d, expuso la dirigente social.<\/p>\n<p style=\"text-align: justify;\">Desde el inicio de su administraci\u00f3n la Seremi Morend Valdebenito y su equipo, han venido desarrollando diversas actividades de participaci\u00f3n ciudadana y que han contemplado di\u00e1logos abiertos a la comunidad y talleres de planificaci\u00f3n del territorio fiscal, los que se han realizado en las comunas de\u00a0 Villa O\u00b4Higgins, Tortel, Cisnes, Guaitecas y ahora en Cochrane.<\/p>\n<\/div><\/section><\/div><div  style='height:50px' class='hr hr-invisible   avia-builder-el-6  el_after_av_one_full  el_before_av_social_share '><span class='hr-inner ' ><span class='hr-inner-style'><\/span><\/span><\/div><\/p>\n<div  class='av-social-sharing-box  avia-builder-el-7  el_after_av_hr  el_before_av_hr  '><div class='av-share-box'><h5 class='av-share-link-description av-no-toc '>Compartir esta noticia<\/h5><ul class='av-share-box-list noLightbox'><li class='av-share-link av-social-link-facebook' ><a target=\"_blank\" aria-label=\"Compartir en Facebook\" href='https:\/\/www.facebook.com\/sharer.php?u=https:\/\/radiorevelacionfm.cl\/?p=29442&#038;t=Cochrane%3A%20Vecinos%20dialogaron%20en%20torno%20a%20los%20usos%20que%20quieren%20dar%20a%20terreno%20fiscal%20que%20estaba%20tomado%20ilegalmente' aria-hidden='false' data-av_icon='\ue8f3' data-av_iconfont='entypo-fontello' title='' data-avia-related-tooltip='Compartir en Facebook' rel=\"noopener\"><span class='avia_hidden_link_text'>Compartir en Facebook<\/span><\/a><\/li><li class='av-share-link av-social-link-twitter' ><a target=\"_blank\" aria-label=\"Compartir en Twitter\" href='https:\/\/twitter.com\/share?text=Cochrane%3A%20Vecinos%20dialogaron%20en%20torno%20a%20los%20usos%20que%20quieren%20dar%20a%20terreno%20fiscal%20que%20estaba%20tomado%20ilegalmente&#038;url=https:\/\/radiorevelacionfm.cl\/?p=29442' aria-hidden='false' data-av_icon='\ue8f1' data-av_iconfont='entypo-fontello' title='' data-avia-related-tooltip='Compartir en Twitter' rel=\"noopener\"><span class='avia_hidden_link_text'>Compartir en Twitter<\/span><\/a><\/li><li class='av-share-link av-social-link-whatsapp' ><a target=\"_blank\" aria-label=\"Compartir en Whatsapp\" href='https:\/\/api.whatsapp.com\/send?text=https:\/\/radiorevelacionfm.cl\/?p=29442' aria-hidden='false' data-av_icon='\uf232' data-av_iconfont='entypo-fontello' title='' data-avia-related-tooltip='Compartir en Whatsapp' rel=\"noopener\"><span class='avia_hidden_link_text'>Compartir en Whatsapp<\/span><\/a><\/li><li class='av-share-link av-social-link-linkedin' ><a target=\"_blank\" aria-label=\"Compartir en LinkedIn\" href='https:\/\/linkedin.com\/shareArticle?mini=true&#038;title=Cochrane%3A%20Vecinos%20dialogaron%20en%20torno%20a%20los%20usos%20que%20quieren%20dar%20a%20terreno%20fiscal%20que%20estaba%20tomado%20ilegalmente&#038;url=https:\/\/radiorevelacionfm.cl\/?p=29442' aria-hidden='false' data-av_icon='\ue8fc' data-av_iconfont='entypo-fontello' title='' data-avia-related-tooltip='Compartir en LinkedIn' rel=\"noopener\"><span class='avia_hidden_link_text'>Compartir en LinkedIn<\/span><\/a><\/li><li class='av-share-link av-social-link-mail' ><a  aria-label=\"Compartir por correo\" href='mailto:?subject=Cochrane%3A%20Vecinos%20dialogaron%20en%20torno%20a%20los%20usos%20que%20quieren%20dar%20a%20terreno%20fiscal%20que%20estaba%20tomado%20ilegalmente&#038;body=https:\/\/radiorevelacionfm.cl\/?p=29442' aria-hidden='false' data-av_icon='\ue805' data-av_iconfont='entypo-fontello' title='' data-avia-related-tooltip='Compartir por correo'><span class='avia_hidden_link_text'>Compartir por correo<\/span><\/a><\/li><\/ul><\/div><\/div>\n<div  style='height:50px' class='hr hr-invisible   avia-builder-el-8  el_after_av_social_share  el_before_av_comments_list '><span class='hr-inner ' ><span class='hr-inner-style'><\/span><\/span><\/div>\n<div  class='av-buildercomment  av-blog-meta-html-info-disabled av-blog-meta-tag-disabled  '><\/div>\n","protected":false},"excerpt":{"rendered":"","protected":false},"author":1,"featured_media":29443,"comment_status":"open","ping_status":"open","sticky":false,"template":"","format":"standard","meta":{"footnotes":""},"categories":[38],"tags":[],"class_list":["post-29442","post","type-post","status-publish","format-standard","has-post-thumbnail","hentry","category-regional"],"jetpack_featured_media_url":"https:\/\/radiorevelacionfm.cl\/wp-content\/uploads\/2023\/03\/6-36-1-1.jpg","_links":{"self":[{"href":"https:\/\/radiorevelacionfm.cl\/index.php?rest_route=\/wp\/v2\/posts\/29442","targetHints":{"allow":["GET"]}}],"collection":[{"href":"https:\/\/radiorevelacionfm.cl\/index.php?rest_route=\/wp\/v2\/posts"}],"about":[{"href":"https:\/\/radiorevelacionfm.cl\/index.php?rest_route=\/wp\/v2\/types\/post"}],"author":[{"embeddable":true,"href":"https:\/\/radiorevelacionfm.cl\/index.php?rest_route=\/wp\/v2\/users\/1"}],"replies":[{"embeddable":true,"href":"https:\/\/radiorevelacionfm.cl\/index.php?rest_route=%2Fwp%2Fv2%2Fcomments&post=29442"}],"version-history":[{"count":1,"href":"https:\/\/radiorevelacionfm.cl\/index.php?rest_route=\/wp\/v2\/posts\/29442\/revisions"}],"predecessor-version":[{"id":29444,"href":"https:\/\/radiorevelacionfm.cl\/index.php?rest_route=\/wp\/v2\/posts\/29442\/revisions\/29444"}],"wp:featuredmedia":[{"embeddable":true,"href":"https:\/\/radiorevelacionfm.cl\/index.php?rest_route=\/wp\/v2\/media\/29443"}],"wp:attachment":[{"href":"https:\/\/radiorevelacionfm.cl\/index.php?rest_route=%2Fwp%2Fv2%2Fmedia&parent=29442"}],"wp:term":[{"taxonomy":"category","embeddable":true,"href":"https:\/\/radiorevelacionfm.cl\/index.php?rest_route=%2Fwp%2Fv2%2Fcategories&post=29442"},{"taxonomy":"post_tag","embeddable":true,"href":"https:\/\/radiorevelacionfm.cl\/index.php?rest_route=%2Fwp%2Fv2%2Ftags&post=29442"}],"curies":[{"name":"wp","href":"https:\/\/api.w.org\/{rel}","templated":true}]}}