{"id":29439,"date":"2023-03-28T18:37:41","date_gmt":"2023-03-28T21:37:41","guid":{"rendered":"https:\/\/radiorevelacionfm.cl\/?p=29439"},"modified":"2023-03-28T18:37:41","modified_gmt":"2023-03-28T21:37:41","slug":"alcalde-de-aysen-realiza-visita-junto-a-equipo-municipal-a-isla-las-huichas","status":"publish","type":"post","link":"https:\/\/radiorevelacionfm.cl\/?p=29439","title":{"rendered":"Alcalde de Ays\u00e9n realiza visita junto a equipo municipal a Isla las Huichas"},"content":{"rendered":"<div class=\"flex_column av_one_full  flex_column_div av-zero-column-padding first  avia-builder-el-0  el_before_av_one_full  avia-builder-el-first  \" style='border-radius:0px; '><div  class='avia-image-container  av-styling-    avia-builder-el-1  avia-builder-el-no-sibling  avia-align-center '  itemprop=\"image\" itemscope=\"itemscope\" itemtype=\"https:\/\/schema.org\/ImageObject\"  ><div class='avia-image-container-inner'><div class='avia-image-overlay-wrap'><img decoding=\"async\" class='wp-image-29440 avia-img-lazy-loading-not-29440 avia_image' src=\"https:\/\/radiorevelacionfm.cl\/wp-content\/uploads\/2023\/03\/pxl_20230328_161033218-1_optimized-1.jpg\" alt='' title='pxl_20230328_161033218-(1)_optimized (1)' height=\"600\" width=\"902\"  itemprop=\"thumbnailUrl\" srcset=\"https:\/\/radiorevelacionfm.cl\/wp-content\/uploads\/2023\/03\/pxl_20230328_161033218-1_optimized-1.jpg 902w, https:\/\/radiorevelacionfm.cl\/wp-content\/uploads\/2023\/03\/pxl_20230328_161033218-1_optimized-1-300x200.jpg 300w, https:\/\/radiorevelacionfm.cl\/wp-content\/uploads\/2023\/03\/pxl_20230328_161033218-1_optimized-1-768x511.jpg 768w, https:\/\/radiorevelacionfm.cl\/wp-content\/uploads\/2023\/03\/pxl_20230328_161033218-1_optimized-1-705x469.jpg 705w, https:\/\/radiorevelacionfm.cl\/wp-content\/uploads\/2023\/03\/pxl_20230328_161033218-1_optimized-1-450x299.jpg 450w, https:\/\/radiorevelacionfm.cl\/wp-content\/uploads\/2023\/03\/pxl_20230328_161033218-1_optimized-1-600x399.jpg 600w\" sizes=\"(max-width: 902px) 100vw, 902px\" \/><\/div><\/div><\/div><\/div><div class=\"flex_column av_one_full  flex_column_div av-zero-column-padding first  avia-builder-el-2  el_after_av_one_full  el_before_av_one_full  column-top-margin\" style='border-radius:0px; '><section class=\"av_textblock_section \"  itemscope=\"itemscope\" itemtype=\"https:\/\/schema.org\/BlogPosting\" itemprop=\"blogPost\" ><div class='avia_textblock  '   itemprop=\"text\" ><p style=\"text-align: center;\"><span style=\"font-size: 18pt;\"><strong>Alcalde de Ays\u00e9n realiza visita junto a equipo municipal a Isla las Huichas\u00a0\u00a0\u00a0\u00a0\u00a0\u00a0 <\/strong><\/span><\/p>\n<div id=\"gtx-trans\" style=\"position: absolute; left: -50px; top: 4.31534px;\">\n<div class=\"gtx-trans-icon\"><\/div>\n<\/div>\n<\/div><\/section><\/div><div class=\"flex_column av_one_full  flex_column_div av-zero-column-padding first  avia-builder-el-4  el_after_av_one_full  el_before_av_hr  column-top-margin\" style='border-radius:0px; '><section class=\"av_textblock_section \"  itemscope=\"itemscope\" itemtype=\"https:\/\/schema.org\/BlogPosting\" itemprop=\"blogPost\" ><div class='avia_textblock  '   itemprop=\"text\" ><p style=\"text-align: justify;\">Esta semana, el alcalde de Ays\u00e9n, Julio Uribe Alvarado, junto a funcionarios municipales de diversas direcciones, se encuentra realizando una visita a Puerto Aguirre, Estero Copa y Caleta Andrade, en Isla las Huichas, en las que se abordar\u00e1n los avances en los diferentes proyectos contemplados para las localidades, adem\u00e1s de ejecutar trabajos en terreno.<\/p>\n<p style=\"text-align: justify;\">En esta instancia, que se realizar\u00e1 entre los d\u00edas 28 y 29 de marzo, el alcalde Uribe mantendr\u00e1 reuniones con diversos representantes de las juntas vecinales y organizaciones comunitarias de la isla, en las cuales tambi\u00e9n se contempla la presencia del representante de la Subdere, para tratar los diversos problemas que afectan a la comunidad, as\u00ed como evaluar futuros proyectos a ejecutar.<\/p>\n<p style=\"text-align: justify;\">El equipo de Secplan, representado por su encargada, Roc\u00edo B\u00f3rquez, asistir\u00e1 para informar a las Organizaciones Comunitarias respecto de la cartera de proyectos 2023-2024, en la que se expondr\u00e1 el estado en que se encuentra la gesti\u00f3n de algunas iniciativas, tales como el estadio de la isla, o el nuevo cementerio. Adem\u00e1s, se realizar\u00e1 una visita a las obras FRIL de administraci\u00f3n directa que ya se encuentran concretadas para efectuar una inspecci\u00f3n de las mismas.<\/p>\n<p style=\"text-align: justify;\">El equipo de la Direcci\u00f3n de Aseo, Ornato y Medio Ambiente (DAOMA) se encontrar\u00e1 en la isla para realizar diversas acciones en directo beneficio de los residentes del lugar, entre las que se contempla la mantenci\u00f3n de la ornamentaci\u00f3n e instalaci\u00f3n de ba\u00f1os en la sede CAM Las Rosas, la limpieza de predios cedidos para la construcci\u00f3n de nuevas sedes, la instalaci\u00f3n de ripio en diversos sectores de las localidades, el movimiento de piedras en el Muelle Artesanal, entre otras acciones.<\/p>\n<p style=\"text-align: justify;\">As\u00ed mismo, la jefa de la Unidad Asistencial de la Direcci\u00f3n de Desarrollo Comunitario, M\u00f3nica Mu\u00f1oz, junto a personal de Operaciones, realizar\u00e1 un levantamiento de informaci\u00f3n social para evaluar la situaci\u00f3n de las familias que lo han solicitado, adem\u00e1s de entregar informaci\u00f3n a las Organizaciones Comunitarias respecto de la postulaci\u00f3n a los fondos disponibles para sus proyectos.<\/p>\n<p style=\"text-align: justify;\">El trabajo conjunto en terreno con las Organizaciones Comunitarias y las Juntas de Vecinos es fundamental para que las obras a ejecutarse se encuentren alineadas con las necesidades de la comunidad. Con este tipo de acciones, la Municipalidad de Ays\u00e9n reafirma su compromiso de trabajar en coordinaci\u00f3n directa en los diversos puntos del territorio comunal.<\/p>\n<\/div><\/section><\/div><div  style='height:50px' class='hr hr-invisible   avia-builder-el-6  el_after_av_one_full  el_before_av_social_share '><span class='hr-inner ' ><span class='hr-inner-style'><\/span><\/span><\/div><\/p>\n<div  class='av-social-sharing-box  avia-builder-el-7  el_after_av_hr  el_before_av_hr  '><div class='av-share-box'><h5 class='av-share-link-description av-no-toc '>Compartir esta noticia<\/h5><ul class='av-share-box-list noLightbox'><li class='av-share-link av-social-link-facebook' ><a target=\"_blank\" aria-label=\"Compartir en Facebook\" href='https:\/\/www.facebook.com\/sharer.php?u=https:\/\/radiorevelacionfm.cl\/?p=29439&#038;t=Alcalde%20de%20Ays%C3%A9n%20realiza%20visita%20junto%20a%20equipo%20municipal%20a%20Isla%20las%20Huichas' aria-hidden='false' data-av_icon='\ue8f3' data-av_iconfont='entypo-fontello' title='' data-avia-related-tooltip='Compartir en Facebook' rel=\"noopener\"><span class='avia_hidden_link_text'>Compartir en Facebook<\/span><\/a><\/li><li class='av-share-link av-social-link-twitter' ><a target=\"_blank\" aria-label=\"Compartir en Twitter\" href='https:\/\/twitter.com\/share?text=Alcalde%20de%20Ays%C3%A9n%20realiza%20visita%20junto%20a%20equipo%20municipal%20a%20Isla%20las%20Huichas&#038;url=https:\/\/radiorevelacionfm.cl\/?p=29439' aria-hidden='false' data-av_icon='\ue8f1' data-av_iconfont='entypo-fontello' title='' data-avia-related-tooltip='Compartir en Twitter' rel=\"noopener\"><span class='avia_hidden_link_text'>Compartir en Twitter<\/span><\/a><\/li><li class='av-share-link av-social-link-whatsapp' ><a target=\"_blank\" aria-label=\"Compartir en Whatsapp\" href='https:\/\/api.whatsapp.com\/send?text=https:\/\/radiorevelacionfm.cl\/?p=29439' aria-hidden='false' data-av_icon='\uf232' data-av_iconfont='entypo-fontello' title='' data-avia-related-tooltip='Compartir en Whatsapp' rel=\"noopener\"><span class='avia_hidden_link_text'>Compartir en Whatsapp<\/span><\/a><\/li><li class='av-share-link av-social-link-linkedin' ><a target=\"_blank\" aria-label=\"Compartir en LinkedIn\" href='https:\/\/linkedin.com\/shareArticle?mini=true&#038;title=Alcalde%20de%20Ays%C3%A9n%20realiza%20visita%20junto%20a%20equipo%20municipal%20a%20Isla%20las%20Huichas&#038;url=https:\/\/radiorevelacionfm.cl\/?p=29439' aria-hidden='false' data-av_icon='\ue8fc' data-av_iconfont='entypo-fontello' title='' data-avia-related-tooltip='Compartir en LinkedIn' rel=\"noopener\"><span class='avia_hidden_link_text'>Compartir en LinkedIn<\/span><\/a><\/li><li class='av-share-link av-social-link-mail' ><a  aria-label=\"Compartir por correo\" href='mailto:?subject=Alcalde%20de%20Ays%C3%A9n%20realiza%20visita%20junto%20a%20equipo%20municipal%20a%20Isla%20las%20Huichas&#038;body=https:\/\/radiorevelacionfm.cl\/?p=29439' aria-hidden='false' data-av_icon='\ue805' data-av_iconfont='entypo-fontello' title='' data-avia-related-tooltip='Compartir por correo'><span class='avia_hidden_link_text'>Compartir por correo<\/span><\/a><\/li><\/ul><\/div><\/div>\n<div  style='height:50px' class='hr hr-invisible   avia-builder-el-8  el_after_av_social_share  el_before_av_comments_list '><span class='hr-inner ' ><span class='hr-inner-style'><\/span><\/span><\/div>\n<div  class='av-buildercomment  av-blog-meta-html-info-disabled av-blog-meta-tag-disabled  '><\/div>\n","protected":false},"excerpt":{"rendered":"","protected":false},"author":1,"featured_media":29440,"comment_status":"open","ping_status":"open","sticky":false,"template":"","format":"standard","meta":{"footnotes":""},"categories":[38],"tags":[],"class_list":["post-29439","post","type-post","status-publish","format-standard","has-post-thumbnail","hentry","category-regional"],"jetpack_featured_media_url":"https:\/\/radiorevelacionfm.cl\/wp-content\/uploads\/2023\/03\/pxl_20230328_161033218-1_optimized-1.jpg","_links":{"self":[{"href":"https:\/\/radiorevelacionfm.cl\/index.php?rest_route=\/wp\/v2\/posts\/29439","targetHints":{"allow":["GET"]}}],"collection":[{"href":"https:\/\/radiorevelacionfm.cl\/index.php?rest_route=\/wp\/v2\/posts"}],"about":[{"href":"https:\/\/radiorevelacionfm.cl\/index.php?rest_route=\/wp\/v2\/types\/post"}],"author":[{"embeddable":true,"href":"https:\/\/radiorevelacionfm.cl\/index.php?rest_route=\/wp\/v2\/users\/1"}],"replies":[{"embeddable":true,"href":"https:\/\/radiorevelacionfm.cl\/index.php?rest_route=%2Fwp%2Fv2%2Fcomments&post=29439"}],"version-history":[{"count":1,"href":"https:\/\/radiorevelacionfm.cl\/index.php?rest_route=\/wp\/v2\/posts\/29439\/revisions"}],"predecessor-version":[{"id":29441,"href":"https:\/\/radiorevelacionfm.cl\/index.php?rest_route=\/wp\/v2\/posts\/29439\/revisions\/29441"}],"wp:featuredmedia":[{"embeddable":true,"href":"https:\/\/radiorevelacionfm.cl\/index.php?rest_route=\/wp\/v2\/media\/29440"}],"wp:attachment":[{"href":"https:\/\/radiorevelacionfm.cl\/index.php?rest_route=%2Fwp%2Fv2%2Fmedia&parent=29439"}],"wp:term":[{"taxonomy":"category","embeddable":true,"href":"https:\/\/radiorevelacionfm.cl\/index.php?rest_route=%2Fwp%2Fv2%2Fcategories&post=29439"},{"taxonomy":"post_tag","embeddable":true,"href":"https:\/\/radiorevelacionfm.cl\/index.php?rest_route=%2Fwp%2Fv2%2Ftags&post=29439"}],"curies":[{"name":"wp","href":"https:\/\/api.w.org\/{rel}","templated":true}]}}