{"id":29432,"date":"2023-03-28T12:58:30","date_gmt":"2023-03-28T15:58:30","guid":{"rendered":"https:\/\/radiorevelacionfm.cl\/?p=29432"},"modified":"2023-03-28T12:58:30","modified_gmt":"2023-03-28T15:58:30","slug":"rinas-escolares-preocupan-a-autoridades-regionales-concretan-reunion-con-policias-para-abordar-situacion","status":"publish","type":"post","link":"https:\/\/radiorevelacionfm.cl\/?p=29432","title":{"rendered":"Ri\u00f1as escolares preocupan a autoridades regionales, concretan reuni\u00f3n con polic\u00edas para abordar situaci\u00f3n"},"content":{"rendered":"<div class=\"flex_column av_one_full  flex_column_div av-zero-column-padding first  avia-builder-el-0  el_before_av_one_full  avia-builder-el-first  \" style='border-radius:0px; '><div  class='avia-image-container  av-styling-    avia-builder-el-1  avia-builder-el-no-sibling  avia-align-center '  itemprop=\"image\" itemscope=\"itemscope\" itemtype=\"https:\/\/schema.org\/ImageObject\"  ><div class='avia-image-container-inner'><div class='avia-image-overlay-wrap'><img decoding=\"async\" class='wp-image-29434 avia-img-lazy-loading-not-29434 avia_image' src=\"https:\/\/radiorevelacionfm.cl\/wp-content\/uploads\/2023\/03\/b704cf9f-b007-42cd-b5d2-23b90462c543-1-1.jpg\" alt='' title='b704cf9f-b007-42cd-b5d2-23b90462c543 (1) (1)' height=\"600\" width=\"929\"  itemprop=\"thumbnailUrl\" srcset=\"https:\/\/radiorevelacionfm.cl\/wp-content\/uploads\/2023\/03\/b704cf9f-b007-42cd-b5d2-23b90462c543-1-1.jpg 929w, https:\/\/radiorevelacionfm.cl\/wp-content\/uploads\/2023\/03\/b704cf9f-b007-42cd-b5d2-23b90462c543-1-1-300x194.jpg 300w, https:\/\/radiorevelacionfm.cl\/wp-content\/uploads\/2023\/03\/b704cf9f-b007-42cd-b5d2-23b90462c543-1-1-768x496.jpg 768w, https:\/\/radiorevelacionfm.cl\/wp-content\/uploads\/2023\/03\/b704cf9f-b007-42cd-b5d2-23b90462c543-1-1-705x455.jpg 705w, https:\/\/radiorevelacionfm.cl\/wp-content\/uploads\/2023\/03\/b704cf9f-b007-42cd-b5d2-23b90462c543-1-1-450x291.jpg 450w, https:\/\/radiorevelacionfm.cl\/wp-content\/uploads\/2023\/03\/b704cf9f-b007-42cd-b5d2-23b90462c543-1-1-600x388.jpg 600w\" sizes=\"(max-width: 929px) 100vw, 929px\" \/><\/div><\/div><\/div><\/div><div class=\"flex_column av_one_full  flex_column_div av-zero-column-padding first  avia-builder-el-2  el_after_av_one_full  el_before_av_one_full  column-top-margin\" style='border-radius:0px; '><section class=\"av_textblock_section \"  itemscope=\"itemscope\" itemtype=\"https:\/\/schema.org\/BlogPosting\" itemprop=\"blogPost\" ><div class='avia_textblock  '   itemprop=\"text\" ><p style=\"text-align: center;\"><strong><span style=\"font-size: 18pt;\">Ri\u00f1as escolares preocupan a autoridades regionales, concretan reuni\u00f3n con polic\u00edas para abordar situaci\u00f3n<\/span><\/strong><\/p>\n<div id=\"gtx-trans\" style=\"position: absolute; left: -50px; top: 4.31534px;\">\n<div class=\"gtx-trans-icon\"><\/div>\n<\/div>\n<\/div><\/section><\/div><div class=\"flex_column av_one_full  flex_column_div av-zero-column-padding first  avia-builder-el-4  el_after_av_one_full  el_before_av_hr  column-top-margin\" style='border-radius:0px; '><section class=\"av_textblock_section \"  itemscope=\"itemscope\" itemtype=\"https:\/\/schema.org\/BlogPosting\" itemprop=\"blogPost\" ><div class='avia_textblock  '   itemprop=\"text\" ><p style=\"font-weight: 400; text-align: justify;\">La ma\u00f1ana del lunes 27 el Gobierno concret\u00f3 una reuni\u00f3n con Carabineros y PDI para analizar las ri\u00f1as escolares ocurridas en la capital regional durante las \u00faltimas semanas. El encuentro fue encabezado por el delegado presidencial (S.) Samuel Navarro y cont\u00f3 con la participaci\u00f3n de la seremi de educaci\u00f3n Isabel Garrido, el comisario de la 1ra Comisar\u00eda de Carabineros de Coyhaique, Mayor Franco Herrera, el subprefecto de servicios de la Prefectura de Carabineros de Ays\u00e9n, Teniente Coronel Cristian Morgenstern y la prefecta de la Polic\u00eda de Investigaciones de Chile, Carolina Namor.<\/p>\n<p style=\"font-weight: 400; text-align: justify;\">Al respecto, la seremi de educaci\u00f3n indic\u00f3 que el Gobierno ya est\u00e1 enfrentando esta situaci\u00f3n. \u201cDesde el d\u00eda uno estamos ocupados en la convivencia escolar a trav\u00e9s del Plan de Reactivaci\u00f3n Educativa y acciones preventivas. Hago un llamado a padres, madres y apoderados a que dialoguen con sus hijos e hijas, porque ellos replican las din\u00e1micas violentas que observan en su entorno. Este tipo de situaciones son estructurales y nos corresponde como sociedad completa hacernos cargo\u201d, indic\u00f3.<\/p>\n<p style=\"font-weight: 400; text-align: justify;\">Desde la Delegaci\u00f3n Presidencial afirmaron que gracias al trabajo coordinado con las polic\u00edas se han establecido algunos elementos de mucha preocupaci\u00f3n, como por ejemplo, que las peleas que involucran a estudiantes no solamente se han incrementado, sino que adem\u00e1s en algunas de ellas han participado menores de edad que cursan apenas el 6to b\u00e1sico.<\/p>\n<p style=\"font-weight: 400; text-align: justify;\">\u201cHemos estado reuni\u00e9ndonos con las polic\u00edas, con la seremi de educaci\u00f3n y los representantes de establecimientos educacionales, para abordar este fen\u00f3meno de manera integral\u201d, indic\u00f3 el delegado (S.), agregando que se est\u00e1 trabajando de manera coordinada.<\/p>\n<p style=\"font-weight: 400; text-align: justify;\">\u201cEsto es un problema social de mayor envergadura que vamos a enfrentar no solamente mediante acciones judiciales, para determinar si hay delitos por la organizaci\u00f3n de estas peleas, ya sea por parte de menores o por parte de mayores de edad. Debemos enfrentarlo tambi\u00e9n con los padres y apoderados por su responsabilidad en la crianza de los ni\u00f1os\u201d, recalc\u00f3 el delegado presidencial (S.) Samuel Navarro.<\/p>\n<\/div><\/section><\/div><div  style='height:50px' class='hr hr-invisible   avia-builder-el-6  el_after_av_one_full  el_before_av_social_share '><span class='hr-inner ' ><span class='hr-inner-style'><\/span><\/span><\/div><\/p>\n<div  class='av-social-sharing-box  avia-builder-el-7  el_after_av_hr  el_before_av_hr  '><div class='av-share-box'><h5 class='av-share-link-description av-no-toc '>Compartir esta noticia<\/h5><ul class='av-share-box-list noLightbox'><li class='av-share-link av-social-link-facebook' ><a target=\"_blank\" aria-label=\"Compartir en Facebook\" href='https:\/\/www.facebook.com\/sharer.php?u=https:\/\/radiorevelacionfm.cl\/?p=29432&#038;t=Ri%C3%B1as%20escolares%20preocupan%20a%20autoridades%20regionales%2C%20concretan%20reuni%C3%B3n%20con%20polic%C3%ADas%20para%20abordar%20situaci%C3%B3n' aria-hidden='false' data-av_icon='\ue8f3' data-av_iconfont='entypo-fontello' title='' data-avia-related-tooltip='Compartir en Facebook' rel=\"noopener\"><span class='avia_hidden_link_text'>Compartir en Facebook<\/span><\/a><\/li><li class='av-share-link av-social-link-twitter' ><a target=\"_blank\" aria-label=\"Compartir en Twitter\" href='https:\/\/twitter.com\/share?text=Ri%C3%B1as%20escolares%20preocupan%20a%20autoridades%20regionales%2C%20concretan%20reuni%C3%B3n%20con%20polic%C3%ADas%20para%20abordar%20situaci%C3%B3n&#038;url=https:\/\/radiorevelacionfm.cl\/?p=29432' aria-hidden='false' data-av_icon='\ue8f1' data-av_iconfont='entypo-fontello' title='' data-avia-related-tooltip='Compartir en Twitter' rel=\"noopener\"><span class='avia_hidden_link_text'>Compartir en Twitter<\/span><\/a><\/li><li class='av-share-link av-social-link-whatsapp' ><a target=\"_blank\" aria-label=\"Compartir en Whatsapp\" href='https:\/\/api.whatsapp.com\/send?text=https:\/\/radiorevelacionfm.cl\/?p=29432' aria-hidden='false' data-av_icon='\uf232' data-av_iconfont='entypo-fontello' title='' data-avia-related-tooltip='Compartir en Whatsapp' rel=\"noopener\"><span class='avia_hidden_link_text'>Compartir en Whatsapp<\/span><\/a><\/li><li class='av-share-link av-social-link-linkedin' ><a target=\"_blank\" aria-label=\"Compartir en LinkedIn\" href='https:\/\/linkedin.com\/shareArticle?mini=true&#038;title=Ri%C3%B1as%20escolares%20preocupan%20a%20autoridades%20regionales%2C%20concretan%20reuni%C3%B3n%20con%20polic%C3%ADas%20para%20abordar%20situaci%C3%B3n&#038;url=https:\/\/radiorevelacionfm.cl\/?p=29432' aria-hidden='false' data-av_icon='\ue8fc' data-av_iconfont='entypo-fontello' title='' data-avia-related-tooltip='Compartir en LinkedIn' rel=\"noopener\"><span class='avia_hidden_link_text'>Compartir en LinkedIn<\/span><\/a><\/li><li class='av-share-link av-social-link-mail' ><a  aria-label=\"Compartir por correo\" href='mailto:?subject=Ri%C3%B1as%20escolares%20preocupan%20a%20autoridades%20regionales%2C%20concretan%20reuni%C3%B3n%20con%20polic%C3%ADas%20para%20abordar%20situaci%C3%B3n&#038;body=https:\/\/radiorevelacionfm.cl\/?p=29432' aria-hidden='false' data-av_icon='\ue805' data-av_iconfont='entypo-fontello' title='' data-avia-related-tooltip='Compartir por correo'><span class='avia_hidden_link_text'>Compartir por correo<\/span><\/a><\/li><\/ul><\/div><\/div>\n<div  style='height:50px' class='hr hr-invisible   avia-builder-el-8  el_after_av_social_share  el_before_av_comments_list '><span class='hr-inner ' ><span class='hr-inner-style'><\/span><\/span><\/div>\n<div  class='av-buildercomment  av-blog-meta-html-info-disabled av-blog-meta-tag-disabled  '><\/div>\n","protected":false},"excerpt":{"rendered":"","protected":false},"author":1,"featured_media":29434,"comment_status":"open","ping_status":"open","sticky":false,"template":"","format":"standard","meta":{"footnotes":""},"categories":[38],"tags":[],"class_list":["post-29432","post","type-post","status-publish","format-standard","has-post-thumbnail","hentry","category-regional"],"jetpack_featured_media_url":"https:\/\/radiorevelacionfm.cl\/wp-content\/uploads\/2023\/03\/b704cf9f-b007-42cd-b5d2-23b90462c543-1-1.jpg","_links":{"self":[{"href":"https:\/\/radiorevelacionfm.cl\/index.php?rest_route=\/wp\/v2\/posts\/29432","targetHints":{"allow":["GET"]}}],"collection":[{"href":"https:\/\/radiorevelacionfm.cl\/index.php?rest_route=\/wp\/v2\/posts"}],"about":[{"href":"https:\/\/radiorevelacionfm.cl\/index.php?rest_route=\/wp\/v2\/types\/post"}],"author":[{"embeddable":true,"href":"https:\/\/radiorevelacionfm.cl\/index.php?rest_route=\/wp\/v2\/users\/1"}],"replies":[{"embeddable":true,"href":"https:\/\/radiorevelacionfm.cl\/index.php?rest_route=%2Fwp%2Fv2%2Fcomments&post=29432"}],"version-history":[{"count":1,"href":"https:\/\/radiorevelacionfm.cl\/index.php?rest_route=\/wp\/v2\/posts\/29432\/revisions"}],"predecessor-version":[{"id":29435,"href":"https:\/\/radiorevelacionfm.cl\/index.php?rest_route=\/wp\/v2\/posts\/29432\/revisions\/29435"}],"wp:featuredmedia":[{"embeddable":true,"href":"https:\/\/radiorevelacionfm.cl\/index.php?rest_route=\/wp\/v2\/media\/29434"}],"wp:attachment":[{"href":"https:\/\/radiorevelacionfm.cl\/index.php?rest_route=%2Fwp%2Fv2%2Fmedia&parent=29432"}],"wp:term":[{"taxonomy":"category","embeddable":true,"href":"https:\/\/radiorevelacionfm.cl\/index.php?rest_route=%2Fwp%2Fv2%2Fcategories&post=29432"},{"taxonomy":"post_tag","embeddable":true,"href":"https:\/\/radiorevelacionfm.cl\/index.php?rest_route=%2Fwp%2Fv2%2Ftags&post=29432"}],"curies":[{"name":"wp","href":"https:\/\/api.w.org\/{rel}","templated":true}]}}