{"id":29429,"date":"2023-03-28T12:14:17","date_gmt":"2023-03-28T15:14:17","guid":{"rendered":"https:\/\/radiorevelacionfm.cl\/?p=29429"},"modified":"2023-03-28T12:14:17","modified_gmt":"2023-03-28T15:14:17","slug":"diputada-raphael-es-lamentable-que-se-hayan-tenido-que-producir-dos-perdidas-de-vidas-humanas-en-menos-de-15-dias-para-que-el-gobierno-tomara-conciencia","status":"publish","type":"post","link":"https:\/\/radiorevelacionfm.cl\/?p=29429","title":{"rendered":"Diputada Raphael: \u201cEs lamentable que se hayan tenido que producir dos p\u00e9rdidas de vidas humanas en menos de 15 d\u00edas para que el gobierno tomara conciencia\u201d"},"content":{"rendered":"<div class=\"flex_column av_one_full  flex_column_div av-zero-column-padding first  avia-builder-el-0  el_before_av_one_full  avia-builder-el-first  \" style='border-radius:0px; '><div  class='avia-image-container  av-styling-    avia-builder-el-1  avia-builder-el-no-sibling  avia-align-center '  itemprop=\"image\" itemscope=\"itemscope\" itemtype=\"https:\/\/schema.org\/ImageObject\"  ><div class='avia-image-container-inner'><div class='avia-image-overlay-wrap'><img decoding=\"async\" class='wp-image-29430 avia-img-lazy-loading-not-29430 avia_image' src=\"https:\/\/radiorevelacionfm.cl\/wp-content\/uploads\/2023\/03\/Diputada-MRM-1-1.jpg\" alt='' title='Diputada MRM (1) (1)' height=\"600\" width=\"901\"  itemprop=\"thumbnailUrl\" srcset=\"https:\/\/radiorevelacionfm.cl\/wp-content\/uploads\/2023\/03\/Diputada-MRM-1-1.jpg 901w, https:\/\/radiorevelacionfm.cl\/wp-content\/uploads\/2023\/03\/Diputada-MRM-1-1-300x200.jpg 300w, https:\/\/radiorevelacionfm.cl\/wp-content\/uploads\/2023\/03\/Diputada-MRM-1-1-768x511.jpg 768w, https:\/\/radiorevelacionfm.cl\/wp-content\/uploads\/2023\/03\/Diputada-MRM-1-1-705x469.jpg 705w, https:\/\/radiorevelacionfm.cl\/wp-content\/uploads\/2023\/03\/Diputada-MRM-1-1-450x300.jpg 450w, https:\/\/radiorevelacionfm.cl\/wp-content\/uploads\/2023\/03\/Diputada-MRM-1-1-600x400.jpg 600w\" sizes=\"(max-width: 901px) 100vw, 901px\" \/><\/div><\/div><\/div><\/div><div class=\"flex_column av_one_full  flex_column_div av-zero-column-padding first  avia-builder-el-2  el_after_av_one_full  el_before_av_one_full  column-top-margin\" style='border-radius:0px; '><section class=\"av_textblock_section \"  itemscope=\"itemscope\" itemtype=\"https:\/\/schema.org\/BlogPosting\" itemprop=\"blogPost\" ><div class='avia_textblock  '   itemprop=\"text\" ><p style=\"text-align: center;\"><span style=\"font-size: 18pt;\"><strong>Diputada Raphael: \u201cEs lamentable que se hayan tenido que producir dos\u00a0p\u00e9rdidas de vidas humanas en menos de 15 d\u00edas para que el gobierno tomara conciencia\u201d<\/strong><\/span><\/p>\n<div id=\"gtx-trans\" style=\"position: absolute; left: -50px; top: 4.31534px;\">\n<div class=\"gtx-trans-icon\"><\/div>\n<\/div>\n<\/div><\/section><\/div><div class=\"flex_column av_one_full  flex_column_div av-zero-column-padding first  avia-builder-el-4  el_after_av_one_full  el_before_av_hr  column-top-margin\" style='border-radius:0px; '><section class=\"av_textblock_section \"  itemscope=\"itemscope\" itemtype=\"https:\/\/schema.org\/BlogPosting\" itemprop=\"blogPost\" ><div class='avia_textblock  '   itemprop=\"text\" ><p style=\"text-align: justify;\">La diputada por la Regi\u00f3n de Ays\u00e9n, lamenta la muerte de la Sargento 2\u00b0 Rita Olivares en la comuna de Quilpu\u00e9, en la Regi\u00f3n de Valpara\u00edso durante un procedimiento. La legisladora, se\u00f1ala que \u201cChile est\u00e1 viviendo la peor crisis de seguridad de su historia, y las fuerzas de orden y seguridad requieren de todo el apoyo pol\u00edtico e institucional para combatir con todas las fuerzas la delincuencia y el narcotr\u00e1fico\u201d se\u00f1al\u00f3.<\/p>\n<p style=\"text-align: justify;\">Sin embargo,\u00a0para la Diputada la postura tomada por el Presidente Gabriel Boric y\u00a0la Ministra del Interior Carolina Toh\u00e1, llega tarde. Para la Diputada por el distrito 27, es lamentable la pol\u00edtica reactiva que ha tenido el ejecutivo en materia de seguridad, se\u00f1alando que se tuvo que lamentar la muerte del Cabo 1\u00b0 Salazar en Concepci\u00f3n, y ahora dela sargento Olivares, para que el gobierno pusiera urgencia a proyectos que llevan meses durmiendo en la C\u00e1mara de Diputados. Sin embargo, la legisladora lament\u00f3 que el ejecutivo no haya puesto urgencia a uno de los proyectos que entrega mayor protecci\u00f3n a carabineros a su juicio, como la Ley Retamal.<\/p>\n<p style=\"text-align: justify;\">\u201cDesde hace meses hemos pedido la urgencia por parte del gobierno a proyectos como la Ley Retamal, que aplica sanciones penales m\u00e1s dr\u00e1sticas contra quienes ataquen o asesinen a funcionarios policiales o de gendarmer\u00eda y tambi\u00e9n restringe los beneficios carcelarios a los mismos\u201d, sentenci\u00f3 Raphael.<\/p>\n<p style=\"text-align: justify;\">Raphael valora la decisi\u00f3n de suspender la semana distrital para enfocarse en temas de seguridad, afirmando que \u201cLleg\u00f3 el momento de darle el mayor respaldo a nuestras polic\u00edas que tanto lo necesitan para enfrentar la delincuencia y el narcotr\u00e1fico\u201d , se\u00f1alando tambi\u00e9n que se \u201cVer\u00e1 la verdadera cara del Frente Amplio y Partido Comunista, que durante 2021 votaron en contra otro proyecto emblem\u00e1tico como lo es la Ley Na\u00edn, que cont\u00f3 con votos de rechazo del Presidente Boric, de los Ministros Jackson y Vallejo, y un a\u00f1o despu\u00e9s fue aprobada por la C\u00e1mara de diputados, con votos en contra del PC y abstenciones por parte de Apruebo Dignidad\u201d , se\u00f1al\u00f3 Raphael.<\/p>\n<\/div><\/section><\/div><div  style='height:50px' class='hr hr-invisible   avia-builder-el-6  el_after_av_one_full  el_before_av_social_share '><span class='hr-inner ' ><span class='hr-inner-style'><\/span><\/span><\/div><\/p>\n<div  class='av-social-sharing-box  avia-builder-el-7  el_after_av_hr  el_before_av_hr  '><div class='av-share-box'><h5 class='av-share-link-description av-no-toc '>Compartir esta noticia<\/h5><ul class='av-share-box-list noLightbox'><li class='av-share-link av-social-link-facebook' ><a target=\"_blank\" aria-label=\"Compartir en Facebook\" href='https:\/\/www.facebook.com\/sharer.php?u=https:\/\/radiorevelacionfm.cl\/?p=29429&#038;t=Diputada%20Raphael%3A%20%E2%80%9CEs%20lamentable%20que%20se%20hayan%20tenido%20que%20producir%20dos%20p%C3%A9rdidas%20de%20vidas%20humanas%20en%20menos%20de%2015%20d%C3%ADas%20para%20que%20el%20gobierno%20tomara%20conciencia%E2%80%9D' aria-hidden='false' data-av_icon='\ue8f3' data-av_iconfont='entypo-fontello' title='' data-avia-related-tooltip='Compartir en Facebook' rel=\"noopener\"><span class='avia_hidden_link_text'>Compartir en Facebook<\/span><\/a><\/li><li class='av-share-link av-social-link-twitter' ><a target=\"_blank\" aria-label=\"Compartir en Twitter\" href='https:\/\/twitter.com\/share?text=Diputada%20Raphael%3A%20%E2%80%9CEs%20lamentable%20que%20se%20hayan%20tenido%20que%20producir%20dos%20p%C3%A9rdidas%20de%20vidas%20humanas%20en%20menos%20de%2015%20d%C3%ADas%20para%20que%20el%20gobierno%20tomara%20conciencia%E2%80%9D&#038;url=https:\/\/radiorevelacionfm.cl\/?p=29429' aria-hidden='false' data-av_icon='\ue8f1' data-av_iconfont='entypo-fontello' title='' data-avia-related-tooltip='Compartir en Twitter' rel=\"noopener\"><span class='avia_hidden_link_text'>Compartir en Twitter<\/span><\/a><\/li><li class='av-share-link av-social-link-whatsapp' ><a target=\"_blank\" aria-label=\"Compartir en Whatsapp\" href='https:\/\/api.whatsapp.com\/send?text=https:\/\/radiorevelacionfm.cl\/?p=29429' aria-hidden='false' data-av_icon='\uf232' data-av_iconfont='entypo-fontello' title='' data-avia-related-tooltip='Compartir en Whatsapp' rel=\"noopener\"><span class='avia_hidden_link_text'>Compartir en Whatsapp<\/span><\/a><\/li><li class='av-share-link av-social-link-linkedin' ><a target=\"_blank\" aria-label=\"Compartir en LinkedIn\" href='https:\/\/linkedin.com\/shareArticle?mini=true&#038;title=Diputada%20Raphael%3A%20%E2%80%9CEs%20lamentable%20que%20se%20hayan%20tenido%20que%20producir%20dos%20p%C3%A9rdidas%20de%20vidas%20humanas%20en%20menos%20de%2015%20d%C3%ADas%20para%20que%20el%20gobierno%20tomara%20conciencia%E2%80%9D&#038;url=https:\/\/radiorevelacionfm.cl\/?p=29429' aria-hidden='false' data-av_icon='\ue8fc' data-av_iconfont='entypo-fontello' title='' data-avia-related-tooltip='Compartir en LinkedIn' rel=\"noopener\"><span class='avia_hidden_link_text'>Compartir en LinkedIn<\/span><\/a><\/li><li class='av-share-link av-social-link-mail' ><a  aria-label=\"Compartir por correo\" href='mailto:?subject=Diputada%20Raphael%3A%20%E2%80%9CEs%20lamentable%20que%20se%20hayan%20tenido%20que%20producir%20dos%20p%C3%A9rdidas%20de%20vidas%20humanas%20en%20menos%20de%2015%20d%C3%ADas%20para%20que%20el%20gobierno%20tomara%20conciencia%E2%80%9D&#038;body=https:\/\/radiorevelacionfm.cl\/?p=29429' aria-hidden='false' data-av_icon='\ue805' data-av_iconfont='entypo-fontello' title='' data-avia-related-tooltip='Compartir por correo'><span class='avia_hidden_link_text'>Compartir por correo<\/span><\/a><\/li><\/ul><\/div><\/div>\n<div  style='height:50px' class='hr hr-invisible   avia-builder-el-8  el_after_av_social_share  el_before_av_comments_list '><span class='hr-inner ' ><span class='hr-inner-style'><\/span><\/span><\/div>\n<div  class='av-buildercomment  av-blog-meta-html-info-disabled av-blog-meta-tag-disabled  '><\/div>\n","protected":false},"excerpt":{"rendered":"","protected":false},"author":1,"featured_media":29430,"comment_status":"open","ping_status":"open","sticky":false,"template":"","format":"standard","meta":{"footnotes":""},"categories":[35],"tags":[],"class_list":["post-29429","post","type-post","status-publish","format-standard","has-post-thumbnail","hentry","category-politica"],"jetpack_featured_media_url":"https:\/\/radiorevelacionfm.cl\/wp-content\/uploads\/2023\/03\/Diputada-MRM-1-1.jpg","_links":{"self":[{"href":"https:\/\/radiorevelacionfm.cl\/index.php?rest_route=\/wp\/v2\/posts\/29429","targetHints":{"allow":["GET"]}}],"collection":[{"href":"https:\/\/radiorevelacionfm.cl\/index.php?rest_route=\/wp\/v2\/posts"}],"about":[{"href":"https:\/\/radiorevelacionfm.cl\/index.php?rest_route=\/wp\/v2\/types\/post"}],"author":[{"embeddable":true,"href":"https:\/\/radiorevelacionfm.cl\/index.php?rest_route=\/wp\/v2\/users\/1"}],"replies":[{"embeddable":true,"href":"https:\/\/radiorevelacionfm.cl\/index.php?rest_route=%2Fwp%2Fv2%2Fcomments&post=29429"}],"version-history":[{"count":1,"href":"https:\/\/radiorevelacionfm.cl\/index.php?rest_route=\/wp\/v2\/posts\/29429\/revisions"}],"predecessor-version":[{"id":29431,"href":"https:\/\/radiorevelacionfm.cl\/index.php?rest_route=\/wp\/v2\/posts\/29429\/revisions\/29431"}],"wp:featuredmedia":[{"embeddable":true,"href":"https:\/\/radiorevelacionfm.cl\/index.php?rest_route=\/wp\/v2\/media\/29430"}],"wp:attachment":[{"href":"https:\/\/radiorevelacionfm.cl\/index.php?rest_route=%2Fwp%2Fv2%2Fmedia&parent=29429"}],"wp:term":[{"taxonomy":"category","embeddable":true,"href":"https:\/\/radiorevelacionfm.cl\/index.php?rest_route=%2Fwp%2Fv2%2Fcategories&post=29429"},{"taxonomy":"post_tag","embeddable":true,"href":"https:\/\/radiorevelacionfm.cl\/index.php?rest_route=%2Fwp%2Fv2%2Ftags&post=29429"}],"curies":[{"name":"wp","href":"https:\/\/api.w.org\/{rel}","templated":true}]}}