{"id":29423,"date":"2023-03-28T11:55:21","date_gmt":"2023-03-28T14:55:21","guid":{"rendered":"https:\/\/radiorevelacionfm.cl\/?p=29423"},"modified":"2023-03-28T11:55:21","modified_gmt":"2023-03-28T14:55:21","slug":"agrupacion-de-artesanas-rio-claro-y-flores-del-chilco-lanzan-coleccion-textil-inspirada-en-el-bosque-aysenino","status":"publish","type":"post","link":"https:\/\/radiorevelacionfm.cl\/?p=29423","title":{"rendered":"Agrupaci\u00f3n de artesanas R\u00edo Claro y Flores del Chilco lanzan colecci\u00f3n textil inspirada en el bosque aysenino"},"content":{"rendered":"<div class=\"flex_column av_one_full  flex_column_div av-zero-column-padding first  avia-builder-el-0  el_before_av_one_full  avia-builder-el-first  \" style='border-radius:0px; '><div  class='avia-image-container  av-styling-    avia-builder-el-1  avia-builder-el-no-sibling  avia-align-center '  itemprop=\"image\" itemscope=\"itemscope\" itemtype=\"https:\/\/schema.org\/ImageObject\"  ><div class='avia-image-container-inner'><div class='avia-image-overlay-wrap'><img decoding=\"async\" class='wp-image-29424 avia-img-lazy-loading-not-29424 avia_image' src=\"https:\/\/radiorevelacionfm.cl\/wp-content\/uploads\/2023\/03\/artesanas-rio-claro-en-proceso-creativo-1_optimized.jpg\" alt='' title='artesanas-rio-claro-en-proceso-creativo--(1)_optimized' height=\"600\" width=\"800\"  itemprop=\"thumbnailUrl\" srcset=\"https:\/\/radiorevelacionfm.cl\/wp-content\/uploads\/2023\/03\/artesanas-rio-claro-en-proceso-creativo-1_optimized.jpg 800w, https:\/\/radiorevelacionfm.cl\/wp-content\/uploads\/2023\/03\/artesanas-rio-claro-en-proceso-creativo-1_optimized-300x225.jpg 300w, https:\/\/radiorevelacionfm.cl\/wp-content\/uploads\/2023\/03\/artesanas-rio-claro-en-proceso-creativo-1_optimized-768x576.jpg 768w, https:\/\/radiorevelacionfm.cl\/wp-content\/uploads\/2023\/03\/artesanas-rio-claro-en-proceso-creativo-1_optimized-705x529.jpg 705w, https:\/\/radiorevelacionfm.cl\/wp-content\/uploads\/2023\/03\/artesanas-rio-claro-en-proceso-creativo-1_optimized-450x338.jpg 450w, https:\/\/radiorevelacionfm.cl\/wp-content\/uploads\/2023\/03\/artesanas-rio-claro-en-proceso-creativo-1_optimized-600x450.jpg 600w\" sizes=\"(max-width: 800px) 100vw, 800px\" \/><\/div><\/div><\/div><\/div><div class=\"flex_column av_one_full  flex_column_div av-zero-column-padding first  avia-builder-el-2  el_after_av_one_full  el_before_av_one_full  column-top-margin\" style='border-radius:0px; '><section class=\"av_textblock_section \"  itemscope=\"itemscope\" itemtype=\"https:\/\/schema.org\/BlogPosting\" itemprop=\"blogPost\" ><div class='avia_textblock  '   itemprop=\"text\" ><p dir=\"ltr\" style=\"text-align: center;\"><strong><span style=\"font-size: 18pt;\">Agrupaci\u00f3n de artesanas R\u00edo Claro y Flores del Chilco lanzan colecci\u00f3n textil inspirada en el bosque aysenino<\/span><\/strong><\/p>\n<div id=\"gtx-trans\" style=\"position: absolute; left: -50px; top: 4.31534px;\">\n<div class=\"gtx-trans-icon\"><\/div>\n<\/div>\n<\/div><\/section><\/div><div class=\"flex_column av_one_full  flex_column_div av-zero-column-padding first  avia-builder-el-4  el_after_av_one_full  el_before_av_hr  column-top-margin\" style='border-radius:0px; '><section class=\"av_textblock_section \"  itemscope=\"itemscope\" itemtype=\"https:\/\/schema.org\/BlogPosting\" itemprop=\"blogPost\" ><div class='avia_textblock  '   itemprop=\"text\" ><p dir=\"ltr\" style=\"text-align: justify;\">Este s\u00e1bado 01 de abril a las 11:00 horas se inaugura \u201cCojines y choapinos del bosque aysenino\u201d, colecci\u00f3n textil realizada por artesanas de las agrupaciones de Villa Amengual y del sector El Claro de Coyhaique. Un proceso colectivo de creaci\u00f3n textil, acompa\u00f1ado por el equipo de Pulso Austral, donde destaca la importancia del trabajo colaborativo para vivenciar, a trav\u00e9s del arte, paisajes propios de nuestra regi\u00f3n. Esta iniciativa se enmarca en el programa Laboratorios Creativos de Oficios Textiles que en esta versi\u00f3n fue financiada por el Fondo Nacional de Desarrollo Cultural y de las Artes, Convocatoria 2022.<\/p>\n<p dir=\"ltr\" style=\"text-align: justify;\">En el dise\u00f1o de la exposici\u00f3n, han trabajado un total de 28 tejedoras, integrantes de la Agrupaci\u00f3n de Artesanas del R\u00edo Claro y la Agrupaci\u00f3n de Artesanas Flores del Chilco, de las comunas de Coyhaique y Lago Verde, quienes han desarrollado en conjunto un proceso de dise\u00f1o y confecci\u00f3n de una colecci\u00f3n textil de cojines y choapinos, que estar\u00e1 en exhibici\u00f3n hasta el 14 de abril.<\/p>\n<p dir=\"ltr\" style=\"text-align: justify;\">Para la historiadora y periodista, Catalina Camus, la importancia de este trabajo ha sido poder vincular dos grupos de artesanas tan distintos en un gran desaf\u00edo textil. \u201cUna agrupaci\u00f3n de larga trayectoria, con toda su tradici\u00f3n vinculada al campo y sus saberes asociados al proceso completo de la lana como Flores del Chilco, que ha podido reactivarse con este proyecto. Por otro lado, las Artesanas de R\u00edo Claro, una agrupaci\u00f3n que lleva cuatro a\u00f1os de vida, un grupo muy afiatado y que maneja una diversidad de t\u00e9cnicas textiles, y que por primera vez trabajaron juntas en una colecci\u00f3n de artesan\u00eda\u201d.<\/p>\n<p dir=\"ltr\" style=\"text-align: justify;\">Alejandra Chaparro, dise\u00f1adora del programa, complementa asegurando que el coraz\u00f3n de este trabajo ha sido \u201cfortalecer a las agrupaciones de artesanas, proporcion\u00e1ndoles un espacio con diversas actividades, para que puedan compartir conocimientos y saberes &#8211; a la vez- sentirse apoyadas y seguras\u201d. Entre estas acciones descritas, destacan los encuentros entre ellas y las salidas al bosque, para observar el entorno natural e inspirarse con el territorio. \u201cDesde estos trabajos en terreno no solo nace la inspiraci\u00f3n, sino las paletas de colores con las que trabajamos en sus productos\u201d, agrega.<\/p>\n<p dir=\"ltr\" style=\"text-align: justify;\">En esta l\u00ednea, Solange Navarro, artesana miembro de la agrupaci\u00f3n de R\u00edo Claro, destaca este esfuerzo conjunto: \u201cHa sido genial conocer a la otra agrupaci\u00f3n. El poder ver realidades distintas. Nos ha permitido mirarnos, hacernos un espejo y colaborar. Para ellas ha sido una inspiraci\u00f3n de reuni\u00f3n, para nosotras, la posibilidad de aprender otros oficios como el hilado y el te\u00f1ido de la lana\u201d. En ese contexto, agrega que poder participar de un espacio como esta exposici\u00f3n es una gran oportunidad de \u201cdarse a conocer a toda la regi\u00f3n\u00bb. Lo que les permite ir abriendo puertas en diversos lados.<\/p>\n<p dir=\"ltr\" style=\"text-align: justify;\">Por su parte, Ver\u00f3nica Ainol de la Agrupaci\u00f3n de Artesanas Flores del Chilco, destac\u00f3 la importancia que tiene para ellas lograr exponer ante toda la comunidad. Tambi\u00e9n, de lo que les ha significado, internamente, el proceso de reunirse de forma m\u00e1s seguida. \u201cMe ha gustado entregar este tiempo, que ha sido un tiempo para nosotras. Eso ha sido importante, porque nos dimos cuenta que pod\u00edamos volvernos a juntar como agrupaci\u00f3n\u201d.<\/p>\n<p dir=\"ltr\" style=\"text-align: justify;\">Adem\u00e1s del lanzamiento de la colecci\u00f3n, el programa de inauguraci\u00f3n incluye un conversatorio sobre oficios textiles y bienestar, algo central en el trabajo de Pulso Austral. Al respecto, Cecilia Moura, psic\u00f3loga y miembro fundadora de la organizaci\u00f3n destaca el espacio de red que se ha dado entre las artesanas. \u201cEl trabajo de los Laboratorios Creativos tiene una parte importante vinculada al oficio textil, pero tambi\u00e9n al poder articular redes de mujeres, para entregarles un espacio de bienestar, un grupo de pertenencia en donde se tejen confianzas y cari\u00f1os que sirven de base para una mejor salud mental\u201d.<\/p>\n<p dir=\"ltr\" style=\"text-align: justify;\">El programa Laboratorios Creativos de Oficios Textiles se ha desarrollado junto a diez agrupaciones de artesanas rurales de la regi\u00f3n de Ays\u00e9n, desde La Junta hasta Caleta Tortel, fortaleciendo los lazos de amistad, colaboraci\u00f3n y creaci\u00f3n entre mujeres artesanas.<\/p>\n<\/div><\/section><\/div><div  style='height:50px' class='hr hr-invisible   avia-builder-el-6  el_after_av_one_full  el_before_av_social_share '><span class='hr-inner ' ><span class='hr-inner-style'><\/span><\/span><\/div><\/p>\n<div  class='av-social-sharing-box  avia-builder-el-7  el_after_av_hr  el_before_av_hr  '><div class='av-share-box'><h5 class='av-share-link-description av-no-toc '>Compartir esta noticia<\/h5><ul class='av-share-box-list noLightbox'><li class='av-share-link av-social-link-facebook' ><a target=\"_blank\" aria-label=\"Compartir en Facebook\" href='https:\/\/www.facebook.com\/sharer.php?u=https:\/\/radiorevelacionfm.cl\/?p=29423&#038;t=Agrupaci%C3%B3n%20de%20artesanas%20R%C3%ADo%20Claro%20y%20Flores%20del%20Chilco%20lanzan%20colecci%C3%B3n%20textil%20inspirada%20en%20el%20bosque%20aysenino' aria-hidden='false' data-av_icon='\ue8f3' data-av_iconfont='entypo-fontello' title='' data-avia-related-tooltip='Compartir en Facebook' rel=\"noopener\"><span class='avia_hidden_link_text'>Compartir en Facebook<\/span><\/a><\/li><li class='av-share-link av-social-link-twitter' ><a target=\"_blank\" aria-label=\"Compartir en Twitter\" href='https:\/\/twitter.com\/share?text=Agrupaci%C3%B3n%20de%20artesanas%20R%C3%ADo%20Claro%20y%20Flores%20del%20Chilco%20lanzan%20colecci%C3%B3n%20textil%20inspirada%20en%20el%20bosque%20aysenino&#038;url=https:\/\/radiorevelacionfm.cl\/?p=29423' aria-hidden='false' data-av_icon='\ue8f1' data-av_iconfont='entypo-fontello' title='' data-avia-related-tooltip='Compartir en Twitter' rel=\"noopener\"><span class='avia_hidden_link_text'>Compartir en Twitter<\/span><\/a><\/li><li class='av-share-link av-social-link-whatsapp' ><a target=\"_blank\" aria-label=\"Compartir en Whatsapp\" href='https:\/\/api.whatsapp.com\/send?text=https:\/\/radiorevelacionfm.cl\/?p=29423' aria-hidden='false' data-av_icon='\uf232' data-av_iconfont='entypo-fontello' title='' data-avia-related-tooltip='Compartir en Whatsapp' rel=\"noopener\"><span class='avia_hidden_link_text'>Compartir en Whatsapp<\/span><\/a><\/li><li class='av-share-link av-social-link-linkedin' ><a target=\"_blank\" aria-label=\"Compartir en LinkedIn\" href='https:\/\/linkedin.com\/shareArticle?mini=true&#038;title=Agrupaci%C3%B3n%20de%20artesanas%20R%C3%ADo%20Claro%20y%20Flores%20del%20Chilco%20lanzan%20colecci%C3%B3n%20textil%20inspirada%20en%20el%20bosque%20aysenino&#038;url=https:\/\/radiorevelacionfm.cl\/?p=29423' aria-hidden='false' data-av_icon='\ue8fc' data-av_iconfont='entypo-fontello' title='' data-avia-related-tooltip='Compartir en LinkedIn' rel=\"noopener\"><span class='avia_hidden_link_text'>Compartir en LinkedIn<\/span><\/a><\/li><li class='av-share-link av-social-link-mail' ><a  aria-label=\"Compartir por correo\" href='mailto:?subject=Agrupaci%C3%B3n%20de%20artesanas%20R%C3%ADo%20Claro%20y%20Flores%20del%20Chilco%20lanzan%20colecci%C3%B3n%20textil%20inspirada%20en%20el%20bosque%20aysenino&#038;body=https:\/\/radiorevelacionfm.cl\/?p=29423' aria-hidden='false' data-av_icon='\ue805' data-av_iconfont='entypo-fontello' title='' data-avia-related-tooltip='Compartir por correo'><span class='avia_hidden_link_text'>Compartir por correo<\/span><\/a><\/li><\/ul><\/div><\/div>\n<div  style='height:50px' class='hr hr-invisible   avia-builder-el-8  el_after_av_social_share  el_before_av_comments_list '><span class='hr-inner ' ><span class='hr-inner-style'><\/span><\/span><\/div>\n<div  class='av-buildercomment  av-blog-meta-html-info-disabled av-blog-meta-tag-disabled  '><\/div>\n","protected":false},"excerpt":{"rendered":"","protected":false},"author":1,"featured_media":29424,"comment_status":"open","ping_status":"open","sticky":false,"template":"","format":"standard","meta":{"footnotes":""},"categories":[38],"tags":[],"class_list":["post-29423","post","type-post","status-publish","format-standard","has-post-thumbnail","hentry","category-regional"],"jetpack_featured_media_url":"https:\/\/radiorevelacionfm.cl\/wp-content\/uploads\/2023\/03\/artesanas-rio-claro-en-proceso-creativo-1_optimized.jpg","_links":{"self":[{"href":"https:\/\/radiorevelacionfm.cl\/index.php?rest_route=\/wp\/v2\/posts\/29423","targetHints":{"allow":["GET"]}}],"collection":[{"href":"https:\/\/radiorevelacionfm.cl\/index.php?rest_route=\/wp\/v2\/posts"}],"about":[{"href":"https:\/\/radiorevelacionfm.cl\/index.php?rest_route=\/wp\/v2\/types\/post"}],"author":[{"embeddable":true,"href":"https:\/\/radiorevelacionfm.cl\/index.php?rest_route=\/wp\/v2\/users\/1"}],"replies":[{"embeddable":true,"href":"https:\/\/radiorevelacionfm.cl\/index.php?rest_route=%2Fwp%2Fv2%2Fcomments&post=29423"}],"version-history":[{"count":1,"href":"https:\/\/radiorevelacionfm.cl\/index.php?rest_route=\/wp\/v2\/posts\/29423\/revisions"}],"predecessor-version":[{"id":29425,"href":"https:\/\/radiorevelacionfm.cl\/index.php?rest_route=\/wp\/v2\/posts\/29423\/revisions\/29425"}],"wp:featuredmedia":[{"embeddable":true,"href":"https:\/\/radiorevelacionfm.cl\/index.php?rest_route=\/wp\/v2\/media\/29424"}],"wp:attachment":[{"href":"https:\/\/radiorevelacionfm.cl\/index.php?rest_route=%2Fwp%2Fv2%2Fmedia&parent=29423"}],"wp:term":[{"taxonomy":"category","embeddable":true,"href":"https:\/\/radiorevelacionfm.cl\/index.php?rest_route=%2Fwp%2Fv2%2Fcategories&post=29423"},{"taxonomy":"post_tag","embeddable":true,"href":"https:\/\/radiorevelacionfm.cl\/index.php?rest_route=%2Fwp%2Fv2%2Ftags&post=29423"}],"curies":[{"name":"wp","href":"https:\/\/api.w.org\/{rel}","templated":true}]}}