{"id":29420,"date":"2023-03-28T18:00:04","date_gmt":"2023-03-28T21:00:04","guid":{"rendered":"https:\/\/radiorevelacionfm.cl\/?p=29420"},"modified":"2023-03-28T18:00:04","modified_gmt":"2023-03-28T21:00:04","slug":"el-enfoque-de-genero-una-prioridad-para-este-gobierno","status":"publish","type":"post","link":"https:\/\/radiorevelacionfm.cl\/?p=29420","title":{"rendered":"El Enfoque de G\u00e9nero, una prioridad para este gobierno"},"content":{"rendered":"<div class=\"flex_column av_one_full  flex_column_div av-zero-column-padding first  avia-builder-el-0  el_before_av_one_full  avia-builder-el-first  \" style='border-radius:0px; '><div  class='avia-image-container  av-styling-    avia-builder-el-1  avia-builder-el-no-sibling  avia-align-center '  itemprop=\"image\" itemscope=\"itemscope\" itemtype=\"https:\/\/schema.org\/ImageObject\"  ><div class='avia-image-container-inner'><div class='avia-image-overlay-wrap'><img decoding=\"async\" class='wp-image-29421 avia-img-lazy-loading-not-29421 avia_image' src=\"https:\/\/radiorevelacionfm.cl\/wp-content\/uploads\/2023\/03\/image-111-2_optimized.jpg\" alt='' title='image-111-2_optimized' height=\"600\" width=\"952\"  itemprop=\"thumbnailUrl\" srcset=\"https:\/\/radiorevelacionfm.cl\/wp-content\/uploads\/2023\/03\/image-111-2_optimized.jpg 952w, https:\/\/radiorevelacionfm.cl\/wp-content\/uploads\/2023\/03\/image-111-2_optimized-300x189.jpg 300w, https:\/\/radiorevelacionfm.cl\/wp-content\/uploads\/2023\/03\/image-111-2_optimized-768x484.jpg 768w, https:\/\/radiorevelacionfm.cl\/wp-content\/uploads\/2023\/03\/image-111-2_optimized-705x444.jpg 705w, https:\/\/radiorevelacionfm.cl\/wp-content\/uploads\/2023\/03\/image-111-2_optimized-450x284.jpg 450w, https:\/\/radiorevelacionfm.cl\/wp-content\/uploads\/2023\/03\/image-111-2_optimized-600x378.jpg 600w\" sizes=\"(max-width: 952px) 100vw, 952px\" \/><\/div><\/div><\/div><\/div><div class=\"flex_column av_one_full  flex_column_div av-zero-column-padding first  avia-builder-el-2  el_after_av_one_full  el_before_av_one_full  column-top-margin\" style='border-radius:0px; '><section class=\"av_textblock_section \"  itemscope=\"itemscope\" itemtype=\"https:\/\/schema.org\/BlogPosting\" itemprop=\"blogPost\" ><div class='avia_textblock  '   itemprop=\"text\" ><p style=\"text-align: center;\"><strong><span style=\"font-size: 18pt;\">El Enfoque de G\u00e9nero, una prioridad para este gobierno<\/span><\/strong><\/p>\n<div id=\"gtx-trans\" style=\"position: absolute; left: -50px; top: 4.31534px;\">\n<div class=\"gtx-trans-icon\"><\/div>\n<\/div>\n<\/div><\/section><\/div><div class=\"flex_column av_one_full  flex_column_div av-zero-column-padding first  avia-builder-el-4  el_after_av_one_full  el_before_av_hr  column-top-margin\" style='border-radius:0px; '><section class=\"av_textblock_section \"  itemscope=\"itemscope\" itemtype=\"https:\/\/schema.org\/BlogPosting\" itemprop=\"blogPost\" ><div class='avia_textblock  '   itemprop=\"text\" ><p class=\"v1MsoNormal\" style=\"text-align: justify;\">El pasado martes 23 de marzo, en la comuna de Ib\u00e1\u00f1ez, se present\u00f3 el proyecto denominado \u00abTransversalizaci\u00f3n perspectiva de g\u00e9nero en gesti\u00f3n municipal: foco Violencia de G\u00e9nero\u00bb que tiene como objetivo generar conocimiento y fortalecer capacidades tanto de los equipos municipales como de funcionarios y funcionarias de nivel local, y l\u00edderes de organizaciones sociales, para extender la perspectiva de g\u00e9nero, teniendo como principal punto de atenci\u00f3n la violencia respecto a esta tem\u00e1tica.<\/p>\n<p class=\"v1MsoNormal\" style=\"text-align: justify;\">El encuentro fue dirigido por las y los acad\u00e9micos de la Universidad de Ays\u00e9n, gestores del proyecto, quienes se reunieron con la Secretaria Regional Ministerial de la Mujer y Equidad de G\u00e9nero, Andrea M\u00e9ndez y con Marcelo Santana, Alcalde de la Ilustre Municipalidad de Ib\u00e1\u00f1ez y presidente de la Asociaci\u00f3n Regional de Municipalidades de Ays\u00e9n (Aremu), con el objetivo de afinar algunos aspectos de funcionamiento del proyecto y asegurar as\u00ed su adecuada ejecuci\u00f3n.<\/p>\n<p class=\"v1MsoNormal\" style=\"text-align: justify;\"><span lang=\"ES-MX\">La Seremi de la Mujer y Equidad de G\u00e9nero expres\u00f3 que \u00abDesde el ministerio de la mujer nos encontramos en permanente b\u00fasqueda de mejorar las respuestas institucionales que se le entregan a las ni\u00f1as y mujeres de nuestra regi\u00f3n. Es por ello que, en alianza colaborativa con la Universidad de Ays\u00e9n, hemos dise\u00f1ado un proyecto in\u00e9dito tendiente a formar a las y los funcionarios municipales de las 10 comunas, poniendo el foco en el acompa\u00f1amiento, la pertinencia territorial y el abordaje prioritario de la violencia intrafamiliar\u00bb<\/span><\/p>\n<p class=\"v1MsoNormal\" style=\"text-align: justify;\"><span lang=\"ES-MX\">Sum\u00e1ndose a estas declaraciones, el Presidente de Aremu, Marcelo Santana, indic\u00f3 que \u00abesta iniciativa apunta a lo que estamos buscando como municipio, que es formar al capital humano, nuestros funcionarios municipales, en materias de equidad de g\u00e9nero; tambi\u00e9n poder extender estos conocimientos a la comunidad organizada, nuestros dirigentes, por lo tanto vamos a apoyar con fuerza esta iniciativa desde la Asociaci\u00f3n Regional de Municipios y por supuesto, en mi caso, como alcalde de R\u00edo Ib\u00e1\u00f1ez, apoy\u00e1ndolo con un funcionario que estar\u00e1 cargo de esta iniciativa y de extenderla tanto a funcionarios como a nuestros dirigentes.<\/span><\/p>\n<p class=\"v1MsoNormal\" style=\"text-align: justify;\"><span lang=\"ES-MX\">Cabe destacar que el proyecto es liderado por Julia Cubillos y son co-investigadores Romina Aranda y Pastor Cea. La iniciativa tendr\u00e1 una duraci\u00f3n de 18 meses y estar\u00e1 financiado por el Gobierno Regional de Ays\u00e9n, a trav\u00e9s del Fondo de Innovaci\u00f3n para la Competitividad, el cual se encuentra actualmente en proceso de tramitaci\u00f3n del convenio.<\/span><\/p>\n<p class=\"v1MsoNormal\" style=\"text-align: justify;\"><span lang=\"ES-MX\">A la fecha, nueve municipalidades de la regi\u00f3n de Ays\u00e9n son las adheridas a este proyecto, donde se trabajar\u00e1 no s\u00f3lo con las contrapartes municipales, sino que tambi\u00e9n con las organizaciones sociales y civiles del territorio. Entre estos municipios se encuentran: Las Guaitecas, Puerto Cisnes, Coyhaique, Puerto Ays\u00e9n, Chile Chico, Puerto Ib\u00e1\u00f1ez, Cochrane, Tortel y Villa O&#8217;Higgins; abarcando as\u00ed todo el largo y ancho de nuestra regi\u00f3n.<\/span><\/p>\n<p class=\"v1MsoNormal\" style=\"text-align: justify;\"><span lang=\"ES-MX\">\u00a0\u00abEsta iniciativa es el resultado del compromiso y responsabilidad de diferentes instituciones regionales: la Seremi de la Mujer, la Universidad de Ays\u00e9n, el Gobierno Regional y 9 de los 10 municipios de nuestra regi\u00f3n, lo cual da cuenta del poder transformador que tiene la gesti\u00f3n que se hace pensando en el beneficio de las personas\u00bb. Concluy\u00f3, Andrea M\u00e9ndez.<\/span><\/p>\n<\/div><\/section><\/div><div  style='height:50px' class='hr hr-invisible   avia-builder-el-6  el_after_av_one_full  el_before_av_social_share '><span class='hr-inner ' ><span class='hr-inner-style'><\/span><\/span><\/div><\/p>\n<div  class='av-social-sharing-box  avia-builder-el-7  el_after_av_hr  el_before_av_hr  '><div class='av-share-box'><h5 class='av-share-link-description av-no-toc '>Compartir esta noticia<\/h5><ul class='av-share-box-list noLightbox'><li class='av-share-link av-social-link-facebook' ><a target=\"_blank\" aria-label=\"Compartir en Facebook\" href='https:\/\/www.facebook.com\/sharer.php?u=https:\/\/radiorevelacionfm.cl\/?p=29420&#038;t=El%20Enfoque%20de%20G%C3%A9nero%2C%20una%20prioridad%20para%20este%20gobierno' aria-hidden='false' data-av_icon='\ue8f3' data-av_iconfont='entypo-fontello' title='' data-avia-related-tooltip='Compartir en Facebook' rel=\"noopener\"><span class='avia_hidden_link_text'>Compartir en Facebook<\/span><\/a><\/li><li class='av-share-link av-social-link-twitter' ><a target=\"_blank\" aria-label=\"Compartir en Twitter\" href='https:\/\/twitter.com\/share?text=El%20Enfoque%20de%20G%C3%A9nero%2C%20una%20prioridad%20para%20este%20gobierno&#038;url=https:\/\/radiorevelacionfm.cl\/?p=29420' aria-hidden='false' data-av_icon='\ue8f1' data-av_iconfont='entypo-fontello' title='' data-avia-related-tooltip='Compartir en Twitter' rel=\"noopener\"><span class='avia_hidden_link_text'>Compartir en Twitter<\/span><\/a><\/li><li class='av-share-link av-social-link-whatsapp' ><a target=\"_blank\" aria-label=\"Compartir en Whatsapp\" href='https:\/\/api.whatsapp.com\/send?text=https:\/\/radiorevelacionfm.cl\/?p=29420' aria-hidden='false' data-av_icon='\uf232' data-av_iconfont='entypo-fontello' title='' data-avia-related-tooltip='Compartir en Whatsapp' rel=\"noopener\"><span class='avia_hidden_link_text'>Compartir en Whatsapp<\/span><\/a><\/li><li class='av-share-link av-social-link-linkedin' ><a target=\"_blank\" aria-label=\"Compartir en LinkedIn\" href='https:\/\/linkedin.com\/shareArticle?mini=true&#038;title=El%20Enfoque%20de%20G%C3%A9nero%2C%20una%20prioridad%20para%20este%20gobierno&#038;url=https:\/\/radiorevelacionfm.cl\/?p=29420' aria-hidden='false' data-av_icon='\ue8fc' data-av_iconfont='entypo-fontello' title='' data-avia-related-tooltip='Compartir en LinkedIn' rel=\"noopener\"><span class='avia_hidden_link_text'>Compartir en LinkedIn<\/span><\/a><\/li><li class='av-share-link av-social-link-mail' ><a  aria-label=\"Compartir por correo\" href='mailto:?subject=El%20Enfoque%20de%20G%C3%A9nero%2C%20una%20prioridad%20para%20este%20gobierno&#038;body=https:\/\/radiorevelacionfm.cl\/?p=29420' aria-hidden='false' data-av_icon='\ue805' data-av_iconfont='entypo-fontello' title='' data-avia-related-tooltip='Compartir por correo'><span class='avia_hidden_link_text'>Compartir por correo<\/span><\/a><\/li><\/ul><\/div><\/div>\n<div  style='height:50px' class='hr hr-invisible   avia-builder-el-8  el_after_av_social_share  el_before_av_comments_list '><span class='hr-inner ' ><span class='hr-inner-style'><\/span><\/span><\/div>\n<div  class='av-buildercomment  av-blog-meta-html-info-disabled av-blog-meta-tag-disabled  '><\/div>\n","protected":false},"excerpt":{"rendered":"","protected":false},"author":1,"featured_media":29421,"comment_status":"open","ping_status":"open","sticky":false,"template":"","format":"standard","meta":{"footnotes":""},"categories":[38],"tags":[],"class_list":["post-29420","post","type-post","status-publish","format-standard","has-post-thumbnail","hentry","category-regional"],"jetpack_featured_media_url":"https:\/\/radiorevelacionfm.cl\/wp-content\/uploads\/2023\/03\/image-111-2_optimized.jpg","_links":{"self":[{"href":"https:\/\/radiorevelacionfm.cl\/index.php?rest_route=\/wp\/v2\/posts\/29420","targetHints":{"allow":["GET"]}}],"collection":[{"href":"https:\/\/radiorevelacionfm.cl\/index.php?rest_route=\/wp\/v2\/posts"}],"about":[{"href":"https:\/\/radiorevelacionfm.cl\/index.php?rest_route=\/wp\/v2\/types\/post"}],"author":[{"embeddable":true,"href":"https:\/\/radiorevelacionfm.cl\/index.php?rest_route=\/wp\/v2\/users\/1"}],"replies":[{"embeddable":true,"href":"https:\/\/radiorevelacionfm.cl\/index.php?rest_route=%2Fwp%2Fv2%2Fcomments&post=29420"}],"version-history":[{"count":1,"href":"https:\/\/radiorevelacionfm.cl\/index.php?rest_route=\/wp\/v2\/posts\/29420\/revisions"}],"predecessor-version":[{"id":29422,"href":"https:\/\/radiorevelacionfm.cl\/index.php?rest_route=\/wp\/v2\/posts\/29420\/revisions\/29422"}],"wp:featuredmedia":[{"embeddable":true,"href":"https:\/\/radiorevelacionfm.cl\/index.php?rest_route=\/wp\/v2\/media\/29421"}],"wp:attachment":[{"href":"https:\/\/radiorevelacionfm.cl\/index.php?rest_route=%2Fwp%2Fv2%2Fmedia&parent=29420"}],"wp:term":[{"taxonomy":"category","embeddable":true,"href":"https:\/\/radiorevelacionfm.cl\/index.php?rest_route=%2Fwp%2Fv2%2Fcategories&post=29420"},{"taxonomy":"post_tag","embeddable":true,"href":"https:\/\/radiorevelacionfm.cl\/index.php?rest_route=%2Fwp%2Fv2%2Ftags&post=29420"}],"curies":[{"name":"wp","href":"https:\/\/api.w.org\/{rel}","templated":true}]}}