{"id":29418,"date":"2023-03-27T20:15:16","date_gmt":"2023-03-27T23:15:16","guid":{"rendered":"https:\/\/radiorevelacionfm.cl\/?p=29418"},"modified":"2023-03-27T20:15:16","modified_gmt":"2023-03-27T23:15:16","slug":"condenan-a-5-anos-de-libertad-vigilada-a-autor-de-conduccion-en-estado-de-ebriedad-que-causo-muerte-y-lesiones","status":"publish","type":"post","link":"https:\/\/radiorevelacionfm.cl\/?p=29418","title":{"rendered":"Condenan a 5 a\u00f1os de libertad vigilada a autor de conducci\u00f3n en estado de ebriedad que caus\u00f3 muerte y lesiones"},"content":{"rendered":"<div class=\"flex_column av_one_full  flex_column_div av-zero-column-padding first  avia-builder-el-0  el_before_av_one_full  avia-builder-el-first  \" style='border-radius:0px; '><div  class='avia-image-container  av-styling-    avia-builder-el-1  avia-builder-el-no-sibling  avia-align-center '  itemprop=\"image\" itemscope=\"itemscope\" itemtype=\"https:\/\/schema.org\/ImageObject\"  ><div class='avia-image-container-inner'><div class='avia-image-overlay-wrap'><img decoding=\"async\" class='wp-image-13477 avia-img-lazy-loading-not-13477 avia_image' src=\"https:\/\/radiorevelacionfm.cl\/wp-content\/uploads\/2022\/02\/foto-1-top-4-1_optimized.jpg\" alt='' title='foto-1-top-4-1_optimized' height=\"573\" width=\"860\"  itemprop=\"thumbnailUrl\" srcset=\"https:\/\/radiorevelacionfm.cl\/wp-content\/uploads\/2022\/02\/foto-1-top-4-1_optimized.jpg 860w, https:\/\/radiorevelacionfm.cl\/wp-content\/uploads\/2022\/02\/foto-1-top-4-1_optimized-300x200.jpg 300w, https:\/\/radiorevelacionfm.cl\/wp-content\/uploads\/2022\/02\/foto-1-top-4-1_optimized-768x512.jpg 768w, https:\/\/radiorevelacionfm.cl\/wp-content\/uploads\/2022\/02\/foto-1-top-4-1_optimized-705x470.jpg 705w, https:\/\/radiorevelacionfm.cl\/wp-content\/uploads\/2022\/02\/foto-1-top-4-1_optimized-600x400.jpg 600w\" sizes=\"(max-width: 860px) 100vw, 860px\" \/><\/div><\/div><\/div><\/div><div class=\"flex_column av_one_full  flex_column_div av-zero-column-padding first  avia-builder-el-2  el_after_av_one_full  el_before_av_one_full  column-top-margin\" style='border-radius:0px; '><section class=\"av_textblock_section \"  itemscope=\"itemscope\" itemtype=\"https:\/\/schema.org\/BlogPosting\" itemprop=\"blogPost\" ><div class='avia_textblock  '   itemprop=\"text\" ><p style=\"text-align: center;\"><strong><span style=\"font-size: 18pt;\">Condenan a 5 a\u00f1os de libertad vigilada a autor de conducci\u00f3n en estado de ebriedad que caus\u00f3 muerte y lesiones<\/span><\/strong><\/p>\n<div id=\"gtx-trans\" style=\"position: absolute; left: -50px; top: 4.31534px;\">\n<div class=\"gtx-trans-icon\"><\/div>\n<\/div>\n<\/div><\/section><\/div><div class=\"flex_column av_one_full  flex_column_div av-zero-column-padding first  avia-builder-el-4  el_after_av_one_full  el_before_av_hr  column-top-margin\" style='border-radius:0px; '><section class=\"av_textblock_section \"  itemscope=\"itemscope\" itemtype=\"https:\/\/schema.org\/BlogPosting\" itemprop=\"blogPost\" ><div class='avia_textblock  '   itemprop=\"text\" ><p class=\"v1MsoNormal\" style=\"text-align: justify;\">El Tribunal de Juicio Oral en lo Penal de Coyhaique conden\u00f3\u00a0hoy \u2013lunes 27 de marzo\u2013\u00a0a Joni Rodrigo S\u00e1nchez Mart\u00ednez a la pena de 5 a\u00f1os de presidio, con el beneficio de la libertad vigilada intensiva por igual lapso, en calidad de autor del delito consumado de conducci\u00f3n en estado de ebriedad, causando\u00a0 muerte, lesiones graves grav\u00edsimas y lesiones graves. Il\u00edcito perpetrado en abril de 2017, en la ciudad.<\/p>\n<p class=\"v1MsoNormal\" style=\"text-align: justify;\">En fallo un\u00e1nime (causa rol 75-2022), el tribunal \u2013integrado por los magistrados Pablo Freire Gavil\u00e1n (presidente), M\u00f3nica Coloma Pulgar y Rosal\u00eda Mansilla Quiroz (redactora)\u2013 aplic\u00f3, adem\u00e1s, a S\u00e1nchez Mart\u00ednez las accesoria legales de inhabilitaci\u00f3n absoluta perpetua para derechos pol\u00edticos y la inhabilitaci\u00f3n absoluta para cargos y oficios p\u00fablicos durante el tiempo de la condena; m\u00e1s la accesoria especial de inhabilidad perpetua para conducir veh\u00edculos de tracci\u00f3n mec\u00e1nica y el pago de 12 UTM.<\/p>\n<p class=\"v1MsoNormal\" style=\"text-align: justify;\">Asimismo, el tribunal decret\u00f3 el comiso del veh\u00edculo marca Subaru, modelo Impreza, patente CGZC-88.<\/p>\n<p class=\"v1MsoNormal\" style=\"text-align: justify;\">Durante el cumplimiento de la sanci\u00f3n, S\u00e1nchez Mart\u00ednez deber\u00e1 sujetarse a la supervisi\u00f3n permanente de un delegado de Gendarmer\u00eda y cumplir con un plan de intervenci\u00f3n individual elaborado conforme a la ley; adem\u00e1s de la obligaci\u00f3n de permanecer en su domicilio entre las cero horas hasta las 06:00 horas, durante todo el tiempo de la pena sustitutiva.<\/p>\n<p class=\"v1MsoNormal\" style=\"text-align: justify;\">\u00abLa ejecuci\u00f3n de dicha pena sustitutiva, permanecer\u00e1 en suspenso por el lapso de un a\u00f1o, tiempo durante el cual el sentenciado deber\u00e1 cumplir la pena corporal de forma efectiva, en un centro penitenciario, desde que se presente o sea habido, sin abonos\u00bb, ordena.<\/p>\n<p class=\"v1MsoNormal\" style=\"text-align: justify;\">El tribunal dio por acreditado, m\u00e1s all\u00e1 de toda duda razonable, que aproximadamente a la medianoche del 17 de abril de 2017, S\u00e1nchez Mart\u00ednez en estado de ebriedad, al presentar una dosificaci\u00f3n de 1,23 gramos por mil de alcohol en la sangre, \u00ab(&#8230;) condujo el veh\u00edculo Subaru Impreza patente CGZC-88 por Avenida Ogana de norte a sur, a exceso de velocidad, chocando,\u00a0 frente a la estaci\u00f3n de servicios COPEC, ubicada en calle Ogana, con la camioneta conducida por M.J.C.G., que efectuaba una maniobra de viraje. Producto de la colisi\u00f3n resultaron fallecidos dos acompa\u00f1antes del acusado: Luis Francisco Foitzick Ch\u00e1vez y Claudio Leandro Vel\u00e1squez Jara, cuya causa de muerte fue politraumatismo por accidente de tr\u00e1nsito de tipo colisi\u00f3n; adem\u00e1s, el tercer acompa\u00f1ante del acusado, Hern\u00e1n Math\u00edas Ch\u00e1vez Ch\u00e1vez, result\u00f3 con m\u00faltiples fracturas, entre ellas de ambos f\u00e9mur y de cr\u00e1neo, adem\u00e1s de un edema cerebral que le caus\u00f3 disfunci\u00f3n neurol\u00f3gica\u00a0 que no le permite ejecuci\u00f3n motora ni de lenguaje, con dependencia total, quedando in\u00fatil para el trabajo. A su vez, el conductor de la camioneta result\u00f3 con fractura vertebral lumbar, con un tiempo de recuperaci\u00f3n de m\u00e1s de 30 d\u00edas\u00bb.<\/p>\n<\/div><\/section><\/div><div  style='height:50px' class='hr hr-invisible   avia-builder-el-6  el_after_av_one_full  el_before_av_social_share '><span class='hr-inner ' ><span class='hr-inner-style'><\/span><\/span><\/div><\/p>\n<div  class='av-social-sharing-box  avia-builder-el-7  el_after_av_hr  el_before_av_hr  '><div class='av-share-box'><h5 class='av-share-link-description av-no-toc '>Compartir esta noticia<\/h5><ul class='av-share-box-list noLightbox'><li class='av-share-link av-social-link-facebook' ><a target=\"_blank\" aria-label=\"Compartir en Facebook\" href='https:\/\/www.facebook.com\/sharer.php?u=https:\/\/radiorevelacionfm.cl\/?p=29418&#038;t=Condenan%20a%205%20a%C3%B1os%20de%20libertad%20vigilada%20a%20autor%20de%20conducci%C3%B3n%20en%20estado%20de%20ebriedad%20que%20caus%C3%B3%20muerte%20y%20lesiones' aria-hidden='false' data-av_icon='\ue8f3' data-av_iconfont='entypo-fontello' title='' data-avia-related-tooltip='Compartir en Facebook' rel=\"noopener\"><span class='avia_hidden_link_text'>Compartir en Facebook<\/span><\/a><\/li><li class='av-share-link av-social-link-twitter' ><a target=\"_blank\" aria-label=\"Compartir en Twitter\" href='https:\/\/twitter.com\/share?text=Condenan%20a%205%20a%C3%B1os%20de%20libertad%20vigilada%20a%20autor%20de%20conducci%C3%B3n%20en%20estado%20de%20ebriedad%20que%20caus%C3%B3%20muerte%20y%20lesiones&#038;url=https:\/\/radiorevelacionfm.cl\/?p=29418' aria-hidden='false' data-av_icon='\ue8f1' data-av_iconfont='entypo-fontello' title='' data-avia-related-tooltip='Compartir en Twitter' rel=\"noopener\"><span class='avia_hidden_link_text'>Compartir en Twitter<\/span><\/a><\/li><li class='av-share-link av-social-link-whatsapp' ><a target=\"_blank\" aria-label=\"Compartir en Whatsapp\" href='https:\/\/api.whatsapp.com\/send?text=https:\/\/radiorevelacionfm.cl\/?p=29418' aria-hidden='false' data-av_icon='\uf232' data-av_iconfont='entypo-fontello' title='' data-avia-related-tooltip='Compartir en Whatsapp' rel=\"noopener\"><span class='avia_hidden_link_text'>Compartir en Whatsapp<\/span><\/a><\/li><li class='av-share-link av-social-link-linkedin' ><a target=\"_blank\" aria-label=\"Compartir en LinkedIn\" href='https:\/\/linkedin.com\/shareArticle?mini=true&#038;title=Condenan%20a%205%20a%C3%B1os%20de%20libertad%20vigilada%20a%20autor%20de%20conducci%C3%B3n%20en%20estado%20de%20ebriedad%20que%20caus%C3%B3%20muerte%20y%20lesiones&#038;url=https:\/\/radiorevelacionfm.cl\/?p=29418' aria-hidden='false' data-av_icon='\ue8fc' data-av_iconfont='entypo-fontello' title='' data-avia-related-tooltip='Compartir en LinkedIn' rel=\"noopener\"><span class='avia_hidden_link_text'>Compartir en LinkedIn<\/span><\/a><\/li><li class='av-share-link av-social-link-mail' ><a  aria-label=\"Compartir por correo\" href='mailto:?subject=Condenan%20a%205%20a%C3%B1os%20de%20libertad%20vigilada%20a%20autor%20de%20conducci%C3%B3n%20en%20estado%20de%20ebriedad%20que%20caus%C3%B3%20muerte%20y%20lesiones&#038;body=https:\/\/radiorevelacionfm.cl\/?p=29418' aria-hidden='false' data-av_icon='\ue805' data-av_iconfont='entypo-fontello' title='' data-avia-related-tooltip='Compartir por correo'><span class='avia_hidden_link_text'>Compartir por correo<\/span><\/a><\/li><\/ul><\/div><\/div>\n<div  style='height:50px' class='hr hr-invisible   avia-builder-el-8  el_after_av_social_share  el_before_av_comments_list '><span class='hr-inner ' ><span class='hr-inner-style'><\/span><\/span><\/div>\n<div  class='av-buildercomment  av-blog-meta-html-info-disabled av-blog-meta-tag-disabled  '><\/div>\n","protected":false},"excerpt":{"rendered":"","protected":false},"author":1,"featured_media":13477,"comment_status":"open","ping_status":"open","sticky":false,"template":"","format":"standard","meta":{"footnotes":""},"categories":[55],"tags":[],"class_list":["post-29418","post","type-post","status-publish","format-standard","has-post-thumbnail","hentry","category-justicia"],"jetpack_featured_media_url":"https:\/\/radiorevelacionfm.cl\/wp-content\/uploads\/2022\/02\/foto-1-top-4-1_optimized.jpg","_links":{"self":[{"href":"https:\/\/radiorevelacionfm.cl\/index.php?rest_route=\/wp\/v2\/posts\/29418","targetHints":{"allow":["GET"]}}],"collection":[{"href":"https:\/\/radiorevelacionfm.cl\/index.php?rest_route=\/wp\/v2\/posts"}],"about":[{"href":"https:\/\/radiorevelacionfm.cl\/index.php?rest_route=\/wp\/v2\/types\/post"}],"author":[{"embeddable":true,"href":"https:\/\/radiorevelacionfm.cl\/index.php?rest_route=\/wp\/v2\/users\/1"}],"replies":[{"embeddable":true,"href":"https:\/\/radiorevelacionfm.cl\/index.php?rest_route=%2Fwp%2Fv2%2Fcomments&post=29418"}],"version-history":[{"count":1,"href":"https:\/\/radiorevelacionfm.cl\/index.php?rest_route=\/wp\/v2\/posts\/29418\/revisions"}],"predecessor-version":[{"id":29419,"href":"https:\/\/radiorevelacionfm.cl\/index.php?rest_route=\/wp\/v2\/posts\/29418\/revisions\/29419"}],"wp:featuredmedia":[{"embeddable":true,"href":"https:\/\/radiorevelacionfm.cl\/index.php?rest_route=\/wp\/v2\/media\/13477"}],"wp:attachment":[{"href":"https:\/\/radiorevelacionfm.cl\/index.php?rest_route=%2Fwp%2Fv2%2Fmedia&parent=29418"}],"wp:term":[{"taxonomy":"category","embeddable":true,"href":"https:\/\/radiorevelacionfm.cl\/index.php?rest_route=%2Fwp%2Fv2%2Fcategories&post=29418"},{"taxonomy":"post_tag","embeddable":true,"href":"https:\/\/radiorevelacionfm.cl\/index.php?rest_route=%2Fwp%2Fv2%2Ftags&post=29418"}],"curies":[{"name":"wp","href":"https:\/\/api.w.org\/{rel}","templated":true}]}}