{"id":29415,"date":"2023-03-27T19:54:56","date_gmt":"2023-03-27T22:54:56","guid":{"rendered":"https:\/\/radiorevelacionfm.cl\/?p=29415"},"modified":"2023-03-27T19:54:56","modified_gmt":"2023-03-27T22:54:56","slug":"carabineros-detiene-a-un-sujeto-por-amenazar-con-un-arma-a-vecino-en-coyhaique","status":"publish","type":"post","link":"https:\/\/radiorevelacionfm.cl\/?p=29415","title":{"rendered":"Carabineros detiene a un sujeto por\u00a0amenazar con un arma a vecino en Coyhaique"},"content":{"rendered":"<div class=\"flex_column av_one_full  flex_column_div av-zero-column-padding first  avia-builder-el-0  el_before_av_one_full  avia-builder-el-first  \" style='border-radius:0px; '><div  class='avia-image-container  av-styling-    avia-builder-el-1  avia-builder-el-no-sibling  avia-align-center '  itemprop=\"image\" itemscope=\"itemscope\" itemtype=\"https:\/\/schema.org\/ImageObject\"  ><div class='avia-image-container-inner'><div class='avia-image-overlay-wrap'><img decoding=\"async\" class='wp-image-29416 avia-img-lazy-loading-not-29416 avia_image' src=\"https:\/\/radiorevelacionfm.cl\/wp-content\/uploads\/2023\/03\/image-110-2.jpg\" alt='' title='image-110-2' height=\"600\" width=\"750\"  itemprop=\"thumbnailUrl\" srcset=\"https:\/\/radiorevelacionfm.cl\/wp-content\/uploads\/2023\/03\/image-110-2.jpg 750w, https:\/\/radiorevelacionfm.cl\/wp-content\/uploads\/2023\/03\/image-110-2-300x240.jpg 300w, https:\/\/radiorevelacionfm.cl\/wp-content\/uploads\/2023\/03\/image-110-2-705x564.jpg 705w, https:\/\/radiorevelacionfm.cl\/wp-content\/uploads\/2023\/03\/image-110-2-450x360.jpg 450w, https:\/\/radiorevelacionfm.cl\/wp-content\/uploads\/2023\/03\/image-110-2-600x480.jpg 600w\" sizes=\"(max-width: 750px) 100vw, 750px\" \/><\/div><\/div><\/div><\/div><div class=\"flex_column av_one_full  flex_column_div av-zero-column-padding first  avia-builder-el-2  el_after_av_one_full  el_before_av_one_full  column-top-margin\" style='border-radius:0px; '><section class=\"av_textblock_section \"  itemscope=\"itemscope\" itemtype=\"https:\/\/schema.org\/BlogPosting\" itemprop=\"blogPost\" ><div class='avia_textblock  '   itemprop=\"text\" ><p style=\"text-align: center;\"><strong><span style=\"font-size: x-large;\">Carabineros detiene a un sujeto por\u00a0amenazar con un arma a vecino en Coyhaique<\/span><\/strong><\/p>\n<div id=\"gtx-trans\" style=\"position: absolute; left: -50px; top: 4.31534px;\">\n<div class=\"gtx-trans-icon\"><\/div>\n<\/div>\n<\/div><\/section><\/div><div class=\"flex_column av_one_full  flex_column_div av-zero-column-padding first  avia-builder-el-4  el_after_av_one_full  el_before_av_hr  column-top-margin\" style='border-radius:0px; '><section class=\"av_textblock_section \"  itemscope=\"itemscope\" itemtype=\"https:\/\/schema.org\/BlogPosting\" itemprop=\"blogPost\" ><div class='avia_textblock  '   itemprop=\"text\" ><p class=\"v1MsoNormal\" style=\"text-align: justify;\">Una oportuna denuncia que daba cuenta de un delito de amenazas, gener\u00f3 un amplio operativo por parte de Carabineros de la 1ra. Comisar\u00eda de Coyhaique, el cual -apoyado por el Grupo de Operaciones Policiales Especiales (GOPE) y 5ta. Comisar\u00eda de Control del Orden P\u00fablico (COP)- culmin\u00f3 con una persona de 20 a\u00f1os detenida y la incautaci\u00f3n de un arma del tipo pistola, cuya autenticidad y operatividad es materia de peritajes.<\/p>\n<p class=\"v1MsoNormal\" style=\"text-align: justify;\">Seg\u00fan indic\u00f3 el Comisario de Coyhaique, Mayor Franco Herrera Quezada, alrededor de las 09:30 horas de hoy camino a Cerro Negro, la v\u00edctima alert\u00f3 al personal sobre un intercambio de palabras con un vecino a ra\u00edz de ruidos molestos que esta persona manten\u00eda en el lugar.<\/p>\n<p class=\"v1MsoNormal\" style=\"text-align: justify;\">\u00abA este sujeto se le solicit\u00f3 que bajara el volumen de la m\u00fasica y otro tipo de des\u00f3rdenes que manten\u00eda al interior de su domicilio, sali\u00f3 al exterior de su propiedad y amenaz\u00f3 al afectado con un arma desde el interior, se\u00f1alando una serie de improperios y amenazas debido a que le hab\u00eda solicitado -en primera oportunidad- que baje la m\u00fasica y adem\u00e1s advirti\u00e9ndole que hab\u00eda llamado a Carabineros\u00bb, expres\u00f3 el Oficial.<\/p>\n<p class=\"v1MsoNormal\" style=\"text-align: justify;\"><b>Ingreso al inmueble<\/b><\/p>\n<p class=\"v1MsoNormal\" style=\"text-align: justify;\">Con tales antecedentes y tras la llegada del personal, se aisl\u00f3 el lugar atendida la informaci\u00f3n aportada por la v\u00edctima que daba cuenta de la presencia de un sujeto que manten\u00eda un arma y que habr\u00eda generado tales amenazas, siendo activados los protocolos establecidos para este tipo de intervenciones.<\/p>\n<p class=\"v1MsoNormal\" style=\"text-align: justify;\">\u00abSe procedi\u00f3 de manera flagrante al ingreso del inmueble con cooperaci\u00f3n del GOPE, procediendo a la detenci\u00f3n de esta persona por el delito de amenazas, encontrando un arma, la cual por instrucci\u00f3n del fiscal de turno fue remitida al Labocar (Laboratorio de Criminal\u00edstica de Carabineros) para efectos de establecer si se encontraba o no apta para percutar alg\u00fan tipo de disparo\u00bb, detall\u00f3 el Mayor Herrera, quien consign\u00f3 que tras el procedimiento no se registraron personas lesionadas ni da\u00f1os.<\/p>\n<p style=\"text-align: justify;\">Los antecedentes del procedimiento y el aprehendido -quien registra antecedentes por conducci\u00f3n en estado de ebriedad- quedaron a disposici\u00f3n de la Fiscal\u00eda que dirige investigaci\u00f3n por este hecho.<\/p>\n<\/div><\/section><\/div><div  style='height:50px' class='hr hr-invisible   avia-builder-el-6  el_after_av_one_full  el_before_av_social_share '><span class='hr-inner ' ><span class='hr-inner-style'><\/span><\/span><\/div><\/p>\n<div  class='av-social-sharing-box  avia-builder-el-7  el_after_av_hr  el_before_av_hr  '><div class='av-share-box'><h5 class='av-share-link-description av-no-toc '>Compartir esta noticia<\/h5><ul class='av-share-box-list noLightbox'><li class='av-share-link av-social-link-facebook' ><a target=\"_blank\" aria-label=\"Compartir en Facebook\" href='https:\/\/www.facebook.com\/sharer.php?u=https:\/\/radiorevelacionfm.cl\/?p=29415&#038;t=Carabineros%20detiene%20a%20un%20sujeto%20por%C2%A0amenazar%20con%20un%20arma%20a%20vecino%20en%20Coyhaique' aria-hidden='false' data-av_icon='\ue8f3' data-av_iconfont='entypo-fontello' title='' data-avia-related-tooltip='Compartir en Facebook' rel=\"noopener\"><span class='avia_hidden_link_text'>Compartir en Facebook<\/span><\/a><\/li><li class='av-share-link av-social-link-twitter' ><a target=\"_blank\" aria-label=\"Compartir en Twitter\" href='https:\/\/twitter.com\/share?text=Carabineros%20detiene%20a%20un%20sujeto%20por%C2%A0amenazar%20con%20un%20arma%20a%20vecino%20en%20Coyhaique&#038;url=https:\/\/radiorevelacionfm.cl\/?p=29415' aria-hidden='false' data-av_icon='\ue8f1' data-av_iconfont='entypo-fontello' title='' data-avia-related-tooltip='Compartir en Twitter' rel=\"noopener\"><span class='avia_hidden_link_text'>Compartir en Twitter<\/span><\/a><\/li><li class='av-share-link av-social-link-whatsapp' ><a target=\"_blank\" aria-label=\"Compartir en Whatsapp\" href='https:\/\/api.whatsapp.com\/send?text=https:\/\/radiorevelacionfm.cl\/?p=29415' aria-hidden='false' data-av_icon='\uf232' data-av_iconfont='entypo-fontello' title='' data-avia-related-tooltip='Compartir en Whatsapp' rel=\"noopener\"><span class='avia_hidden_link_text'>Compartir en Whatsapp<\/span><\/a><\/li><li class='av-share-link av-social-link-linkedin' ><a target=\"_blank\" aria-label=\"Compartir en LinkedIn\" href='https:\/\/linkedin.com\/shareArticle?mini=true&#038;title=Carabineros%20detiene%20a%20un%20sujeto%20por%C2%A0amenazar%20con%20un%20arma%20a%20vecino%20en%20Coyhaique&#038;url=https:\/\/radiorevelacionfm.cl\/?p=29415' aria-hidden='false' data-av_icon='\ue8fc' data-av_iconfont='entypo-fontello' title='' data-avia-related-tooltip='Compartir en LinkedIn' rel=\"noopener\"><span class='avia_hidden_link_text'>Compartir en LinkedIn<\/span><\/a><\/li><li class='av-share-link av-social-link-mail' ><a  aria-label=\"Compartir por correo\" href='mailto:?subject=Carabineros%20detiene%20a%20un%20sujeto%20por%C2%A0amenazar%20con%20un%20arma%20a%20vecino%20en%20Coyhaique&#038;body=https:\/\/radiorevelacionfm.cl\/?p=29415' aria-hidden='false' data-av_icon='\ue805' data-av_iconfont='entypo-fontello' title='' data-avia-related-tooltip='Compartir por correo'><span class='avia_hidden_link_text'>Compartir por correo<\/span><\/a><\/li><\/ul><\/div><\/div>\n<div  style='height:50px' class='hr hr-invisible   avia-builder-el-8  el_after_av_social_share  el_before_av_comments_list '><span class='hr-inner ' ><span class='hr-inner-style'><\/span><\/span><\/div>\n<div  class='av-buildercomment  av-blog-meta-html-info-disabled av-blog-meta-tag-disabled  '><\/div>\n","protected":false},"excerpt":{"rendered":"","protected":false},"author":1,"featured_media":29416,"comment_status":"open","ping_status":"open","sticky":false,"template":"","format":"standard","meta":{"footnotes":""},"categories":[36],"tags":[],"class_list":["post-29415","post","type-post","status-publish","format-standard","has-post-thumbnail","hentry","category-policial"],"jetpack_featured_media_url":"https:\/\/radiorevelacionfm.cl\/wp-content\/uploads\/2023\/03\/image-110-2.jpg","_links":{"self":[{"href":"https:\/\/radiorevelacionfm.cl\/index.php?rest_route=\/wp\/v2\/posts\/29415","targetHints":{"allow":["GET"]}}],"collection":[{"href":"https:\/\/radiorevelacionfm.cl\/index.php?rest_route=\/wp\/v2\/posts"}],"about":[{"href":"https:\/\/radiorevelacionfm.cl\/index.php?rest_route=\/wp\/v2\/types\/post"}],"author":[{"embeddable":true,"href":"https:\/\/radiorevelacionfm.cl\/index.php?rest_route=\/wp\/v2\/users\/1"}],"replies":[{"embeddable":true,"href":"https:\/\/radiorevelacionfm.cl\/index.php?rest_route=%2Fwp%2Fv2%2Fcomments&post=29415"}],"version-history":[{"count":1,"href":"https:\/\/radiorevelacionfm.cl\/index.php?rest_route=\/wp\/v2\/posts\/29415\/revisions"}],"predecessor-version":[{"id":29417,"href":"https:\/\/radiorevelacionfm.cl\/index.php?rest_route=\/wp\/v2\/posts\/29415\/revisions\/29417"}],"wp:featuredmedia":[{"embeddable":true,"href":"https:\/\/radiorevelacionfm.cl\/index.php?rest_route=\/wp\/v2\/media\/29416"}],"wp:attachment":[{"href":"https:\/\/radiorevelacionfm.cl\/index.php?rest_route=%2Fwp%2Fv2%2Fmedia&parent=29415"}],"wp:term":[{"taxonomy":"category","embeddable":true,"href":"https:\/\/radiorevelacionfm.cl\/index.php?rest_route=%2Fwp%2Fv2%2Fcategories&post=29415"},{"taxonomy":"post_tag","embeddable":true,"href":"https:\/\/radiorevelacionfm.cl\/index.php?rest_route=%2Fwp%2Fv2%2Ftags&post=29415"}],"curies":[{"name":"wp","href":"https:\/\/api.w.org\/{rel}","templated":true}]}}