{"id":2941,"date":"2021-02-24T20:05:23","date_gmt":"2021-02-24T23:05:23","guid":{"rendered":"https:\/\/radiorevelacionfm.cl\/?p=2941"},"modified":"2021-02-24T20:05:23","modified_gmt":"2021-02-24T23:05:23","slug":"subsecretario-de-energia-visita-a-familias-de-valle-simpson-que-por-primera-vez-cuentan-con-energia-electrica-en-sus-hogares","status":"publish","type":"post","link":"https:\/\/radiorevelacionfm.cl\/?p=2941","title":{"rendered":"Subsecretario de Energ\u00eda visita a familias de Valle Simpson que por primera vez cuentan con energ\u00eda el\u00e9ctrica en sus hogares"},"content":{"rendered":"<div class=\"flex_column av_one_full  flex_column_div av-zero-column-padding first  avia-builder-el-0  el_before_av_one_full  avia-builder-el-first  \" style='border-radius:0px; '><div  class='avia-image-container  av-styling-    avia-builder-el-1  avia-builder-el-no-sibling  avia-align-center '  itemprop=\"image\" itemscope=\"itemscope\" itemtype=\"https:\/\/schema.org\/ImageObject\"  ><div class='avia-image-container-inner'><div class='avia-image-overlay-wrap'><img decoding=\"async\" class='wp-image-0 avia-img-lazy-loading-not-0 avia_image' src=\"https:\/\/radiorevelacionfm.cl\/wp-content\/uploads\/2021\/02\/3-13-1.jpg\" alt='' title=''   itemprop=\"thumbnailUrl\"  \/><\/div><\/div><\/div><\/div><div class=\"flex_column av_one_full  flex_column_div av-zero-column-padding first  avia-builder-el-2  el_after_av_one_full  el_before_av_one_full  column-top-margin\" style='border-radius:0px; '><section class=\"av_textblock_section \"  itemscope=\"itemscope\" itemtype=\"https:\/\/schema.org\/BlogPosting\" itemprop=\"blogPost\" ><div class='avia_textblock  '   itemprop=\"text\" ><p style=\"text-align: center;\"><span style=\"font-size: 18pt;\"><strong>Subsecretario de Energ\u00eda visita a familias de Valle Simpson que por primera vez cuentan con energ\u00eda el\u00e9ctrica en sus hogares<\/strong><\/span><\/p>\n<div id=\"gtx-trans\" style=\"position: absolute; left: -50px; top: 4.31534px;\">\n<div class=\"gtx-trans-icon\"><\/div>\n<\/div>\n<\/div><\/section><\/div><div class=\"flex_column av_one_full  flex_column_div av-zero-column-padding first  avia-builder-el-4  el_after_av_one_full  el_before_av_hr  column-top-margin\" style='border-radius:0px; '><section class=\"av_textblock_section \"  itemscope=\"itemscope\" itemtype=\"https:\/\/schema.org\/BlogPosting\" itemprop=\"blogPost\" ><div class='avia_textblock  '   itemprop=\"text\" ><p style=\"text-align: justify;\"><em>La actividad se enmarca en la visita que el Subsecretario de la cartera, Francisco L\u00f3pez, realiza en la regi\u00f3n de Ays\u00e9n. <\/em><\/p>\n<p style=\"text-align: justify;\">Con una nutrida agenda, el Subsecretario de Energ\u00eda, Francisco L\u00f3pez, se encuentra realizando una visita a la Regi\u00f3n de Ays\u00e9n. La autoridad nacional durante su estad\u00eda, contempla visitar y compartir junto a familias de diferentes localidades de la zona que se han visto beneficiadas por los programas y el trabajo que realiza el Ministerio de Energ\u00eda (MEN) en la regi\u00f3n.<\/p>\n<p style=\"text-align: justify;\">Luego de aterrizar en Balmaceda, el Subsecretario L\u00f3pez junto al Seremi de Energ\u00eda, Juan\u00a0 Luis Amen\u00e1bar, y otras autoridades regionales, realiz\u00f3 una visita en el sector de Valle Simpson para compartir junto a los beneficiarios del proyecto de extensi\u00f3n de red que est\u00e1 en ejecuci\u00f3n. La iniciativa, enmarcada en el programa la \u2018Ruta de la Luz\u2019 que desarrolla el MEN, permitir\u00e1 que 128 viviendas cuenten con energ\u00eda el\u00e9ctrica y, a la fecha, ha hecho posible que 41 familias ya tengan luz en sus hogares.<\/p>\n<p style=\"text-align: justify;\">\u201cEn Valle Simpson estuvimos revisando el estado de avance del proyecto de extensi\u00f3n de red que va a beneficiar a 128 familias, permiti\u00e9ndoles contar con energ\u00eda el\u00e9ctrica las 24 horas. Este proyecto, sin duda, mejora la calidad de vida de todos quienes viven ah\u00ed, lo pudimos constatar al conversar con la se\u00f1ora Blanca y la se\u00f1ora Mar\u00eda, quienes ya cuentan con energ\u00eda el\u00e9ctrica y son beneficiarias de este proyecto que es impulsado por el Gobierno Central y por el Gobierno Regional\u201d, destac\u00f3 el Subsecretario de Energ\u00eda, Francisco L\u00f3pez.<\/p>\n<p style=\"text-align: justify;\">Por su parte el Seremi de Energ\u00eda de Ays\u00e9n, Juan Luis Amen\u00e1bar, indic\u00f3 que \u201cel d\u00eda de hoy con nuestro Subsecretario de Energ\u00eda pudimos ver en terreno el estado de avance del proyecto de electrificaci\u00f3n rural de entrada Valle Simpson, el cual va a dar energ\u00eda las 24 horas a 128 familias. Queda poco para que todos tengan acceso a la luz, esperamos que sea a fines de marzo, por lo cual, nosotros seguimos brindando calidad de vida y mejorando las condiciones de vida de ayseninos y ayseninas\u201d.<\/p>\n<p style=\"text-align: justify;\">Una de las beneficiarias de este proyecto en el sector entrada Valle Simpson, es Blanca Ehijos. Su casa fue la primera vivienda en contar con energ\u00eda el\u00e9ctrica, precisamente el d\u00eda 24 de diciembre del 2020, y asegura que le cambi\u00f3 la vida, ya que por la enfermedad de su hijo de\u00a0 16 a\u00f1os, quien tambi\u00e9n asiste a la Telet\u00f3n, deb\u00edan invertir gran parte del presupuesto familiar en generadores el\u00e9ctricos, pilas para las linternas en caso de emergencias durante la noche, entre otros implementos. \u201cFue muy grato recibir al Subsecretario, agradecemos la visita. Ha sido un gran cambio de vida, nos ha servido de mucho y qu\u00e9 bueno que las autoridades pasen a las casas del com\u00fan de la gente y vean nuestra realidad\u201d, asegur\u00f3 la beneficiaria.<\/p>\n<\/div><\/section><\/div><div  style='height:50px' class='hr hr-invisible   avia-builder-el-6  el_after_av_one_full  el_before_av_social_share '><span class='hr-inner ' ><span class='hr-inner-style'><\/span><\/span><\/div><\/p>\n<div  class='av-social-sharing-box  avia-builder-el-7  el_after_av_hr  el_before_av_hr  '><div class='av-share-box'><h5 class='av-share-link-description av-no-toc '>Compartir esta noticia<\/h5><ul class='av-share-box-list noLightbox'><li class='av-share-link av-social-link-facebook' ><a target=\"_blank\" aria-label=\"Compartir en Facebook\" href='https:\/\/www.facebook.com\/sharer.php?u=https:\/\/radiorevelacionfm.cl\/?p=2941&#038;t=Subsecretario%20de%20Energ%C3%ADa%20visita%20a%20familias%20de%20Valle%20Simpson%20que%20por%20primera%20vez%20cuentan%20con%20energ%C3%ADa%20el%C3%A9ctrica%20en%20sus%20hogares' aria-hidden='false' data-av_icon='\ue8f3' data-av_iconfont='entypo-fontello' title='' data-avia-related-tooltip='Compartir en Facebook' rel=\"noopener\"><span class='avia_hidden_link_text'>Compartir en Facebook<\/span><\/a><\/li><li class='av-share-link av-social-link-twitter' ><a target=\"_blank\" aria-label=\"Compartir en Twitter\" href='https:\/\/twitter.com\/share?text=Subsecretario%20de%20Energ%C3%ADa%20visita%20a%20familias%20de%20Valle%20Simpson%20que%20por%20primera%20vez%20cuentan%20con%20energ%C3%ADa%20el%C3%A9ctrica%20en%20sus%20hogares&#038;url=https:\/\/radiorevelacionfm.cl\/?p=2941' aria-hidden='false' data-av_icon='\ue8f1' data-av_iconfont='entypo-fontello' title='' data-avia-related-tooltip='Compartir en Twitter' rel=\"noopener\"><span class='avia_hidden_link_text'>Compartir en Twitter<\/span><\/a><\/li><li class='av-share-link av-social-link-whatsapp' ><a target=\"_blank\" aria-label=\"Compartir en Whatsapp\" href='https:\/\/api.whatsapp.com\/send?text=https:\/\/radiorevelacionfm.cl\/?p=2941' aria-hidden='false' data-av_icon='\uf232' data-av_iconfont='entypo-fontello' title='' data-avia-related-tooltip='Compartir en Whatsapp' rel=\"noopener\"><span class='avia_hidden_link_text'>Compartir en Whatsapp<\/span><\/a><\/li><li class='av-share-link av-social-link-linkedin' ><a target=\"_blank\" aria-label=\"Compartir en LinkedIn\" href='https:\/\/linkedin.com\/shareArticle?mini=true&#038;title=Subsecretario%20de%20Energ%C3%ADa%20visita%20a%20familias%20de%20Valle%20Simpson%20que%20por%20primera%20vez%20cuentan%20con%20energ%C3%ADa%20el%C3%A9ctrica%20en%20sus%20hogares&#038;url=https:\/\/radiorevelacionfm.cl\/?p=2941' aria-hidden='false' data-av_icon='\ue8fc' data-av_iconfont='entypo-fontello' title='' data-avia-related-tooltip='Compartir en LinkedIn' rel=\"noopener\"><span class='avia_hidden_link_text'>Compartir en LinkedIn<\/span><\/a><\/li><li class='av-share-link av-social-link-mail' ><a  aria-label=\"Compartir por correo\" href='mailto:?subject=Subsecretario%20de%20Energ%C3%ADa%20visita%20a%20familias%20de%20Valle%20Simpson%20que%20por%20primera%20vez%20cuentan%20con%20energ%C3%ADa%20el%C3%A9ctrica%20en%20sus%20hogares&#038;body=https:\/\/radiorevelacionfm.cl\/?p=2941' aria-hidden='false' data-av_icon='\ue805' data-av_iconfont='entypo-fontello' title='' data-avia-related-tooltip='Compartir por correo'><span class='avia_hidden_link_text'>Compartir por correo<\/span><\/a><\/li><\/ul><\/div><\/div>\n<div  style='height:50px' class='hr hr-invisible   avia-builder-el-8  el_after_av_social_share  el_before_av_comments_list '><span class='hr-inner ' ><span class='hr-inner-style'><\/span><\/span><\/div>\n<div  class='av-buildercomment  av-blog-meta-html-info-disabled av-blog-meta-tag-disabled  '><\/div>\n","protected":false},"excerpt":{"rendered":"","protected":false},"author":1,"featured_media":0,"comment_status":"open","ping_status":"open","sticky":false,"template":"","format":"standard","meta":{"footnotes":""},"categories":[38],"tags":[],"class_list":["post-2941","post","type-post","status-publish","format-standard","hentry","category-regional"],"jetpack_featured_media_url":"","_links":{"self":[{"href":"https:\/\/radiorevelacionfm.cl\/index.php?rest_route=\/wp\/v2\/posts\/2941","targetHints":{"allow":["GET"]}}],"collection":[{"href":"https:\/\/radiorevelacionfm.cl\/index.php?rest_route=\/wp\/v2\/posts"}],"about":[{"href":"https:\/\/radiorevelacionfm.cl\/index.php?rest_route=\/wp\/v2\/types\/post"}],"author":[{"embeddable":true,"href":"https:\/\/radiorevelacionfm.cl\/index.php?rest_route=\/wp\/v2\/users\/1"}],"replies":[{"embeddable":true,"href":"https:\/\/radiorevelacionfm.cl\/index.php?rest_route=%2Fwp%2Fv2%2Fcomments&post=2941"}],"version-history":[{"count":1,"href":"https:\/\/radiorevelacionfm.cl\/index.php?rest_route=\/wp\/v2\/posts\/2941\/revisions"}],"predecessor-version":[{"id":2943,"href":"https:\/\/radiorevelacionfm.cl\/index.php?rest_route=\/wp\/v2\/posts\/2941\/revisions\/2943"}],"wp:attachment":[{"href":"https:\/\/radiorevelacionfm.cl\/index.php?rest_route=%2Fwp%2Fv2%2Fmedia&parent=2941"}],"wp:term":[{"taxonomy":"category","embeddable":true,"href":"https:\/\/radiorevelacionfm.cl\/index.php?rest_route=%2Fwp%2Fv2%2Fcategories&post=2941"},{"taxonomy":"post_tag","embeddable":true,"href":"https:\/\/radiorevelacionfm.cl\/index.php?rest_route=%2Fwp%2Fv2%2Ftags&post=2941"}],"curies":[{"name":"wp","href":"https:\/\/api.w.org\/{rel}","templated":true}]}}