{"id":29409,"date":"2023-03-27T19:25:08","date_gmt":"2023-03-27T22:25:08","guid":{"rendered":"https:\/\/radiorevelacionfm.cl\/?p=29409"},"modified":"2023-03-27T19:25:08","modified_gmt":"2023-03-27T22:25:08","slug":"participantes-en-curso-de-compostaje-valoran-iniciativa-de-empresario-local-en-bien-de-la-educacion-y-la-comunidad","status":"publish","type":"post","link":"https:\/\/radiorevelacionfm.cl\/?p=29409","title":{"rendered":"Participantes en curso de compostaje valoran iniciativa de empresario local en bien de la educaci\u00f3n y la comunidad"},"content":{"rendered":"<div class=\"flex_column av_one_full  flex_column_div av-zero-column-padding first  avia-builder-el-0  el_before_av_one_full  avia-builder-el-first  \" style='border-radius:0px; '><div  class='avia-image-container  av-styling-    avia-builder-el-1  avia-builder-el-no-sibling  avia-align-center '  itemprop=\"image\" itemscope=\"itemscope\" itemtype=\"https:\/\/schema.org\/ImageObject\"  ><div class='avia-image-container-inner'><div class='avia-image-overlay-wrap'><img decoding=\"async\" class='wp-image-29410 avia-img-lazy-loading-not-29410 avia_image' src=\"https:\/\/radiorevelacionfm.cl\/wp-content\/uploads\/2023\/03\/COMPOSTAJE-Y-VERMICOMPOSTAJE-8-2-2.jpg\" alt='' title='COMPOSTAJE Y VERMICOMPOSTAJE 8-2-2' height=\"600\" width=\"1067\"  itemprop=\"thumbnailUrl\" srcset=\"https:\/\/radiorevelacionfm.cl\/wp-content\/uploads\/2023\/03\/COMPOSTAJE-Y-VERMICOMPOSTAJE-8-2-2.jpg 1067w, https:\/\/radiorevelacionfm.cl\/wp-content\/uploads\/2023\/03\/COMPOSTAJE-Y-VERMICOMPOSTAJE-8-2-2-300x169.jpg 300w, https:\/\/radiorevelacionfm.cl\/wp-content\/uploads\/2023\/03\/COMPOSTAJE-Y-VERMICOMPOSTAJE-8-2-2-1030x579.jpg 1030w, https:\/\/radiorevelacionfm.cl\/wp-content\/uploads\/2023\/03\/COMPOSTAJE-Y-VERMICOMPOSTAJE-8-2-2-768x432.jpg 768w, https:\/\/radiorevelacionfm.cl\/wp-content\/uploads\/2023\/03\/COMPOSTAJE-Y-VERMICOMPOSTAJE-8-2-2-705x396.jpg 705w, https:\/\/radiorevelacionfm.cl\/wp-content\/uploads\/2023\/03\/COMPOSTAJE-Y-VERMICOMPOSTAJE-8-2-2-450x253.jpg 450w, https:\/\/radiorevelacionfm.cl\/wp-content\/uploads\/2023\/03\/COMPOSTAJE-Y-VERMICOMPOSTAJE-8-2-2-600x337.jpg 600w\" sizes=\"(max-width: 1067px) 100vw, 1067px\" \/><\/div><\/div><\/div><\/div><div class=\"flex_column av_one_full  flex_column_div av-zero-column-padding first  avia-builder-el-2  el_after_av_one_full  el_before_av_one_full  column-top-margin\" style='border-radius:0px; '><section class=\"av_textblock_section \"  itemscope=\"itemscope\" itemtype=\"https:\/\/schema.org\/BlogPosting\" itemprop=\"blogPost\" ><div class='avia_textblock  '   itemprop=\"text\" ><p style=\"text-align: center;\"><span style=\"font-size: 18pt;\"><strong>Participantes en curso de compostaje valoran iniciativa de empresario local en bien de la educaci\u00f3n y la comunidad<\/strong><\/span><\/p>\n<div id=\"gtx-trans\" style=\"position: absolute; left: -50px; top: 4.31534px;\">\n<div class=\"gtx-trans-icon\"><\/div>\n<\/div>\n<\/div><\/section><\/div><div class=\"flex_column av_one_full  flex_column_div av-zero-column-padding first  avia-builder-el-4  el_after_av_one_full  el_before_av_hr  column-top-margin\" style='border-radius:0px; '><section class=\"av_textblock_section \"  itemscope=\"itemscope\" itemtype=\"https:\/\/schema.org\/BlogPosting\" itemprop=\"blogPost\" ><div class='avia_textblock  '   itemprop=\"text\" ><p style=\"text-align: justify;\">Gran participaci\u00f3n tuvo el desarrollo de un nuevo curso de Compostaje y Vermicompostaje convocado por Empresas Bahamonde de Puerto Ays\u00e9n, instancia en la que estuvieron representantes, jardines infantiles, colegios, agrupaciones folcl\u00f3ricas y vecinos de la ciudad.<\/p>\n<p style=\"text-align: justify;\">Durante la jornada hubo una parte te\u00f3rica y otra pr\u00e1ctica, ambas con bastante interacci\u00f3n de las y los asistentes, quienes resolvieron todas sus dudas con el relator de la capacitaci\u00f3n, Julio Gonz\u00e1lez, profesional de la empresa GEMAT.<\/p>\n<p style=\"text-align: justify;\">Al concluir la actividad algunos de los participantes, destacaron la instancia donde lograron adquirir nuevos conocimientos, los que ser\u00e1n transmitidos a los ni\u00f1os, ni\u00f1as e integrantes de la comunidad educativa, como es el caso de la escuela de Puerto Chacabuco.<\/p>\n<p style=\"text-align: justify;\">\u201cNos pareci\u00f3 interesante junto a mis colegas, la verdad es que, muy interesante y muy agradecida de la labor que cumple don Alejandro Bahamonde frente a todo este proceso de compostaje, de invitar a la comunidad a ser part\u00edcipe de esto en su empresa. As\u00ed es que, nos vamos s\u00faper contentas, con muchos aprendizajes para poder entregar a nuestra comunidad, familia y sobre todo a nuestros alumnos\u201d, indic\u00f3 la profesora de la escuela Almirante Simpson de Chacabuco, Cristina Carrasco\u201d.<\/p>\n<p style=\"text-align: justify;\">En el curso de Compostaje y Vermicompostaje tambi\u00e9n hubo representantes del Conjunto Folcl\u00f3rico \u201cNalcayec\u201d de Puerto Ays\u00e9n, quienes se mostraron felices de ser parte en esta actividad. \u201cMuy bueno, muy lindo, la verdad es que uno aprende de estas cosas, as\u00ed es que, muy bueno que se realicen estas actividades. Hoy aprend\u00ed un poco m\u00e1s de reciclaje, por ello, agradecer a Empresas Bahamonde que est\u00e9 desarrollando este tipo de cursos, porque ac\u00e1 en Ays\u00e9n hay muy pocos cursos de este tipo, as\u00ed es que, lo encontr\u00e9 muy bueno\u201d, manifest\u00f3 Daniela C\u00e1rdenas, apoderada y dirigenta de la organizaci\u00f3n cultural.<\/p>\n<p style=\"text-align: justify;\">Una nueva delegaci\u00f3n del jard\u00edn infantil \u201cLobito Feroz\u201d lleg\u00f3 a ser parte de la capacitaci\u00f3n, Yasna Guti\u00e9rrez, educadora de p\u00e1rvulos, puso en valor la instancia propiciada por Empresas Bahamonde.<\/p>\n<p style=\"text-align: justify;\">\u201cA nosotras nos pareci\u00f3 s\u00faper interesante, entretenido, es algo que queremos llevar a nuestro jard\u00edn, es m\u00e1s, ya lo hemos empezado a implementar, porque ya ha venido parte del equipo pedag\u00f3gico a participar de estos talleres y este es el tercer taller donde est\u00e1 presente el jard\u00edn. Muy contentas con la invitaci\u00f3n y queremos seguir replic\u00e1ndolo, es m\u00e1s, nos llevamos una parte del compost para poder seguir haci\u00e9ndolo en el jard\u00edn infantil. Empresas Bahamonde es una de nuestras principales redes, es un actor social muy importante para la comunidad, participamos siempre en actividades en conjunto, es m\u00e1s, hemos contado con ellos para la confecci\u00f3n de polerones, entre otras cosas\u201d.<\/p>\n<p style=\"text-align: justify;\">Para la Alejandro Bahamonde, due\u00f1o y representante de Empresas Bahamonde, esta es una instancia m\u00e1s de trabajo con la comunidad, llegando en esta ocasi\u00f3n al quinto curso de Compostaje y Vermicompostaje. Adem\u00e1s, inform\u00f3 que se est\u00e1 preparando una capacitaci\u00f3n dirigida a personas no videntes. \u201cEste es el quinto curso de compostaje que hemos realizado, esperamos llevar a cabo unos cuatro o cinco m\u00e1s durante el a\u00f1o en la comuna de Ays\u00e9n. Adem\u00e1s, adelantar una noticia, estamos preparando un curso de compostaje para personas no videntes. Y ahora, el curso tiene otro valor, porque esta certificado por el CFT Estatal de Ays\u00e9n, as\u00ed es que, cada persona que realice este curso va a recibir su certificaci\u00f3n\u201d, puntualiz\u00f3.<\/p>\n<\/div><\/section><\/div><div  style='height:50px' class='hr hr-invisible   avia-builder-el-6  el_after_av_one_full  el_before_av_social_share '><span class='hr-inner ' ><span class='hr-inner-style'><\/span><\/span><\/div><\/p>\n<div  class='av-social-sharing-box  avia-builder-el-7  el_after_av_hr  el_before_av_hr  '><div class='av-share-box'><h5 class='av-share-link-description av-no-toc '>Compartir esta noticia<\/h5><ul class='av-share-box-list noLightbox'><li class='av-share-link av-social-link-facebook' ><a target=\"_blank\" aria-label=\"Compartir en Facebook\" href='https:\/\/www.facebook.com\/sharer.php?u=https:\/\/radiorevelacionfm.cl\/?p=29409&#038;t=Participantes%20en%20curso%20de%20compostaje%20valoran%20iniciativa%20de%20empresario%20local%20en%20bien%20de%20la%20educaci%C3%B3n%20y%20la%20comunidad' aria-hidden='false' data-av_icon='\ue8f3' data-av_iconfont='entypo-fontello' title='' data-avia-related-tooltip='Compartir en Facebook' rel=\"noopener\"><span class='avia_hidden_link_text'>Compartir en Facebook<\/span><\/a><\/li><li class='av-share-link av-social-link-twitter' ><a target=\"_blank\" aria-label=\"Compartir en Twitter\" href='https:\/\/twitter.com\/share?text=Participantes%20en%20curso%20de%20compostaje%20valoran%20iniciativa%20de%20empresario%20local%20en%20bien%20de%20la%20educaci%C3%B3n%20y%20la%20comunidad&#038;url=https:\/\/radiorevelacionfm.cl\/?p=29409' aria-hidden='false' data-av_icon='\ue8f1' data-av_iconfont='entypo-fontello' title='' data-avia-related-tooltip='Compartir en Twitter' rel=\"noopener\"><span class='avia_hidden_link_text'>Compartir en Twitter<\/span><\/a><\/li><li class='av-share-link av-social-link-whatsapp' ><a target=\"_blank\" aria-label=\"Compartir en Whatsapp\" href='https:\/\/api.whatsapp.com\/send?text=https:\/\/radiorevelacionfm.cl\/?p=29409' aria-hidden='false' data-av_icon='\uf232' data-av_iconfont='entypo-fontello' title='' data-avia-related-tooltip='Compartir en Whatsapp' rel=\"noopener\"><span class='avia_hidden_link_text'>Compartir en Whatsapp<\/span><\/a><\/li><li class='av-share-link av-social-link-linkedin' ><a target=\"_blank\" aria-label=\"Compartir en LinkedIn\" href='https:\/\/linkedin.com\/shareArticle?mini=true&#038;title=Participantes%20en%20curso%20de%20compostaje%20valoran%20iniciativa%20de%20empresario%20local%20en%20bien%20de%20la%20educaci%C3%B3n%20y%20la%20comunidad&#038;url=https:\/\/radiorevelacionfm.cl\/?p=29409' aria-hidden='false' data-av_icon='\ue8fc' data-av_iconfont='entypo-fontello' title='' data-avia-related-tooltip='Compartir en LinkedIn' rel=\"noopener\"><span class='avia_hidden_link_text'>Compartir en LinkedIn<\/span><\/a><\/li><li class='av-share-link av-social-link-mail' ><a  aria-label=\"Compartir por correo\" href='mailto:?subject=Participantes%20en%20curso%20de%20compostaje%20valoran%20iniciativa%20de%20empresario%20local%20en%20bien%20de%20la%20educaci%C3%B3n%20y%20la%20comunidad&#038;body=https:\/\/radiorevelacionfm.cl\/?p=29409' aria-hidden='false' data-av_icon='\ue805' data-av_iconfont='entypo-fontello' title='' data-avia-related-tooltip='Compartir por correo'><span class='avia_hidden_link_text'>Compartir por correo<\/span><\/a><\/li><\/ul><\/div><\/div>\n<div  style='height:50px' class='hr hr-invisible   avia-builder-el-8  el_after_av_social_share  el_before_av_comments_list '><span class='hr-inner ' ><span class='hr-inner-style'><\/span><\/span><\/div>\n<div  class='av-buildercomment  av-blog-meta-html-info-disabled av-blog-meta-tag-disabled  '><\/div>\n","protected":false},"excerpt":{"rendered":"","protected":false},"author":1,"featured_media":29410,"comment_status":"open","ping_status":"open","sticky":false,"template":"","format":"standard","meta":{"footnotes":""},"categories":[38],"tags":[],"class_list":["post-29409","post","type-post","status-publish","format-standard","has-post-thumbnail","hentry","category-regional"],"jetpack_featured_media_url":"https:\/\/radiorevelacionfm.cl\/wp-content\/uploads\/2023\/03\/COMPOSTAJE-Y-VERMICOMPOSTAJE-8-2-2.jpg","_links":{"self":[{"href":"https:\/\/radiorevelacionfm.cl\/index.php?rest_route=\/wp\/v2\/posts\/29409","targetHints":{"allow":["GET"]}}],"collection":[{"href":"https:\/\/radiorevelacionfm.cl\/index.php?rest_route=\/wp\/v2\/posts"}],"about":[{"href":"https:\/\/radiorevelacionfm.cl\/index.php?rest_route=\/wp\/v2\/types\/post"}],"author":[{"embeddable":true,"href":"https:\/\/radiorevelacionfm.cl\/index.php?rest_route=\/wp\/v2\/users\/1"}],"replies":[{"embeddable":true,"href":"https:\/\/radiorevelacionfm.cl\/index.php?rest_route=%2Fwp%2Fv2%2Fcomments&post=29409"}],"version-history":[{"count":1,"href":"https:\/\/radiorevelacionfm.cl\/index.php?rest_route=\/wp\/v2\/posts\/29409\/revisions"}],"predecessor-version":[{"id":29411,"href":"https:\/\/radiorevelacionfm.cl\/index.php?rest_route=\/wp\/v2\/posts\/29409\/revisions\/29411"}],"wp:featuredmedia":[{"embeddable":true,"href":"https:\/\/radiorevelacionfm.cl\/index.php?rest_route=\/wp\/v2\/media\/29410"}],"wp:attachment":[{"href":"https:\/\/radiorevelacionfm.cl\/index.php?rest_route=%2Fwp%2Fv2%2Fmedia&parent=29409"}],"wp:term":[{"taxonomy":"category","embeddable":true,"href":"https:\/\/radiorevelacionfm.cl\/index.php?rest_route=%2Fwp%2Fv2%2Fcategories&post=29409"},{"taxonomy":"post_tag","embeddable":true,"href":"https:\/\/radiorevelacionfm.cl\/index.php?rest_route=%2Fwp%2Fv2%2Ftags&post=29409"}],"curies":[{"name":"wp","href":"https:\/\/api.w.org\/{rel}","templated":true}]}}