{"id":29406,"date":"2023-03-28T11:38:07","date_gmt":"2023-03-28T14:38:07","guid":{"rendered":"https:\/\/radiorevelacionfm.cl\/?p=29406"},"modified":"2023-03-28T11:38:07","modified_gmt":"2023-03-28T14:38:07","slug":"justicia-reconocio-a-8-funcionarias-por-su-aporte-al-sector-y-anos-de-servicio","status":"publish","type":"post","link":"https:\/\/radiorevelacionfm.cl\/?p=29406","title":{"rendered":"Justicia reconoci\u00f3 a 8 funcionarias por su aporte al sector y a\u00f1os de servicio"},"content":{"rendered":"<div class=\"flex_column av_one_full  flex_column_div av-zero-column-padding first  avia-builder-el-0  el_before_av_one_full  avia-builder-el-first  \" style='border-radius:0px; '><div  class='avia-image-container  av-styling-    avia-builder-el-1  avia-builder-el-no-sibling  avia-align-center '  itemprop=\"image\" itemscope=\"itemscope\" itemtype=\"https:\/\/schema.org\/ImageObject\"  ><div class='avia-image-container-inner'><div class='avia-image-overlay-wrap'><img decoding=\"async\" class='wp-image-29407 avia-img-lazy-loading-not-29407 avia_image' src=\"https:\/\/radiorevelacionfm.cl\/wp-content\/uploads\/2023\/03\/homenajeadas-2-2_optimized-2.jpg\" alt='' title='homenajeadas-2-2_optimized-2' height=\"600\" width=\"1590\"  itemprop=\"thumbnailUrl\" srcset=\"https:\/\/radiorevelacionfm.cl\/wp-content\/uploads\/2023\/03\/homenajeadas-2-2_optimized-2.jpg 1590w, https:\/\/radiorevelacionfm.cl\/wp-content\/uploads\/2023\/03\/homenajeadas-2-2_optimized-2-300x113.jpg 300w, https:\/\/radiorevelacionfm.cl\/wp-content\/uploads\/2023\/03\/homenajeadas-2-2_optimized-2-1030x389.jpg 1030w, https:\/\/radiorevelacionfm.cl\/wp-content\/uploads\/2023\/03\/homenajeadas-2-2_optimized-2-768x290.jpg 768w, https:\/\/radiorevelacionfm.cl\/wp-content\/uploads\/2023\/03\/homenajeadas-2-2_optimized-2-1536x580.jpg 1536w, https:\/\/radiorevelacionfm.cl\/wp-content\/uploads\/2023\/03\/homenajeadas-2-2_optimized-2-1500x566.jpg 1500w, https:\/\/radiorevelacionfm.cl\/wp-content\/uploads\/2023\/03\/homenajeadas-2-2_optimized-2-705x266.jpg 705w, https:\/\/radiorevelacionfm.cl\/wp-content\/uploads\/2023\/03\/homenajeadas-2-2_optimized-2-450x170.jpg 450w, https:\/\/radiorevelacionfm.cl\/wp-content\/uploads\/2023\/03\/homenajeadas-2-2_optimized-2-600x226.jpg 600w\" sizes=\"(max-width: 1590px) 100vw, 1590px\" \/><\/div><\/div><\/div><\/div><div class=\"flex_column av_one_full  flex_column_div av-zero-column-padding first  avia-builder-el-2  el_after_av_one_full  el_before_av_one_full  column-top-margin\" style='border-radius:0px; '><section class=\"av_textblock_section \"  itemscope=\"itemscope\" itemtype=\"https:\/\/schema.org\/BlogPosting\" itemprop=\"blogPost\" ><div class='avia_textblock  '   itemprop=\"text\" ><p style=\"text-align: center;\"><strong><span style=\"font-size: 18pt;\">Justicia reconoci\u00f3 a 8 funcionarias por su aporte al sector y a\u00f1os de servicio <\/span><\/strong><\/p>\n<div id=\"gtx-trans\" style=\"position: absolute; left: -50px; top: 4.31534px;\">\n<div class=\"gtx-trans-icon\"><\/div>\n<\/div>\n<\/div><\/section><\/div><div class=\"flex_column av_one_full  flex_column_div av-zero-column-padding first  avia-builder-el-4  el_after_av_one_full  el_before_av_hr  column-top-margin\" style='border-radius:0px; '><section class=\"av_textblock_section \"  itemscope=\"itemscope\" itemtype=\"https:\/\/schema.org\/BlogPosting\" itemprop=\"blogPost\" ><div class='avia_textblock  '   itemprop=\"text\" ><p style=\"text-align: justify;\">La emotividad y el agradecimiento por su aporte al servicio p\u00fablico, fueron el matiz perfecto en la ceremonia de reconocimiento a ocho mujeres del sector Justicia realizada la semana reci\u00e9n pasada en el auditorio del Mop, la que fue encabezada por el Seremi de Justicia y Derechos Humanos Samuel Navarro Castro acompa\u00f1ado de su par de la Mujer y Equidad de G\u00e9nero Andrea M\u00e9ndez Valenzuela, funcionarios\/as, invitados especiales y familiares de las homenajeadas.<\/p>\n<p style=\"text-align: justify;\">En la oportunidad fueron reconocidas, Blanca Barrientos Soto (Servicio de Registro Civil e Identificaci\u00f3n), Ximena Gajardo Bustamante y Magdalena P\u00e9rez Hern\u00e1ndez (Secretar\u00eda Regional Ministerial de Justicia y Derechos Humanos), Gina G\u00f3mez Marim\u00e1n (Corporaci\u00f3n de Asistencia Judicial del B\u00edo B\u00edo), Adriana Gonz\u00e1lez Villegas (Servicio Nacional de Menores), Suboficial Carmen Jara Fern\u00e1ndez (Gendarmer\u00eda de Chile), Malva Morales Frene (Servicio M\u00e9dico Legal) y Ver\u00f3nica Lepe Gutierrez (Defensor\u00eda Penal P\u00fablica).<\/p>\n<p style=\"text-align: justify;\">Respecto a la importancia de este reconocimiento, el Seremi de Justicia y Derechos Humanos, Samuel Navarro Castro destac\u00f3 que \u201cnos parec\u00eda relevante destacar como la mujer en el sector Justicia ha ido abriendo camino, ha ido abriendo senda como el aporte insustituible, esencial para acercar la Justicia a la gente ha sido reconocido por sus pares, pero adem\u00e1s reconocido por esta Serem\u00eda de Justicia, nos parec\u00eda que era el contexto del 8M, del mes de la mujer este reconocimiento deber\u00eda llevarse a cabo, as\u00ed que estamos muy contentos que hayan tenido una activa participaci\u00f3n con acompa\u00f1amiento de sus pares, de sus colegas de trabajo, pero tambi\u00e9n de sus familias que participaron de esta ceremonia\u201d.<\/p>\n<p style=\"text-align: justify;\">La funcionaria Blanca Barrientos Soto con 48 a\u00f1os de servicio en el Servicio de Registro Civil e Identificaci\u00f3n se\u00f1al\u00f3 que \u201cme sent\u00ed muy agradecida, emocionada, es primera vez que me hacen un reconocimiento en un acto as\u00ed y representando el servicio de toda mi trayectoria y lo m\u00e1s emocionante es que pudo llegar mi hijo, estar acompa\u00f1ado con ellos, pero te dir\u00e9 que fue un d\u00eda lleno de emociones y muy agradecida\u201d.<\/p>\n<p style=\"text-align: justify;\">En tanto, la Suboficial Carmen Jara con 25 a\u00f1os en Gendarmer\u00eda de Chile se\u00f1al\u00f3 \u201cagradecer a la Secretar\u00eda Regional Ministerial de Justicia y Derechos Humanos la realizaci\u00f3n de tan hermosa actividad la cual reconoce la trayectoria del personal femenino de cada uno de los servicios del sector, me siento honrada de haber sido nominada y representando a mi instituci\u00f3n, reconocimiento que nos obliga a reanudar el compromiso de seguir contribuyendo en mi caso y en la \u00faltima etapa de mi carrera de manera positiva con las generaciones venideras\u201d.<\/p>\n<p style=\"text-align: justify;\">La Seremi de la Mujer y Equidad de G\u00e9nero Andrea M\u00e9ndez valor\u00f3 este tipo de acciones indicando que \u201ccomo ministerio valoramos la realizaci\u00f3n de estas actividades, las cuales ponen en el centro el reconocimiento de las trayectorias laborales de funcionarias p\u00fablicas, haciendo \u00e9nfasis en el ejercicio de agradecer, pero tambi\u00e9n en dar cuenta de los distintos desaf\u00edos o complejidades que han debido enfrentar en el \u00e1mbito laboral y personal, creemos que es una manera de dar cuenta de que las mujeres realizan un trabajo fundamental en todos los espacios y que la gesti\u00f3n p\u00fablica tambi\u00e9n se debe al esfuerzo que ellas le ponen al d\u00eda a d\u00eda, por otro lado reconocemos que esta es la primera actividad que se realiza en el sector Justicia en torno al reconocimiento de mujeres funcionarias, y creemos que tiene que ver con el \u00e9nfasis que hemos puesto como gobierno al reconocimiento de las mujeres y la valoraci\u00f3n de las mismas en todos los espacios\u201d.<\/p>\n<p style=\"text-align: justify;\">Finalmente, cabe mencionar que esta actividad, es la primera de muchas que espera llevar a cabo la Secretar\u00eda Regional Ministerial de Justicia y Derechos Humanos en pro de reconocer y poner el valor de las mujeres en el ejercicio de sus funciones al interior de los servicios p\u00fablicos del sector Justicia.<\/p>\n<p style=\"text-align: justify;\"><strong>\u00a0<\/strong><\/p>\n<\/div><\/section><\/div><div  style='height:50px' class='hr hr-invisible   avia-builder-el-6  el_after_av_one_full  el_before_av_social_share '><span class='hr-inner ' ><span class='hr-inner-style'><\/span><\/span><\/div><\/p>\n<div  class='av-social-sharing-box  avia-builder-el-7  el_after_av_hr  el_before_av_hr  '><div class='av-share-box'><h5 class='av-share-link-description av-no-toc '>Compartir esta noticia<\/h5><ul class='av-share-box-list noLightbox'><li class='av-share-link av-social-link-facebook' ><a target=\"_blank\" aria-label=\"Compartir en Facebook\" href='https:\/\/www.facebook.com\/sharer.php?u=https:\/\/radiorevelacionfm.cl\/?p=29406&#038;t=Justicia%20reconoci%C3%B3%20a%208%20funcionarias%20por%20su%20aporte%20al%20sector%20y%20a%C3%B1os%20de%20servicio' aria-hidden='false' data-av_icon='\ue8f3' data-av_iconfont='entypo-fontello' title='' data-avia-related-tooltip='Compartir en Facebook' rel=\"noopener\"><span class='avia_hidden_link_text'>Compartir en Facebook<\/span><\/a><\/li><li class='av-share-link av-social-link-twitter' ><a target=\"_blank\" aria-label=\"Compartir en Twitter\" href='https:\/\/twitter.com\/share?text=Justicia%20reconoci%C3%B3%20a%208%20funcionarias%20por%20su%20aporte%20al%20sector%20y%20a%C3%B1os%20de%20servicio&#038;url=https:\/\/radiorevelacionfm.cl\/?p=29406' aria-hidden='false' data-av_icon='\ue8f1' data-av_iconfont='entypo-fontello' title='' data-avia-related-tooltip='Compartir en Twitter' rel=\"noopener\"><span class='avia_hidden_link_text'>Compartir en Twitter<\/span><\/a><\/li><li class='av-share-link av-social-link-whatsapp' ><a target=\"_blank\" aria-label=\"Compartir en Whatsapp\" href='https:\/\/api.whatsapp.com\/send?text=https:\/\/radiorevelacionfm.cl\/?p=29406' aria-hidden='false' data-av_icon='\uf232' data-av_iconfont='entypo-fontello' title='' data-avia-related-tooltip='Compartir en Whatsapp' rel=\"noopener\"><span class='avia_hidden_link_text'>Compartir en Whatsapp<\/span><\/a><\/li><li class='av-share-link av-social-link-linkedin' ><a target=\"_blank\" aria-label=\"Compartir en LinkedIn\" href='https:\/\/linkedin.com\/shareArticle?mini=true&#038;title=Justicia%20reconoci%C3%B3%20a%208%20funcionarias%20por%20su%20aporte%20al%20sector%20y%20a%C3%B1os%20de%20servicio&#038;url=https:\/\/radiorevelacionfm.cl\/?p=29406' aria-hidden='false' data-av_icon='\ue8fc' data-av_iconfont='entypo-fontello' title='' data-avia-related-tooltip='Compartir en LinkedIn' rel=\"noopener\"><span class='avia_hidden_link_text'>Compartir en LinkedIn<\/span><\/a><\/li><li class='av-share-link av-social-link-mail' ><a  aria-label=\"Compartir por correo\" href='mailto:?subject=Justicia%20reconoci%C3%B3%20a%208%20funcionarias%20por%20su%20aporte%20al%20sector%20y%20a%C3%B1os%20de%20servicio&#038;body=https:\/\/radiorevelacionfm.cl\/?p=29406' aria-hidden='false' data-av_icon='\ue805' data-av_iconfont='entypo-fontello' title='' data-avia-related-tooltip='Compartir por correo'><span class='avia_hidden_link_text'>Compartir por correo<\/span><\/a><\/li><\/ul><\/div><\/div>\n<div  style='height:50px' class='hr hr-invisible   avia-builder-el-8  el_after_av_social_share  el_before_av_comments_list '><span class='hr-inner ' ><span class='hr-inner-style'><\/span><\/span><\/div>\n<div  class='av-buildercomment  av-blog-meta-html-info-disabled av-blog-meta-tag-disabled  '><\/div>\n","protected":false},"excerpt":{"rendered":"","protected":false},"author":1,"featured_media":29407,"comment_status":"open","ping_status":"open","sticky":false,"template":"","format":"standard","meta":{"footnotes":""},"categories":[55],"tags":[],"class_list":["post-29406","post","type-post","status-publish","format-standard","has-post-thumbnail","hentry","category-justicia"],"jetpack_featured_media_url":"https:\/\/radiorevelacionfm.cl\/wp-content\/uploads\/2023\/03\/homenajeadas-2-2_optimized-2.jpg","_links":{"self":[{"href":"https:\/\/radiorevelacionfm.cl\/index.php?rest_route=\/wp\/v2\/posts\/29406","targetHints":{"allow":["GET"]}}],"collection":[{"href":"https:\/\/radiorevelacionfm.cl\/index.php?rest_route=\/wp\/v2\/posts"}],"about":[{"href":"https:\/\/radiorevelacionfm.cl\/index.php?rest_route=\/wp\/v2\/types\/post"}],"author":[{"embeddable":true,"href":"https:\/\/radiorevelacionfm.cl\/index.php?rest_route=\/wp\/v2\/users\/1"}],"replies":[{"embeddable":true,"href":"https:\/\/radiorevelacionfm.cl\/index.php?rest_route=%2Fwp%2Fv2%2Fcomments&post=29406"}],"version-history":[{"count":1,"href":"https:\/\/radiorevelacionfm.cl\/index.php?rest_route=\/wp\/v2\/posts\/29406\/revisions"}],"predecessor-version":[{"id":29408,"href":"https:\/\/radiorevelacionfm.cl\/index.php?rest_route=\/wp\/v2\/posts\/29406\/revisions\/29408"}],"wp:featuredmedia":[{"embeddable":true,"href":"https:\/\/radiorevelacionfm.cl\/index.php?rest_route=\/wp\/v2\/media\/29407"}],"wp:attachment":[{"href":"https:\/\/radiorevelacionfm.cl\/index.php?rest_route=%2Fwp%2Fv2%2Fmedia&parent=29406"}],"wp:term":[{"taxonomy":"category","embeddable":true,"href":"https:\/\/radiorevelacionfm.cl\/index.php?rest_route=%2Fwp%2Fv2%2Fcategories&post=29406"},{"taxonomy":"post_tag","embeddable":true,"href":"https:\/\/radiorevelacionfm.cl\/index.php?rest_route=%2Fwp%2Fv2%2Ftags&post=29406"}],"curies":[{"name":"wp","href":"https:\/\/api.w.org\/{rel}","templated":true}]}}