{"id":29400,"date":"2023-03-27T21:27:51","date_gmt":"2023-03-28T00:27:51","guid":{"rendered":"https:\/\/radiorevelacionfm.cl\/?p=29400"},"modified":"2023-03-27T21:27:51","modified_gmt":"2023-03-28T00:27:51","slug":"representantes-campesinos-de-todo-el-pais-se-reunen-en-aysen-para-evaluar-politicas-silvoagropecuarias","status":"publish","type":"post","link":"https:\/\/radiorevelacionfm.cl\/?p=29400","title":{"rendered":"Representantes campesinos de todo el pa\u00eds se re\u00fanen en Ays\u00e9n para evaluar pol\u00edticas silvoagropecuarias"},"content":{"rendered":"<div class=\"flex_column av_one_full  flex_column_div av-zero-column-padding first  avia-builder-el-0  el_before_av_one_full  avia-builder-el-first  \" style='border-radius:0px; '><div  class='avia-image-container  av-styling-    avia-builder-el-1  avia-builder-el-no-sibling  avia-align-center '  itemprop=\"image\" itemscope=\"itemscope\" itemtype=\"https:\/\/schema.org\/ImageObject\"  ><div class='avia-image-container-inner'><div class='avia-image-overlay-wrap'><img decoding=\"async\" class='wp-image-29401 avia-img-lazy-loading-not-29401 avia_image' src=\"https:\/\/radiorevelacionfm.cl\/wp-content\/uploads\/2023\/03\/1z9a9338-2-2_optimized-2.jpg\" alt='' title='1z9a9338-2-2_optimized-2' height=\"600\" width=\"1037\"  itemprop=\"thumbnailUrl\" srcset=\"https:\/\/radiorevelacionfm.cl\/wp-content\/uploads\/2023\/03\/1z9a9338-2-2_optimized-2.jpg 1037w, https:\/\/radiorevelacionfm.cl\/wp-content\/uploads\/2023\/03\/1z9a9338-2-2_optimized-2-300x174.jpg 300w, https:\/\/radiorevelacionfm.cl\/wp-content\/uploads\/2023\/03\/1z9a9338-2-2_optimized-2-1030x596.jpg 1030w, https:\/\/radiorevelacionfm.cl\/wp-content\/uploads\/2023\/03\/1z9a9338-2-2_optimized-2-768x444.jpg 768w, https:\/\/radiorevelacionfm.cl\/wp-content\/uploads\/2023\/03\/1z9a9338-2-2_optimized-2-705x408.jpg 705w, https:\/\/radiorevelacionfm.cl\/wp-content\/uploads\/2023\/03\/1z9a9338-2-2_optimized-2-450x260.jpg 450w, https:\/\/radiorevelacionfm.cl\/wp-content\/uploads\/2023\/03\/1z9a9338-2-2_optimized-2-600x347.jpg 600w\" sizes=\"(max-width: 1037px) 100vw, 1037px\" \/><\/div><\/div><\/div><\/div><div class=\"flex_column av_one_full  flex_column_div av-zero-column-padding first  avia-builder-el-2  el_after_av_one_full  el_before_av_one_full  column-top-margin\" style='border-radius:0px; '><section class=\"av_textblock_section \"  itemscope=\"itemscope\" itemtype=\"https:\/\/schema.org\/BlogPosting\" itemprop=\"blogPost\" ><div class='avia_textblock  '   itemprop=\"text\" ><p style=\"text-align: center;\"><strong><span style=\"font-size: 18pt;\">Representantes campesinos de todo el pa\u00eds se re\u00fanen en Ays\u00e9n para evaluar pol\u00edticas silvoagropecuarias<\/span><\/strong><\/p>\n<div id=\"gtx-trans\" style=\"position: absolute; left: -50px; top: 4.31534px;\">\n<div class=\"gtx-trans-icon\"><\/div>\n<\/div>\n<\/div><\/section><\/div><div class=\"flex_column av_one_full  flex_column_div av-zero-column-padding first  avia-builder-el-4  el_after_av_one_full  el_before_av_hr  column-top-margin\" style='border-radius:0px; '><section class=\"av_textblock_section \"  itemscope=\"itemscope\" itemtype=\"https:\/\/schema.org\/BlogPosting\" itemprop=\"blogPost\" ><div class='avia_textblock  '   itemprop=\"text\" ><p class=\"v1MsoNormal v1elementToProof\" style=\"text-align: justify;\"><span class=\"v1ContentPasted1\" lang=\"ES\">Hasta Cochrane llegaron por primera vez los representantes de los 15 Consejos de Asesores Regionales campesinos de INDAP, para evaluar las pol\u00edticas agrarias. En la cita participaron, adem\u00e1s de los representantes campesinos, el Subdirector Nacional de INDAP, C\u00e9sar Rodr\u00edguez, el Seremi de Agricultura, Alan Espinoza,\u00a0 ademas del Director (s) regional de la entidad, Ricardo Konig y el Jefe de la Divisi\u00f3n de Fomento de Ila entidad de fomento, Sebasti\u00e1n Acosta.\u00a0<\/span><\/p>\n<p class=\"v1MsoNormal v1elementToProof\" style=\"text-align: justify;\"><span class=\"v1ContentPasted1\" lang=\"ES\">En la ocasi\u00f3n, el Subdirector nacional dialog\u00f3 y dio respuestas a las distintas inquietudes expuestas por los representantes de los usuarios y usuarias, destacando el compromiso de seguir apoyando a la Agricultura Familiar Campesina e Ind\u00edgena y la necesidad de mantener un di\u00e1logo constante con los dirigentes campesinos. \u00abDe Arica a Magallanes, dirigentes de los Consejos Asesores Regionales, debatieron sobre la pol\u00edtica agr\u00edcola que lleva el INDAP hacia la Agricultura Familiar Campesina. Y esta discusi\u00f3n genera en algunos momentos diferencias, como tiene que ser, pero tambi\u00e9n genera muchos acuerdos, muchos alcances y muchas recomendaciones para poder mejorar la pol\u00edtica agr\u00edcola del Presidente Gabriel Boric hacia la Agricultura Familiar Campesina\u00bb, se\u00f1al\u00f3 la autoridad.\u00a0<\/span><\/p>\n<p class=\"v1MsoNormal\" style=\"text-align: justify;\"><span class=\"v1ContentPasted1\" lang=\"ES\">En tanto el Seremi de Agricultura, Alan Espinoza Ortiz, destac\u00f3 la instancia que permiti\u00f3 \u00abseguir junto con los dirigentes, entendiendo las problem\u00e1ticas y viendo c\u00f3mo podemos avanzar para cada d\u00eda ir mejorando y siendo un sector m\u00e1s productivo. Hoy d\u00eda, se han visto temas tan relevantes como la comercializaci\u00f3n. <span class=\"v1ContentPasted1\">\u00a0<\/span>Por lo cual es importante que <span class=\"v1ContentPasted1\">\u00a0<\/span>en conjunto podamos seguir construyendo una pol\u00edtica p\u00fablica\u00bb sostuvo.\u00a0<\/span><\/p>\n<p class=\"v1MsoNormal v1elementToProof\" style=\"text-align: justify;\"><span class=\"v1ContentPasted1\" lang=\"ES\">Por su parte, A, presidenta de la Mesa de Coordinaci\u00f3n de los Consejos Asesores Regionales, destac\u00f3 que \u00abel CAR es una instancia de participaci\u00f3n ciudadana que est\u00e1 por decreto de ley en el INDAP, y para nosotros es s\u00faper importante porque nos consideran, nos preguntan, nos informan y tambi\u00e9n hacemos nuestros aportes y ah\u00ed estamos siempre llevando las problem\u00e1ticas regionales\u00bb. \u00a0<\/span><\/p>\n<p class=\"v1MsoNormal\" style=\"text-align: justify;\"><span class=\"v1ContentPasted1\" lang=\"ES\">La representante tambi\u00e9n agradeci\u00f3 el esfuerzo de las autoridades de agricultura de la regi\u00f3n de Ays\u00e9n, por llevar la sesi\u00f3n del CAR a su territorio pues permiti\u00f3 valorizar el trabajo de los agricultores y agricultoras de la zona. \u00abSe lo dijimos con gestos de solidaridad. Dejamos nuestras regiones de lado para que ellos pudieran visibilizarse\u00bb.\u00a0<\/span><\/p>\n<p class=\"v1MsoNormal\" style=\"text-align: justify;\"><span class=\"v1ContentPasted1\" lang=\"ES\">Asimismo, el presidente de la instancia a nivel regional, Di\u00f3genes Cay\u00fan, valor\u00f3 esta instancia \u00abconstructiva, positiva, incluso para los dirigentes regionales, pues se pueden dar cuenta c\u00f3mo nosotros funcionamos en la Mesa Nacional del CAR, lo cual es muy relevante. Pues, de alguna manera, tenemos participaci\u00f3n en las pol\u00edticas p\u00fablicas a nivel regional y nacional\u00bb, se\u00f1al\u00f3.\u00a0<\/span><\/p>\n<p class=\"v1MsoNormal\" style=\"text-align: justify;\"><span class=\"v1ContentPasted1\" lang=\"ES\">Durante la visita que se realiz\u00f3 la semana reci\u00e9n pasada, los representantes campesinos y campesinas, pudieron visitar y conocer diversas experiencias de agricultores de la regi\u00f3n, entre ellas la de la Asociaci\u00f3n Gremial y Cooperativa R\u00edo Baker, que re\u00fane a productores de la comuna de Cochrane y tiene por objetivo comercializar asociativamente sus productos como madera, lana y le\u00f1a.\u00a0<\/span><\/p>\n<\/div><\/section><\/div><div  style='height:50px' class='hr hr-invisible   avia-builder-el-6  el_after_av_one_full  el_before_av_social_share '><span class='hr-inner ' ><span class='hr-inner-style'><\/span><\/span><\/div><\/p>\n<div  class='av-social-sharing-box  avia-builder-el-7  el_after_av_hr  el_before_av_hr  '><div class='av-share-box'><h5 class='av-share-link-description av-no-toc '>Compartir esta noticia<\/h5><ul class='av-share-box-list noLightbox'><li class='av-share-link av-social-link-facebook' ><a target=\"_blank\" aria-label=\"Compartir en Facebook\" href='https:\/\/www.facebook.com\/sharer.php?u=https:\/\/radiorevelacionfm.cl\/?p=29400&#038;t=Representantes%20campesinos%20de%20todo%20el%20pa%C3%ADs%20se%20re%C3%BAnen%20en%20Ays%C3%A9n%20para%20evaluar%20pol%C3%ADticas%20silvoagropecuarias' aria-hidden='false' data-av_icon='\ue8f3' data-av_iconfont='entypo-fontello' title='' data-avia-related-tooltip='Compartir en Facebook' rel=\"noopener\"><span class='avia_hidden_link_text'>Compartir en Facebook<\/span><\/a><\/li><li class='av-share-link av-social-link-twitter' ><a target=\"_blank\" aria-label=\"Compartir en Twitter\" href='https:\/\/twitter.com\/share?text=Representantes%20campesinos%20de%20todo%20el%20pa%C3%ADs%20se%20re%C3%BAnen%20en%20Ays%C3%A9n%20para%20evaluar%20pol%C3%ADticas%20silvoagropecuarias&#038;url=https:\/\/radiorevelacionfm.cl\/?p=29400' aria-hidden='false' data-av_icon='\ue8f1' data-av_iconfont='entypo-fontello' title='' data-avia-related-tooltip='Compartir en Twitter' rel=\"noopener\"><span class='avia_hidden_link_text'>Compartir en Twitter<\/span><\/a><\/li><li class='av-share-link av-social-link-whatsapp' ><a target=\"_blank\" aria-label=\"Compartir en Whatsapp\" href='https:\/\/api.whatsapp.com\/send?text=https:\/\/radiorevelacionfm.cl\/?p=29400' aria-hidden='false' data-av_icon='\uf232' data-av_iconfont='entypo-fontello' title='' data-avia-related-tooltip='Compartir en Whatsapp' rel=\"noopener\"><span class='avia_hidden_link_text'>Compartir en Whatsapp<\/span><\/a><\/li><li class='av-share-link av-social-link-linkedin' ><a target=\"_blank\" aria-label=\"Compartir en LinkedIn\" href='https:\/\/linkedin.com\/shareArticle?mini=true&#038;title=Representantes%20campesinos%20de%20todo%20el%20pa%C3%ADs%20se%20re%C3%BAnen%20en%20Ays%C3%A9n%20para%20evaluar%20pol%C3%ADticas%20silvoagropecuarias&#038;url=https:\/\/radiorevelacionfm.cl\/?p=29400' aria-hidden='false' data-av_icon='\ue8fc' data-av_iconfont='entypo-fontello' title='' data-avia-related-tooltip='Compartir en LinkedIn' rel=\"noopener\"><span class='avia_hidden_link_text'>Compartir en LinkedIn<\/span><\/a><\/li><li class='av-share-link av-social-link-mail' ><a  aria-label=\"Compartir por correo\" href='mailto:?subject=Representantes%20campesinos%20de%20todo%20el%20pa%C3%ADs%20se%20re%C3%BAnen%20en%20Ays%C3%A9n%20para%20evaluar%20pol%C3%ADticas%20silvoagropecuarias&#038;body=https:\/\/radiorevelacionfm.cl\/?p=29400' aria-hidden='false' data-av_icon='\ue805' data-av_iconfont='entypo-fontello' title='' data-avia-related-tooltip='Compartir por correo'><span class='avia_hidden_link_text'>Compartir por correo<\/span><\/a><\/li><\/ul><\/div><\/div>\n<div  style='height:50px' class='hr hr-invisible   avia-builder-el-8  el_after_av_social_share  el_before_av_comments_list '><span class='hr-inner ' ><span class='hr-inner-style'><\/span><\/span><\/div>\n<div  class='av-buildercomment  av-blog-meta-html-info-disabled av-blog-meta-tag-disabled  '><\/div>\n","protected":false},"excerpt":{"rendered":"","protected":false},"author":1,"featured_media":29401,"comment_status":"open","ping_status":"open","sticky":false,"template":"","format":"standard","meta":{"footnotes":""},"categories":[58],"tags":[],"class_list":["post-29400","post","type-post","status-publish","format-standard","has-post-thumbnail","hentry","category-agricultura"],"jetpack_featured_media_url":"https:\/\/radiorevelacionfm.cl\/wp-content\/uploads\/2023\/03\/1z9a9338-2-2_optimized-2.jpg","_links":{"self":[{"href":"https:\/\/radiorevelacionfm.cl\/index.php?rest_route=\/wp\/v2\/posts\/29400","targetHints":{"allow":["GET"]}}],"collection":[{"href":"https:\/\/radiorevelacionfm.cl\/index.php?rest_route=\/wp\/v2\/posts"}],"about":[{"href":"https:\/\/radiorevelacionfm.cl\/index.php?rest_route=\/wp\/v2\/types\/post"}],"author":[{"embeddable":true,"href":"https:\/\/radiorevelacionfm.cl\/index.php?rest_route=\/wp\/v2\/users\/1"}],"replies":[{"embeddable":true,"href":"https:\/\/radiorevelacionfm.cl\/index.php?rest_route=%2Fwp%2Fv2%2Fcomments&post=29400"}],"version-history":[{"count":1,"href":"https:\/\/radiorevelacionfm.cl\/index.php?rest_route=\/wp\/v2\/posts\/29400\/revisions"}],"predecessor-version":[{"id":29402,"href":"https:\/\/radiorevelacionfm.cl\/index.php?rest_route=\/wp\/v2\/posts\/29400\/revisions\/29402"}],"wp:featuredmedia":[{"embeddable":true,"href":"https:\/\/radiorevelacionfm.cl\/index.php?rest_route=\/wp\/v2\/media\/29401"}],"wp:attachment":[{"href":"https:\/\/radiorevelacionfm.cl\/index.php?rest_route=%2Fwp%2Fv2%2Fmedia&parent=29400"}],"wp:term":[{"taxonomy":"category","embeddable":true,"href":"https:\/\/radiorevelacionfm.cl\/index.php?rest_route=%2Fwp%2Fv2%2Fcategories&post=29400"},{"taxonomy":"post_tag","embeddable":true,"href":"https:\/\/radiorevelacionfm.cl\/index.php?rest_route=%2Fwp%2Fv2%2Ftags&post=29400"}],"curies":[{"name":"wp","href":"https:\/\/api.w.org\/{rel}","templated":true}]}}