{"id":29397,"date":"2023-03-27T16:53:47","date_gmt":"2023-03-27T19:53:47","guid":{"rendered":"https:\/\/radiorevelacionfm.cl\/?p=29397"},"modified":"2023-03-27T16:53:47","modified_gmt":"2023-03-27T19:53:47","slug":"migraciones-de-la-pdi-realiza-operativo-en-la-comuna-de-guaitecas","status":"publish","type":"post","link":"https:\/\/radiorevelacionfm.cl\/?p=29397","title":{"rendered":"Migraciones de la PDI realiza operativo en la comuna de Guaitecas"},"content":{"rendered":"<div class=\"flex_column av_one_full  flex_column_div av-zero-column-padding first  avia-builder-el-0  el_before_av_one_full  avia-builder-el-first  \" style='border-radius:0px; '><div  class='avia-image-container  av-styling-    avia-builder-el-1  avia-builder-el-no-sibling  avia-align-center '  itemprop=\"image\" itemscope=\"itemscope\" itemtype=\"https:\/\/schema.org\/ImageObject\"  ><div class='avia-image-container-inner'><div class='avia-image-overlay-wrap'><img decoding=\"async\" class='wp-image-29398 avia-img-lazy-loading-not-29398 avia_image' src=\"https:\/\/radiorevelacionfm.cl\/wp-content\/uploads\/2023\/03\/175679762_267548561752798_1600414570290546736_n-photoroom-2-2-2-2_optimized-2.jpg\" alt='' title='175679762_267548561752798_1600414570290546736_n-photoroom-2-2-2-2_optimized-2' height=\"600\" width=\"1030\"  itemprop=\"thumbnailUrl\" srcset=\"https:\/\/radiorevelacionfm.cl\/wp-content\/uploads\/2023\/03\/175679762_267548561752798_1600414570290546736_n-photoroom-2-2-2-2_optimized-2.jpg 1030w, https:\/\/radiorevelacionfm.cl\/wp-content\/uploads\/2023\/03\/175679762_267548561752798_1600414570290546736_n-photoroom-2-2-2-2_optimized-2-300x175.jpg 300w, https:\/\/radiorevelacionfm.cl\/wp-content\/uploads\/2023\/03\/175679762_267548561752798_1600414570290546736_n-photoroom-2-2-2-2_optimized-2-768x447.jpg 768w, https:\/\/radiorevelacionfm.cl\/wp-content\/uploads\/2023\/03\/175679762_267548561752798_1600414570290546736_n-photoroom-2-2-2-2_optimized-2-705x411.jpg 705w, https:\/\/radiorevelacionfm.cl\/wp-content\/uploads\/2023\/03\/175679762_267548561752798_1600414570290546736_n-photoroom-2-2-2-2_optimized-2-450x262.jpg 450w, https:\/\/radiorevelacionfm.cl\/wp-content\/uploads\/2023\/03\/175679762_267548561752798_1600414570290546736_n-photoroom-2-2-2-2_optimized-2-600x350.jpg 600w\" sizes=\"(max-width: 1030px) 100vw, 1030px\" \/><\/div><\/div><\/div><\/div><div class=\"flex_column av_one_full  flex_column_div av-zero-column-padding first  avia-builder-el-2  el_after_av_one_full  el_before_av_one_full  column-top-margin\" style='border-radius:0px; '><section class=\"av_textblock_section \"  itemscope=\"itemscope\" itemtype=\"https:\/\/schema.org\/BlogPosting\" itemprop=\"blogPost\" ><div class='avia_textblock  '   itemprop=\"text\" ><p style=\"text-align: center;\"><span style=\"font-size: 18pt;\"><strong>Migraciones de la PDI realiza operativo en la comuna de Guaitecas<\/strong><\/span><\/p>\n<div id=\"gtx-trans\" style=\"position: absolute; left: -50px; top: 4.31534px;\">\n<div class=\"gtx-trans-icon\"><\/div>\n<\/div>\n<\/div><\/section><\/div><div class=\"flex_column av_one_full  flex_column_div av-zero-column-padding first  avia-builder-el-4  el_after_av_one_full  el_before_av_hr  column-top-margin\" style='border-radius:0px; '><section class=\"av_textblock_section \"  itemscope=\"itemscope\" itemtype=\"https:\/\/schema.org\/BlogPosting\" itemprop=\"blogPost\" ><div class='avia_textblock  '   itemprop=\"text\" ><p style=\"text-align: justify;\">Durante la semana reci\u00e9n pasada, personal de la Secci\u00f3n Migraciones y Polic\u00eda Internacional Ays\u00e9n de la Polic\u00eda de Investigaciones de Chile realiz\u00f3 un operativo en terreno en la comuna de Guaitecas.<\/p>\n<p style=\"text-align: justify;\">En la oportunidad, el personal policial en dependencias de la Municipalidad de dicha comuna, atendi\u00f3 de manera personalizada a extranjeros residentes de esta alejada localidad, resolviendo dudas y consultas con respecto a su situaci\u00f3n migratoria, evaluando desde una perspectiva educativa e informativa la condici\u00f3n de residencia de cada uno de ellos.<\/p>\n<p style=\"text-align: justify;\">Es as\u00ed como en dicho operativo, se autodenunciaron un total de nueve extranjeros los cuales se encontraban infringiendo la normativa vigente, siete de ellos por ingresar al pa\u00eds por pasos no habilitados y dos por no cumplir con las medidas de control de la autoridad policial.<\/p>\n<p style=\"text-align: justify;\">Seg\u00fan explic\u00f3 el jefe de la Secci\u00f3n Migraciones y Polic\u00eda Internacional Ays\u00e9n, subcomisario Carlos Ar\u00e1nguez Arellano \u201ceste tipo de tr\u00e1mites son indispensables y es el inicio del proceso para los extranjeros que deseen hacerse acreedores de una visa de residencia en nuestro pa\u00eds\u201d.<\/p>\n<p style=\"text-align: justify;\">\u201cEl trabajo de la PDI en el \u00e1rea de migraciones, tiene un constante rol de fiscalizaci\u00f3n y control respecto a la permanencia de extranjeros que se encuentran en el territorio nacional, es por ello que generamos un acercamiento con la comunidad, comprometi\u00e9ndonos a llegar a los lugares m\u00e1s alejados de nuestra regi\u00f3n para prestar los servicios que la ciudadan\u00eda requiere\u201d, puntualiz\u00f3 el subcomisario Ar\u00e1nguez.<\/p>\n<\/div><\/section><\/div><div  style='height:50px' class='hr hr-invisible   avia-builder-el-6  el_after_av_one_full  el_before_av_social_share '><span class='hr-inner ' ><span class='hr-inner-style'><\/span><\/span><\/div><\/p>\n<div  class='av-social-sharing-box  avia-builder-el-7  el_after_av_hr  el_before_av_hr  '><div class='av-share-box'><h5 class='av-share-link-description av-no-toc '>Compartir esta noticia<\/h5><ul class='av-share-box-list noLightbox'><li class='av-share-link av-social-link-facebook' ><a target=\"_blank\" aria-label=\"Compartir en Facebook\" href='https:\/\/www.facebook.com\/sharer.php?u=https:\/\/radiorevelacionfm.cl\/?p=29397&#038;t=Migraciones%20de%20la%20PDI%20realiza%20operativo%20en%20la%20comuna%20de%20Guaitecas' aria-hidden='false' data-av_icon='\ue8f3' data-av_iconfont='entypo-fontello' title='' data-avia-related-tooltip='Compartir en Facebook' rel=\"noopener\"><span class='avia_hidden_link_text'>Compartir en Facebook<\/span><\/a><\/li><li class='av-share-link av-social-link-twitter' ><a target=\"_blank\" aria-label=\"Compartir en Twitter\" href='https:\/\/twitter.com\/share?text=Migraciones%20de%20la%20PDI%20realiza%20operativo%20en%20la%20comuna%20de%20Guaitecas&#038;url=https:\/\/radiorevelacionfm.cl\/?p=29397' aria-hidden='false' data-av_icon='\ue8f1' data-av_iconfont='entypo-fontello' title='' data-avia-related-tooltip='Compartir en Twitter' rel=\"noopener\"><span class='avia_hidden_link_text'>Compartir en Twitter<\/span><\/a><\/li><li class='av-share-link av-social-link-whatsapp' ><a target=\"_blank\" aria-label=\"Compartir en Whatsapp\" href='https:\/\/api.whatsapp.com\/send?text=https:\/\/radiorevelacionfm.cl\/?p=29397' aria-hidden='false' data-av_icon='\uf232' data-av_iconfont='entypo-fontello' title='' data-avia-related-tooltip='Compartir en Whatsapp' rel=\"noopener\"><span class='avia_hidden_link_text'>Compartir en Whatsapp<\/span><\/a><\/li><li class='av-share-link av-social-link-linkedin' ><a target=\"_blank\" aria-label=\"Compartir en LinkedIn\" href='https:\/\/linkedin.com\/shareArticle?mini=true&#038;title=Migraciones%20de%20la%20PDI%20realiza%20operativo%20en%20la%20comuna%20de%20Guaitecas&#038;url=https:\/\/radiorevelacionfm.cl\/?p=29397' aria-hidden='false' data-av_icon='\ue8fc' data-av_iconfont='entypo-fontello' title='' data-avia-related-tooltip='Compartir en LinkedIn' rel=\"noopener\"><span class='avia_hidden_link_text'>Compartir en LinkedIn<\/span><\/a><\/li><li class='av-share-link av-social-link-mail' ><a  aria-label=\"Compartir por correo\" href='mailto:?subject=Migraciones%20de%20la%20PDI%20realiza%20operativo%20en%20la%20comuna%20de%20Guaitecas&#038;body=https:\/\/radiorevelacionfm.cl\/?p=29397' aria-hidden='false' data-av_icon='\ue805' data-av_iconfont='entypo-fontello' title='' data-avia-related-tooltip='Compartir por correo'><span class='avia_hidden_link_text'>Compartir por correo<\/span><\/a><\/li><\/ul><\/div><\/div>\n<div  style='height:50px' class='hr hr-invisible   avia-builder-el-8  el_after_av_social_share  el_before_av_comments_list '><span class='hr-inner ' ><span class='hr-inner-style'><\/span><\/span><\/div>\n<div  class='av-buildercomment  av-blog-meta-html-info-disabled av-blog-meta-tag-disabled  '><\/div>\n","protected":false},"excerpt":{"rendered":"","protected":false},"author":1,"featured_media":29398,"comment_status":"open","ping_status":"open","sticky":false,"template":"","format":"standard","meta":{"footnotes":""},"categories":[36],"tags":[],"class_list":["post-29397","post","type-post","status-publish","format-standard","has-post-thumbnail","hentry","category-policial"],"jetpack_featured_media_url":"https:\/\/radiorevelacionfm.cl\/wp-content\/uploads\/2023\/03\/175679762_267548561752798_1600414570290546736_n-photoroom-2-2-2-2_optimized-2.jpg","_links":{"self":[{"href":"https:\/\/radiorevelacionfm.cl\/index.php?rest_route=\/wp\/v2\/posts\/29397","targetHints":{"allow":["GET"]}}],"collection":[{"href":"https:\/\/radiorevelacionfm.cl\/index.php?rest_route=\/wp\/v2\/posts"}],"about":[{"href":"https:\/\/radiorevelacionfm.cl\/index.php?rest_route=\/wp\/v2\/types\/post"}],"author":[{"embeddable":true,"href":"https:\/\/radiorevelacionfm.cl\/index.php?rest_route=\/wp\/v2\/users\/1"}],"replies":[{"embeddable":true,"href":"https:\/\/radiorevelacionfm.cl\/index.php?rest_route=%2Fwp%2Fv2%2Fcomments&post=29397"}],"version-history":[{"count":1,"href":"https:\/\/radiorevelacionfm.cl\/index.php?rest_route=\/wp\/v2\/posts\/29397\/revisions"}],"predecessor-version":[{"id":29399,"href":"https:\/\/radiorevelacionfm.cl\/index.php?rest_route=\/wp\/v2\/posts\/29397\/revisions\/29399"}],"wp:featuredmedia":[{"embeddable":true,"href":"https:\/\/radiorevelacionfm.cl\/index.php?rest_route=\/wp\/v2\/media\/29398"}],"wp:attachment":[{"href":"https:\/\/radiorevelacionfm.cl\/index.php?rest_route=%2Fwp%2Fv2%2Fmedia&parent=29397"}],"wp:term":[{"taxonomy":"category","embeddable":true,"href":"https:\/\/radiorevelacionfm.cl\/index.php?rest_route=%2Fwp%2Fv2%2Fcategories&post=29397"},{"taxonomy":"post_tag","embeddable":true,"href":"https:\/\/radiorevelacionfm.cl\/index.php?rest_route=%2Fwp%2Fv2%2Ftags&post=29397"}],"curies":[{"name":"wp","href":"https:\/\/api.w.org\/{rel}","templated":true}]}}