{"id":29392,"date":"2023-04-01T15:25:20","date_gmt":"2023-04-01T18:25:20","guid":{"rendered":"https:\/\/radiorevelacionfm.cl\/?p=29392"},"modified":"2023-04-01T15:25:20","modified_gmt":"2023-04-01T18:25:20","slug":"oposicion-activa-ofensiva-para-asegurar-permanencia-de-salmonicultura-en-areas-silvestres-protegidas","status":"publish","type":"post","link":"https:\/\/radiorevelacionfm.cl\/?p=29392","title":{"rendered":"Oposici\u00f3n activa ofensiva para asegurar permanencia de salmonicultura en \u00c1reas Silvestres Protegidas"},"content":{"rendered":"<div class=\"flex_column av_one_full  flex_column_div av-zero-column-padding first  avia-builder-el-0  el_before_av_one_full  avia-builder-el-first  \" style='border-radius:0px; '><div  class='avia-image-container  av-styling-    avia-builder-el-1  avia-builder-el-no-sibling  avia-align-center '  itemprop=\"image\" itemscope=\"itemscope\" itemtype=\"https:\/\/schema.org\/ImageObject\"  ><div class='avia-image-container-inner'><div class='avia-image-overlay-wrap'><img decoding=\"async\" class='wp-image-29394 avia-img-lazy-loading-not-29394 avia_image' src=\"https:\/\/radiorevelacionfm.cl\/wp-content\/uploads\/2023\/03\/Salmones-1.jpg\" alt='' title='Salmones 1' height=\"600\" width=\"800\"  itemprop=\"thumbnailUrl\" srcset=\"https:\/\/radiorevelacionfm.cl\/wp-content\/uploads\/2023\/03\/Salmones-1.jpg 800w, https:\/\/radiorevelacionfm.cl\/wp-content\/uploads\/2023\/03\/Salmones-1-300x225.jpg 300w, https:\/\/radiorevelacionfm.cl\/wp-content\/uploads\/2023\/03\/Salmones-1-768x576.jpg 768w, https:\/\/radiorevelacionfm.cl\/wp-content\/uploads\/2023\/03\/Salmones-1-705x529.jpg 705w, https:\/\/radiorevelacionfm.cl\/wp-content\/uploads\/2023\/03\/Salmones-1-450x338.jpg 450w, https:\/\/radiorevelacionfm.cl\/wp-content\/uploads\/2023\/03\/Salmones-1-600x450.jpg 600w\" sizes=\"(max-width: 800px) 100vw, 800px\" \/><\/div><\/div><\/div><\/div><div class=\"flex_column av_one_full  flex_column_div av-zero-column-padding first  avia-builder-el-2  el_after_av_one_full  el_before_av_one_full  column-top-margin\" style='border-radius:0px; '><section class=\"av_textblock_section \"  itemscope=\"itemscope\" itemtype=\"https:\/\/schema.org\/BlogPosting\" itemprop=\"blogPost\" ><div class='avia_textblock  '   itemprop=\"text\" ><p style=\"text-align: center;\"><span style=\"font-size: 18pt;\"><b><span lang=\"ES\">Oposici<\/span><\/b><b><span lang=\"X-NONE\">\u00f3n activa ofensiva para asegurar permanencia de salmonicultura en \u00c1reas Silvestres Protegidas<\/span><\/b><\/span><\/p>\n<div id=\"gtx-trans\" style=\"position: absolute; left: -50px; top: 4.31534px;\">\n<div class=\"gtx-trans-icon\"><\/div>\n<\/div>\n<\/div><\/section><\/div><div class=\"flex_column av_one_full  flex_column_div av-zero-column-padding first  avia-builder-el-4  el_after_av_one_full  el_before_av_hr  column-top-margin\" style='border-radius:0px; '><section class=\"av_textblock_section \"  itemscope=\"itemscope\" itemtype=\"https:\/\/schema.org\/BlogPosting\" itemprop=\"blogPost\" ><div class='avia_textblock  '   itemprop=\"text\" ><p class=\"v1MsoNormal\" style=\"text-align: justify;\"><span lang=\"ES\">Para el lunes 3 abril a las 16 horas est<\/span><span lang=\"X-NONE\">\u00e1 programada una\u00a0<a href=\"https:\/\/www.senado.cl\/appsenado\/index.php?mo=comisiones&amp;ac=citacionesComision&amp;tipo_consulta=2\" target=\"_blank\" rel=\"noopener noreferrer\">nueva sesi\u00f3n<\/a>\u00a0de la Comisi\u00f3n\u00a0<\/span><span lang=\"X-NONE\">de Medio Ambiente, Cambio Clim\u00e1tico y Bienes Nacionales del Senado, que desde este mes de marzo tramita, en tercer tr\u00e1mite constitucional,\u00a0<\/span><span lang=\"X-NONE\">la ley que crea el Servicio de Biodiversidad y \u00c1reas Protegidas. Dicha instancia opera como c\u00e1mara revisora, debiendo aprobar o rechazar los cambios incorporados por los diputados\u00a0<\/span><span lang=\"ES\"><a href=\"https:\/\/www.paiscircular.cl\/biodiversidad\/camara-aprueba-sbap\/\" target=\"_blank\" rel=\"noopener noreferrer\"><span lang=\"X-NONE\">en enero pasado<\/span><\/a><\/span><span lang=\"X-NONE\">\u00a0al proyecto<\/span><span lang=\"X-NONE\">. Los art\u00edculos rechazados pasar\u00e1n a Comisi\u00f3n Mixta, la que deber\u00e1 zanjar las diferencias entre ambas corporaciones.<\/span><\/p>\n<p class=\"v1MsoNormal\" style=\"text-align: justify;\"><span lang=\"ES\">En las primeras sesiones los legisladores de la UDI y RN ya han dejado en claro su inter<\/span><span lang=\"X-NONE\">\u00e9s en impulsar la permanencia de actividades industriales al interior, o alrededor, de las \u00e1reas protegidas del Estado<\/span><\/p>\n<p class=\"v1MsoNormal\" style=\"text-align: justify;\"><b><span lang=\"ES\">Zonas de amortiguac<\/span><\/b><b><span lang=\"X-NONE\">i\u00f3n<\/span><\/b><\/p>\n<p class=\"v1MsoNormal\" style=\"text-align: justify;\"><span lang=\"ES\">Esto fue lo que ocurri<\/span><span lang=\"X-NONE\">\u00f3, por ejemplo,\u00a0<\/span><span lang=\"ES\">el martes 14 de marzo cuando se vot<\/span><span lang=\"X-NONE\">\u00f3 la definici\u00f3n de zonas de amortiguaci\u00f3n.\u00a0<\/span><\/p>\n<p class=\"v1MsoNormal\" style=\"text-align: justify;\"><span lang=\"X-NONE\">El proyecto que emergi\u00f3 de la C\u00e1mara de Diputados estableci\u00f3 que \u00e9stas ser\u00e1n un \u00ab<\/span><i><span lang=\"ES\">espacio ubicado en torno a un \u00e1rea protegida, cuyo uso podr\u00eda ser parcialmente restringido en virtud de lo que establezcan los instrumentos de ordenamiento territorial pertinentes, destinado a absorber potenciales impactos negativos y fomentar efectos positivos de actividades para la conservaci\u00f3n de tal \u00e1rea<\/span><\/i><span lang=\"ES\">\u00ab.<\/span><\/p>\n<p class=\"v1MsoNormal\" style=\"text-align: justify;\"><span lang=\"X-NONE\">Los senadores de la UDI, Iv\u00e1n Moreira (en reemplazo de su correligionario Sergio Gahona quien en esos d\u00edas se encontraba internado en una cl\u00ednica) y Jos\u00e9 Miguel Durana, rechazaron la redacci\u00f3n. \u00ab<i>Nosotros entendemos que como est\u00e1 planteado lo que menos da es certeza.\u00a0\u00a0La definici\u00f3n es ambigua y afecta el derecho de propiedad<\/i>\u00bb dijo Moreira en la ocasi\u00f3n. En la misma l\u00ednea, Durana indic\u00f3 que \u00ab<i>es una indicaci\u00f3n que a m\u00ed tambi\u00e9n me complica, no s\u00f3lo en relaci\u00f3n al derecho de propiedad o a las facultades que tenga el due\u00f1o de la propiedad, sino que adem\u00e1s frente a la autoridad circunstancial que est\u00e9 a cargo de un plan regulador o un plan de ordenamiento territorial, que muchas veces hipotecan una zona, una regi\u00f3n o una comuna<\/i>\u00ab.\u00a0\u00a0<\/span><\/p>\n<p class=\"v1MsoNormal\" style=\"text-align: justify;\"><span lang=\"X-NONE\">A ellos se sum\u00f3 Paulina Urrutia (RN), quien hasta ese d\u00eda presid\u00eda la comisi\u00f3n, expresando que aunque el art\u00edculo ir\u00eda en la l\u00ednea correcta \u00ab<i>cuando se cruzan los derechos de propiedad hay que darle una segunda vuelta<\/i>\u00ab.\u00a0\u00a0<\/span><\/p>\n<p class=\"v1MsoNormal\" style=\"text-align: justify;\"><span lang=\"X-NONE\">S\u00f3lo aprobaron Juan Ignacio Latorre (RD) y Alfonso de Urresti (PS, en reemplazo de Isabel Allende). De mantenerse esta decisi\u00f3n en el pleno, el art\u00edculo pasar\u00e1 a Comisi\u00f3n Mixta.<\/span><\/p>\n<p class=\"v1MsoNormal\" style=\"text-align: justify;\"><span lang=\"X-NONE\">En dicha sesi\u00f3n la ministra de Medio Ambiente, Maisa Rojas, explic\u00f3 que el texto deja en claro que la determinaci\u00f3n y delimitaci\u00f3n de las \u00e1reas de amortiguaci\u00f3n no ser\u00e1 arbitraria, dado que se generar\u00e1n a trav\u00e9s de los procedimientos ya existentes para los instrumentos de planificaci\u00f3n y ordenamiento territorial, los cuales est\u00e1n normados y requieren amplia participaci\u00f3n. \u00ab<i>El plan regulador comunal es un instrumento que involucra participaci\u00f3n.\u00a0\u00a0No es algo que se defina jer\u00e1rquicamente por una persona sino que tiene todo un proceso relacionado con lo que quiere la comunidad en esa comuna. Es ah\u00ed donde se puede definir que es necesaria esta \u00e1rea de amortiguaci\u00f3n y por lo tanto poner estas restricciones<\/i>\u00ab.<\/span><\/p>\n<p class=\"v1MsoNormal\" style=\"text-align: justify;\"><span lang=\"X-NONE\">A su vez, el asesor de la cartera, Alejandro Correa, explic\u00f3 que las cr\u00edticas al art\u00edculo por parte de los legisladores de oposici\u00f3n no se hacen cargo de que actualmente todos los instrumentos de ordenamiento territorial restringen el derecho de propiedad, entregando mayor certeza la redacci\u00f3n que emergi\u00f3 de la C\u00e1mara de Diputados al establecer de qu\u00e9 forma se deber\u00e1 constituir la zona de amortiguaci\u00f3n, adem\u00e1s de los alcances de las posibles restricciones a esta garant\u00eda constitucional (bajo el concepto de\u00bb<i>parcialmente<\/i>\u00ab), algo que no ocurr\u00eda con el texto que el Senado aprob\u00f3 en primer tr\u00e1mite constitucional.\u00a0<\/span><\/p>\n<p class=\"v1MsoNormal\" style=\"text-align: justify;\"><span lang=\"X-NONE\">\u00ab<i>\u00bfY c\u00f3mo se hace esa limitaci\u00f3n? S\u00f3lo a trav\u00e9s de los instrumentos de ordenamiento territorial y no a trav\u00e9s de otra autoridad o mecanismo.\u00a0\u00a0Y eso es lo que ocurre actualmente en nuestro ordenamiento jur\u00eddico.\u00a0\u00a0La verdad es que el derecho de propiedad no permite hacer lo que uno quiera sino s\u00f3lo lo que uno puede hacer en virtud de los instrumentos de ordenamiento territorial<\/i>\u00bb dijo Correa.<\/span><\/p>\n<p class=\"v1MsoNormal\" style=\"text-align: justify;\"><span lang=\"X-NONE\">Al concluir la sesi\u00f3n de ese martes, se procedi\u00f3 a cambiar la presidencia de la comisi\u00f3n, reemplazando el senador RD Juan Ignacio Latorre a la senadora RN Paulina Urrutia.<\/span><\/p>\n<p class=\"v1MsoNormal\" style=\"text-align: justify;\"><b><span lang=\"X-NONE\">Audiencias como medidas dilatorias<\/span><\/b><\/p>\n<p class=\"v1MsoNormal\" style=\"text-align: justify;\"><span lang=\"X-NONE\">Durante las primeras sesiones se discuti\u00f3 ampliamente si abrir o no las sesiones a audiencias p\u00fablicas, considerando que en estos casi 10 a\u00f1os de tramitaci\u00f3n todos los sectores ya han tenido oportunidad de exponer sus visiones. En este punto, los legisladores de derecha defendieron que los trabajadores de la Corporaci\u00f3n Nacional Forestal expongan sus puntos de vista (los profesionales est\u00e1n en contra del SBAP; los guardaparques a favor), incluso planteando la posibilidad de que el proyecto sea revisado por la Comisi\u00f3n del Trabajo, lo cual retrasar\u00eda a\u00fan m\u00e1s su avance. Adem\u00e1s, como aspecto prioritario, solicitaron que se reciba\u00bb<i>a los salmoneros, que son uno de los perjudicados con algunas determinaciones, que tienen todo el derecho de venir<\/i>\u00ab, dijo Moreira.\u00a0\u00a0<\/span><\/p>\n<p class=\"v1MsoNormal\" style=\"text-align: justify;\"><span lang=\"X-NONE\">En estas sesiones ya han expuesto en audiencias Ricardo Heinsohn, representante del Sindicato de Profesionales de CONAF; C\u00e9sar Bast\u00edas, del Sindicato Nacional de Guardaparques y Trabajadores de las \u00c1reas Silvestres Protegidas; \u00c1lvaro Monta\u00f1a, presidente de la Agrupaci\u00f3n Defendamos Chilo\u00e9; y Daniel Caniull\u00e1n, pescador artesanal de la Regi\u00f3n de Ays\u00e9n. Adem\u00e1s, la presidenta de la Federaci\u00f3n Nacional de Trabajadores P\u00fablicos del Medio Ambiente (FENATRAMA), Yovanka De Negri, quien aunque expres\u00f3 su preocupaci\u00f3n por algunos aspectos laborales, sostuvo que efectivamente \u00ab<i>s\u00ed queremos el Servicio de Biodiversidad y \u00c1reas Protegida, pero que sea construido en conjunto<\/i>\u00ab.<\/span><\/p>\n<p class=\"v1MsoNormal\" style=\"text-align: justify;\"><span lang=\"X-NONE\">La semana del 20 de marzo se lleg\u00f3 hasta el art\u00edculo 31 sobre planes de manejo\u00a0\u00a0(que qued\u00f3 pendiente), vot\u00e1ndose la propuesta de los diputados\u00a0sobre\u00a0<a href=\"https:\/\/www.ciperchile.cl\/2023\/03\/23\/estan-realmente-protegidas-las-areas-protegidas\/\" target=\"_blank\" rel=\"noopener noreferrer\">sitios prioritarios<\/a>,\u00a0la que fue rechazada. De mantenerse dicha votaci\u00f3n en el pleno pasar\u00e1 a Comisi\u00f3n Mixta.<\/span><\/p>\n<p class=\"v1MsoNormal\" style=\"text-align: justify;\"><span lang=\"ES\">Para las pr<\/span><span lang=\"X-NONE\">\u00f3ximas semanas<\/span><span lang=\"ES\">, gracias\u00a0<\/span><span lang=\"X-NONE\">al respaldo de los senadores de la UDI,\u00a0expondr\u00e1n los representantes de la industria salmonera.<\/span><\/p>\n<\/div><\/section><\/div><div  style='height:50px' class='hr hr-invisible   avia-builder-el-6  el_after_av_one_full  el_before_av_social_share '><span class='hr-inner ' ><span class='hr-inner-style'><\/span><\/span><\/div><\/p>\n<div  class='av-social-sharing-box  avia-builder-el-7  el_after_av_hr  el_before_av_hr  '><div class='av-share-box'><h5 class='av-share-link-description av-no-toc '>Compartir esta noticia<\/h5><ul class='av-share-box-list noLightbox'><li class='av-share-link av-social-link-facebook' ><a target=\"_blank\" aria-label=\"Compartir en Facebook\" href='https:\/\/www.facebook.com\/sharer.php?u=https:\/\/radiorevelacionfm.cl\/?p=29392&#038;t=Oposici%C3%B3n%20activa%20ofensiva%20para%20asegurar%20permanencia%20de%20salmonicultura%20en%20%C3%81reas%20Silvestres%20Protegidas' aria-hidden='false' data-av_icon='\ue8f3' data-av_iconfont='entypo-fontello' title='' data-avia-related-tooltip='Compartir en Facebook' rel=\"noopener\"><span class='avia_hidden_link_text'>Compartir en Facebook<\/span><\/a><\/li><li class='av-share-link av-social-link-twitter' ><a target=\"_blank\" aria-label=\"Compartir en Twitter\" href='https:\/\/twitter.com\/share?text=Oposici%C3%B3n%20activa%20ofensiva%20para%20asegurar%20permanencia%20de%20salmonicultura%20en%20%C3%81reas%20Silvestres%20Protegidas&#038;url=https:\/\/radiorevelacionfm.cl\/?p=29392' aria-hidden='false' data-av_icon='\ue8f1' data-av_iconfont='entypo-fontello' title='' data-avia-related-tooltip='Compartir en Twitter' rel=\"noopener\"><span class='avia_hidden_link_text'>Compartir en Twitter<\/span><\/a><\/li><li class='av-share-link av-social-link-whatsapp' ><a target=\"_blank\" aria-label=\"Compartir en Whatsapp\" href='https:\/\/api.whatsapp.com\/send?text=https:\/\/radiorevelacionfm.cl\/?p=29392' aria-hidden='false' data-av_icon='\uf232' data-av_iconfont='entypo-fontello' title='' data-avia-related-tooltip='Compartir en Whatsapp' rel=\"noopener\"><span class='avia_hidden_link_text'>Compartir en Whatsapp<\/span><\/a><\/li><li class='av-share-link av-social-link-linkedin' ><a target=\"_blank\" aria-label=\"Compartir en LinkedIn\" href='https:\/\/linkedin.com\/shareArticle?mini=true&#038;title=Oposici%C3%B3n%20activa%20ofensiva%20para%20asegurar%20permanencia%20de%20salmonicultura%20en%20%C3%81reas%20Silvestres%20Protegidas&#038;url=https:\/\/radiorevelacionfm.cl\/?p=29392' aria-hidden='false' data-av_icon='\ue8fc' data-av_iconfont='entypo-fontello' title='' data-avia-related-tooltip='Compartir en LinkedIn' rel=\"noopener\"><span class='avia_hidden_link_text'>Compartir en LinkedIn<\/span><\/a><\/li><li class='av-share-link av-social-link-mail' ><a  aria-label=\"Compartir por correo\" href='mailto:?subject=Oposici%C3%B3n%20activa%20ofensiva%20para%20asegurar%20permanencia%20de%20salmonicultura%20en%20%C3%81reas%20Silvestres%20Protegidas&#038;body=https:\/\/radiorevelacionfm.cl\/?p=29392' aria-hidden='false' data-av_icon='\ue805' data-av_iconfont='entypo-fontello' title='' data-avia-related-tooltip='Compartir por correo'><span class='avia_hidden_link_text'>Compartir por correo<\/span><\/a><\/li><\/ul><\/div><\/div>\n<div  style='height:50px' class='hr hr-invisible   avia-builder-el-8  el_after_av_social_share  el_before_av_comments_list '><span class='hr-inner ' ><span class='hr-inner-style'><\/span><\/span><\/div>\n<div  class='av-buildercomment  av-blog-meta-html-info-disabled av-blog-meta-tag-disabled  '><\/div>\n","protected":false},"excerpt":{"rendered":"","protected":false},"author":1,"featured_media":29394,"comment_status":"open","ping_status":"open","sticky":false,"template":"","format":"standard","meta":{"footnotes":""},"categories":[60],"tags":[],"class_list":["post-29392","post","type-post","status-publish","format-standard","has-post-thumbnail","hentry","category-pesca"],"jetpack_featured_media_url":"https:\/\/radiorevelacionfm.cl\/wp-content\/uploads\/2023\/03\/Salmones-1.jpg","_links":{"self":[{"href":"https:\/\/radiorevelacionfm.cl\/index.php?rest_route=\/wp\/v2\/posts\/29392","targetHints":{"allow":["GET"]}}],"collection":[{"href":"https:\/\/radiorevelacionfm.cl\/index.php?rest_route=\/wp\/v2\/posts"}],"about":[{"href":"https:\/\/radiorevelacionfm.cl\/index.php?rest_route=\/wp\/v2\/types\/post"}],"author":[{"embeddable":true,"href":"https:\/\/radiorevelacionfm.cl\/index.php?rest_route=\/wp\/v2\/users\/1"}],"replies":[{"embeddable":true,"href":"https:\/\/radiorevelacionfm.cl\/index.php?rest_route=%2Fwp%2Fv2%2Fcomments&post=29392"}],"version-history":[{"count":1,"href":"https:\/\/radiorevelacionfm.cl\/index.php?rest_route=\/wp\/v2\/posts\/29392\/revisions"}],"predecessor-version":[{"id":29395,"href":"https:\/\/radiorevelacionfm.cl\/index.php?rest_route=\/wp\/v2\/posts\/29392\/revisions\/29395"}],"wp:featuredmedia":[{"embeddable":true,"href":"https:\/\/radiorevelacionfm.cl\/index.php?rest_route=\/wp\/v2\/media\/29394"}],"wp:attachment":[{"href":"https:\/\/radiorevelacionfm.cl\/index.php?rest_route=%2Fwp%2Fv2%2Fmedia&parent=29392"}],"wp:term":[{"taxonomy":"category","embeddable":true,"href":"https:\/\/radiorevelacionfm.cl\/index.php?rest_route=%2Fwp%2Fv2%2Fcategories&post=29392"},{"taxonomy":"post_tag","embeddable":true,"href":"https:\/\/radiorevelacionfm.cl\/index.php?rest_route=%2Fwp%2Fv2%2Ftags&post=29392"}],"curies":[{"name":"wp","href":"https:\/\/api.w.org\/{rel}","templated":true}]}}