{"id":29386,"date":"2023-03-27T17:57:07","date_gmt":"2023-03-27T20:57:07","guid":{"rendered":"https:\/\/radiorevelacionfm.cl\/?p=29386"},"modified":"2023-03-27T17:57:07","modified_gmt":"2023-03-27T20:57:07","slug":"querella-presentada-por-chile-rural-ag-en-contra-de-funcionarios-del-sag-de-aysen-fue-declarada-admisible","status":"publish","type":"post","link":"https:\/\/radiorevelacionfm.cl\/?p=29386","title":{"rendered":"Querella presentada por Chile Rural AG en contra de funcionarios del SAG de Ays\u00e9n fue declarada admisible"},"content":{"rendered":"<div class=\"flex_column av_one_full  flex_column_div av-zero-column-padding first  avia-builder-el-0  el_before_av_one_full  avia-builder-el-first  \" style='border-radius:0px; '><div  class='avia-image-container  av-styling-    avia-builder-el-1  avia-builder-el-no-sibling  avia-align-center '  itemprop=\"image\" itemscope=\"itemscope\" itemtype=\"https:\/\/schema.org\/ImageObject\"  ><div class='avia-image-container-inner'><div class='avia-image-overlay-wrap'><img decoding=\"async\" class='wp-image-29387 avia-img-lazy-loading-not-29387 avia_image' src=\"https:\/\/radiorevelacionfm.cl\/wp-content\/uploads\/2023\/03\/foto-archivo-2-2.jpg\" alt='' title='foto archivo-2-2' height=\"600\" width=\"800\"  itemprop=\"thumbnailUrl\" srcset=\"https:\/\/radiorevelacionfm.cl\/wp-content\/uploads\/2023\/03\/foto-archivo-2-2.jpg 800w, https:\/\/radiorevelacionfm.cl\/wp-content\/uploads\/2023\/03\/foto-archivo-2-2-300x225.jpg 300w, https:\/\/radiorevelacionfm.cl\/wp-content\/uploads\/2023\/03\/foto-archivo-2-2-768x576.jpg 768w, https:\/\/radiorevelacionfm.cl\/wp-content\/uploads\/2023\/03\/foto-archivo-2-2-705x529.jpg 705w, https:\/\/radiorevelacionfm.cl\/wp-content\/uploads\/2023\/03\/foto-archivo-2-2-450x338.jpg 450w, https:\/\/radiorevelacionfm.cl\/wp-content\/uploads\/2023\/03\/foto-archivo-2-2-600x450.jpg 600w\" sizes=\"(max-width: 800px) 100vw, 800px\" \/><\/div><\/div><\/div><\/div><div class=\"flex_column av_one_full  flex_column_div av-zero-column-padding first  avia-builder-el-2  el_after_av_one_full  el_before_av_one_full  column-top-margin\" style='border-radius:0px; '><section class=\"av_textblock_section \"  itemscope=\"itemscope\" itemtype=\"https:\/\/schema.org\/BlogPosting\" itemprop=\"blogPost\" ><div class='avia_textblock  '   itemprop=\"text\" ><p style=\"text-align: center;\"><strong><span style=\"font-size: 18pt;\">Querella presentada por Chile Rural AG en contra de funcionarios del SAG de Ays\u00e9n fue declarada admisible<\/span><\/strong><\/p>\n<div id=\"gtx-trans\" style=\"position: absolute; left: -50px; top: 4.31534px;\">\n<div class=\"gtx-trans-icon\"><\/div>\n<\/div>\n<\/div><\/section><\/div><div class=\"flex_column av_one_full  flex_column_div av-zero-column-padding first  avia-builder-el-4  el_after_av_one_full  el_before_av_hr  column-top-margin\" style='border-radius:0px; '><section class=\"av_textblock_section \"  itemscope=\"itemscope\" itemtype=\"https:\/\/schema.org\/BlogPosting\" itemprop=\"blogPost\" ><div class='avia_textblock  '   itemprop=\"text\" ><p style=\"text-align: justify;\">En el marco de \u201cincumplimiento de sus obligaciones legales\u201d y el delito de \u201cabusos contra particulares\u201d en proyecto de subdivisi\u00f3n de predios agr\u00edcolas de Green Capital, abogados de Chile Rural AG presentaron una querella criminal contra funcionarios del SAG de la regi\u00f3n de Ays\u00e9n, la cual fue declarada admisible a mediados de la semana pasada.<\/p>\n<p style=\"text-align: justify;\">El pasado 22 de marzo, la jueza Javiera Alarc\u00f3n, del Juzgado de Letras y Garant\u00eda de Cochrane, declar\u00f3 admisible una querella criminal patrocinada por los abogados Carlos Gajardo y Pablo Norambuena, asesores jur\u00eddicos de Chile Rural AG, en representaci\u00f3n de Green Capital SpA, en contra de Valentina Carrasco, Directora Regional (S) del Servicio Agr\u00edcola y Ganadero (SAG) de la Regi\u00f3n de Ays\u00e9n, y de Pedro Isamitt, Jefe de la Oficina Provincial de Cochrane del SAG, en calidad de autores del delito de abusos contra particulares, en grado de consumado, previsto y sancionado en el art\u00edculo 257 del C\u00f3digo Penal.<\/p>\n<p style=\"text-align: justify;\">La querella plantea que con fecha 11 de octubre de 2022, Green Capital SpA, ingres\u00f3 al SAG, una solicitud de certificaci\u00f3n de subdivisi\u00f3n de predios rurales, de conformidad con lo establecido en el DL 3.516, sobre el inmueble rol 251- 4, de la comuna de Cochrane.<\/p>\n<p style=\"text-align: justify;\">No obstante haber transcurrido todos los plazos legales, la Directora Regional (S) del SAG de Ays\u00e9n y el Jefe de Oficina de Cochrane, sin contar con atribuciones legales para ello, ha oficiado a distintos organismos p\u00fablicos, con el \u00fanico fin, seg\u00fan detalla el Presidente de Chile Rural AG Patricio \u00c1lvarez de \u201cdilatar la entrega de la certificaci\u00f3n solicitada a la Autoridad P\u00fablica\u201d.<\/p>\n<p style=\"text-align: justify;\">El Presidente de dicha Asociaci\u00f3n Gremial, adem\u00e1s agreg\u00f3 que \u201cesta acci\u00f3n penal es la primera de una serie de acciones que presentaremos prontamente en contra de distintos funcionarios,\u00a0 jefes de oficina y directores regionales del SAG, quienes incumpliendo con sus obligaciones legales han dilatado o demorado la certificaci\u00f3n de subdivisiones de predios r\u00fasticos, lo cual se enmarca en el reiterado incumplimiento por parte de las oficinas regionales y provinciales del SAG, respecto de la medida cautelar dictada por el 7\u00b0 juzgado Civil de Santiago\u201d.<\/p>\n<p style=\"text-align: justify;\">Por su parte el ex fiscal y asesor jur\u00eddico de Chile Rural AG, Carlo Gajardo, expres\u00f3 que \u201cla querella se presenta por el delito de abuso contra particulares que sanciona al funcionario p\u00fablico que arbitrariamente rehusare dar certificado, que es lo que ha sucedido en este caso, al haberse ordenado previamente una serie de oficios que no guardan relaci\u00f3n con lo solicitado, no teniendo el SAG facultades para ello.\u201d<\/p>\n<p style=\"text-align: justify;\"><strong>\u00bfCu\u00e1les son los pasos a seguir?<\/strong><\/p>\n<p style=\"text-align: justify;\">Actualmente la investigaci\u00f3n pas\u00f3 a manos del Ministerio P\u00fablico de la Regi\u00f3n<\/p>\n<\/div><\/section><\/div><div  style='height:50px' class='hr hr-invisible   avia-builder-el-6  el_after_av_one_full  el_before_av_social_share '><span class='hr-inner ' ><span class='hr-inner-style'><\/span><\/span><\/div><\/p>\n<div  class='av-social-sharing-box  avia-builder-el-7  el_after_av_hr  el_before_av_hr  '><div class='av-share-box'><h5 class='av-share-link-description av-no-toc '>Compartir esta noticia<\/h5><ul class='av-share-box-list noLightbox'><li class='av-share-link av-social-link-facebook' ><a target=\"_blank\" aria-label=\"Compartir en Facebook\" href='https:\/\/www.facebook.com\/sharer.php?u=https:\/\/radiorevelacionfm.cl\/?p=29386&#038;t=Querella%20presentada%20por%20Chile%20Rural%20AG%20en%20contra%20de%20funcionarios%20del%20SAG%20de%20Ays%C3%A9n%20fue%20declarada%20admisible' aria-hidden='false' data-av_icon='\ue8f3' data-av_iconfont='entypo-fontello' title='' data-avia-related-tooltip='Compartir en Facebook' rel=\"noopener\"><span class='avia_hidden_link_text'>Compartir en Facebook<\/span><\/a><\/li><li class='av-share-link av-social-link-twitter' ><a target=\"_blank\" aria-label=\"Compartir en Twitter\" href='https:\/\/twitter.com\/share?text=Querella%20presentada%20por%20Chile%20Rural%20AG%20en%20contra%20de%20funcionarios%20del%20SAG%20de%20Ays%C3%A9n%20fue%20declarada%20admisible&#038;url=https:\/\/radiorevelacionfm.cl\/?p=29386' aria-hidden='false' data-av_icon='\ue8f1' data-av_iconfont='entypo-fontello' title='' data-avia-related-tooltip='Compartir en Twitter' rel=\"noopener\"><span class='avia_hidden_link_text'>Compartir en Twitter<\/span><\/a><\/li><li class='av-share-link av-social-link-whatsapp' ><a target=\"_blank\" aria-label=\"Compartir en Whatsapp\" href='https:\/\/api.whatsapp.com\/send?text=https:\/\/radiorevelacionfm.cl\/?p=29386' aria-hidden='false' data-av_icon='\uf232' data-av_iconfont='entypo-fontello' title='' data-avia-related-tooltip='Compartir en Whatsapp' rel=\"noopener\"><span class='avia_hidden_link_text'>Compartir en Whatsapp<\/span><\/a><\/li><li class='av-share-link av-social-link-linkedin' ><a target=\"_blank\" aria-label=\"Compartir en LinkedIn\" href='https:\/\/linkedin.com\/shareArticle?mini=true&#038;title=Querella%20presentada%20por%20Chile%20Rural%20AG%20en%20contra%20de%20funcionarios%20del%20SAG%20de%20Ays%C3%A9n%20fue%20declarada%20admisible&#038;url=https:\/\/radiorevelacionfm.cl\/?p=29386' aria-hidden='false' data-av_icon='\ue8fc' data-av_iconfont='entypo-fontello' title='' data-avia-related-tooltip='Compartir en LinkedIn' rel=\"noopener\"><span class='avia_hidden_link_text'>Compartir en LinkedIn<\/span><\/a><\/li><li class='av-share-link av-social-link-mail' ><a  aria-label=\"Compartir por correo\" href='mailto:?subject=Querella%20presentada%20por%20Chile%20Rural%20AG%20en%20contra%20de%20funcionarios%20del%20SAG%20de%20Ays%C3%A9n%20fue%20declarada%20admisible&#038;body=https:\/\/radiorevelacionfm.cl\/?p=29386' aria-hidden='false' data-av_icon='\ue805' data-av_iconfont='entypo-fontello' title='' data-avia-related-tooltip='Compartir por correo'><span class='avia_hidden_link_text'>Compartir por correo<\/span><\/a><\/li><\/ul><\/div><\/div>\n<div  style='height:50px' class='hr hr-invisible   avia-builder-el-8  el_after_av_social_share  el_before_av_comments_list '><span class='hr-inner ' ><span class='hr-inner-style'><\/span><\/span><\/div>\n<div  class='av-buildercomment  av-blog-meta-html-info-disabled av-blog-meta-tag-disabled  '><\/div>\n","protected":false},"excerpt":{"rendered":"","protected":false},"author":1,"featured_media":29387,"comment_status":"open","ping_status":"open","sticky":false,"template":"","format":"standard","meta":{"footnotes":""},"categories":[58],"tags":[],"class_list":["post-29386","post","type-post","status-publish","format-standard","has-post-thumbnail","hentry","category-agricultura"],"jetpack_featured_media_url":"https:\/\/radiorevelacionfm.cl\/wp-content\/uploads\/2023\/03\/foto-archivo-2-2.jpg","_links":{"self":[{"href":"https:\/\/radiorevelacionfm.cl\/index.php?rest_route=\/wp\/v2\/posts\/29386","targetHints":{"allow":["GET"]}}],"collection":[{"href":"https:\/\/radiorevelacionfm.cl\/index.php?rest_route=\/wp\/v2\/posts"}],"about":[{"href":"https:\/\/radiorevelacionfm.cl\/index.php?rest_route=\/wp\/v2\/types\/post"}],"author":[{"embeddable":true,"href":"https:\/\/radiorevelacionfm.cl\/index.php?rest_route=\/wp\/v2\/users\/1"}],"replies":[{"embeddable":true,"href":"https:\/\/radiorevelacionfm.cl\/index.php?rest_route=%2Fwp%2Fv2%2Fcomments&post=29386"}],"version-history":[{"count":1,"href":"https:\/\/radiorevelacionfm.cl\/index.php?rest_route=\/wp\/v2\/posts\/29386\/revisions"}],"predecessor-version":[{"id":29388,"href":"https:\/\/radiorevelacionfm.cl\/index.php?rest_route=\/wp\/v2\/posts\/29386\/revisions\/29388"}],"wp:featuredmedia":[{"embeddable":true,"href":"https:\/\/radiorevelacionfm.cl\/index.php?rest_route=\/wp\/v2\/media\/29387"}],"wp:attachment":[{"href":"https:\/\/radiorevelacionfm.cl\/index.php?rest_route=%2Fwp%2Fv2%2Fmedia&parent=29386"}],"wp:term":[{"taxonomy":"category","embeddable":true,"href":"https:\/\/radiorevelacionfm.cl\/index.php?rest_route=%2Fwp%2Fv2%2Fcategories&post=29386"},{"taxonomy":"post_tag","embeddable":true,"href":"https:\/\/radiorevelacionfm.cl\/index.php?rest_route=%2Fwp%2Fv2%2Ftags&post=29386"}],"curies":[{"name":"wp","href":"https:\/\/api.w.org\/{rel}","templated":true}]}}