{"id":29383,"date":"2023-03-27T17:26:01","date_gmt":"2023-03-27T20:26:01","guid":{"rendered":"https:\/\/radiorevelacionfm.cl\/?p=29383"},"modified":"2023-03-27T17:26:01","modified_gmt":"2023-03-27T20:26:01","slug":"entregan-computadores-a-estudiantes-de-colegios-gabriela-mistral-y-escuela-despertar-en-puerto-aysen","status":"publish","type":"post","link":"https:\/\/radiorevelacionfm.cl\/?p=29383","title":{"rendered":"Entregan computadores a estudiantes de colegios Gabriela Mistral y Escuela Despertar en Puerto Ays\u00e9n"},"content":{"rendered":"<div class=\"flex_column av_one_full  flex_column_div av-zero-column-padding first  avia-builder-el-0  el_before_av_one_full  avia-builder-el-first  \" style='border-radius:0px; '><div  class='avia-image-container  av-styling-    avia-builder-el-1  avia-builder-el-no-sibling  avia-align-center '  itemprop=\"image\" itemscope=\"itemscope\" itemtype=\"https:\/\/schema.org\/ImageObject\"  ><div class='avia-image-container-inner'><div class='avia-image-overlay-wrap'><img decoding=\"async\" class='wp-image-29384 avia-img-lazy-loading-not-29384 avia_image' src=\"https:\/\/radiorevelacionfm.cl\/wp-content\/uploads\/2023\/03\/computadores-2-2.jpg\" alt='' title='computadores-2-2' height=\"600\" width=\"1067\"  itemprop=\"thumbnailUrl\" srcset=\"https:\/\/radiorevelacionfm.cl\/wp-content\/uploads\/2023\/03\/computadores-2-2.jpg 1067w, https:\/\/radiorevelacionfm.cl\/wp-content\/uploads\/2023\/03\/computadores-2-2-300x169.jpg 300w, https:\/\/radiorevelacionfm.cl\/wp-content\/uploads\/2023\/03\/computadores-2-2-1030x579.jpg 1030w, https:\/\/radiorevelacionfm.cl\/wp-content\/uploads\/2023\/03\/computadores-2-2-768x432.jpg 768w, https:\/\/radiorevelacionfm.cl\/wp-content\/uploads\/2023\/03\/computadores-2-2-705x396.jpg 705w, https:\/\/radiorevelacionfm.cl\/wp-content\/uploads\/2023\/03\/computadores-2-2-450x253.jpg 450w, https:\/\/radiorevelacionfm.cl\/wp-content\/uploads\/2023\/03\/computadores-2-2-600x337.jpg 600w\" sizes=\"(max-width: 1067px) 100vw, 1067px\" \/><\/div><\/div><\/div><\/div><div class=\"flex_column av_one_full  flex_column_div av-zero-column-padding first  avia-builder-el-2  el_after_av_one_full  el_before_av_one_full  column-top-margin\" style='border-radius:0px; '><section class=\"av_textblock_section \"  itemscope=\"itemscope\" itemtype=\"https:\/\/schema.org\/BlogPosting\" itemprop=\"blogPost\" ><div class='avia_textblock  '   itemprop=\"text\" ><p style=\"text-align: center;\"><strong><span style=\"font-size: 18pt;\">Entregan computadores a estudiantes de colegios Gabriela Mistral y Escuela Despertar en Puerto Ays\u00e9n<\/span><\/strong><\/p>\n<div id=\"gtx-trans\" style=\"position: absolute; left: -50px; top: 4.31534px;\">\n<div class=\"gtx-trans-icon\"><\/div>\n<\/div>\n<\/div><\/section><\/div><div class=\"flex_column av_one_full  flex_column_div av-zero-column-padding first  avia-builder-el-4  el_after_av_one_full  el_before_av_hr  column-top-margin\" style='border-radius:0px; '><section class=\"av_textblock_section \"  itemscope=\"itemscope\" itemtype=\"https:\/\/schema.org\/BlogPosting\" itemprop=\"blogPost\" ><div class='avia_textblock  '   itemprop=\"text\" ><p style=\"text-align: justify;\">El jueves pasado, el alcalde de Ays\u00e9n, Julio Uribe Alvarado, junto a Camila Rubio, directora nacional de Junaeb, e Isabel Garrido, seremi de Educaci\u00f3n de Ays\u00e9n, realizaron una visita a los colegios Gabriela Mistral y Escuela Despertar. En la instancia, recorrieron las instalaciones de los recintos, y entregaron computadores a los ni\u00f1os beneficiarios de las Becas TIC que entrega Junaeb, lo que permitir\u00e1 reducir la brecha educacional que existe para algunas familias.<\/p>\n<p style=\"text-align: justify;\">\u201cCreo que estas son instancias imperdibles de poder mostrar las condiciones en que se encuentran nuestros colegios, mostrar nuestro trabajo a las autoridades\u201d, indic\u00f3 el alcalde de Ays\u00e9n, quien valor\u00f3 positivamente la entrega de equipos a los ni\u00f1os, ya que esto le permitir\u00e1 a los estudiantes poder continuar de manera adecuada con su proceso de aprendizaje.<\/p>\n<p style=\"text-align: justify;\">Uribe recalc\u00f3 la importancia de \u201cpoder decir las diferentes problem\u00e1ticas que tenemos, como la falta de raciones, la falta de becas para nuestros ni\u00f1os y la falta de raciones diferenciadas para ni\u00f1os TEA\u201d, se\u00f1alando que se encuentran trabajando junto a Junaeb para dar pronta soluci\u00f3n a las carencias que a\u00fan siguen pendientes en los establecimientos educacionales de la comuna.<\/p>\n<p style=\"text-align: justify;\">\u201cHoy es un hito especial para los ni\u00f1os porque podr\u00e1n llevarse los computadores a su casa para poder trabajar\u201d, coment\u00f3 la directora de Junaeb, agregando que \u201cel alcalde ha mostrado su compromiso con la educaci\u00f3n, en las distintas iniciativas y programas que est\u00e1n implementando. Estuvimos entregando los computadores asociados a las Becas TIC, los que incluyen una serie de herramientas para personas en situaci\u00f3n de discapacidad para disminuir la brecha y acercar a los estudiantes\u201d.<\/p>\n<p style=\"text-align: justify;\">Al respecto, la seremi de Educaci\u00f3n hizo \u00e9nfasis en la relevancia de la presencia de la autoridad nacional: \u201cJunaeb cumple un rol esencial para respaldar la continuidad del proceso educativo. Hoy tuvimos la oportunidad de revisar el programa de alimentaci\u00f3n escolar y la entrega de computadores, para resguardar las condiciones necesarias para que nuestros ni\u00f1os y ni\u00f1as puedan retomar las clases\u201d.<\/p>\n<p style=\"text-align: justify;\">Actualmente, la Municipalidad de Ays\u00e9n se encuentra desarrollando diferentes proyectos que buscan mejorar las condiciones de la infraestructura de los colegios de la comuna. De esta forma, se contin\u00faa trabajando para que las ni\u00f1as y ni\u00f1os de Ays\u00e9n puedan acceder a una formaci\u00f3n de calidad.<\/p>\n<\/div><\/section><\/div><div  style='height:50px' class='hr hr-invisible   avia-builder-el-6  el_after_av_one_full  el_before_av_social_share '><span class='hr-inner ' ><span class='hr-inner-style'><\/span><\/span><\/div><\/p>\n<div  class='av-social-sharing-box  avia-builder-el-7  el_after_av_hr  el_before_av_hr  '><div class='av-share-box'><h5 class='av-share-link-description av-no-toc '>Compartir esta noticia<\/h5><ul class='av-share-box-list noLightbox'><li class='av-share-link av-social-link-facebook' ><a target=\"_blank\" aria-label=\"Compartir en Facebook\" href='https:\/\/www.facebook.com\/sharer.php?u=https:\/\/radiorevelacionfm.cl\/?p=29383&#038;t=Entregan%20computadores%20a%20estudiantes%20de%20colegios%20Gabriela%20Mistral%20y%20Escuela%20Despertar%20en%20Puerto%20Ays%C3%A9n' aria-hidden='false' data-av_icon='\ue8f3' data-av_iconfont='entypo-fontello' title='' data-avia-related-tooltip='Compartir en Facebook' rel=\"noopener\"><span class='avia_hidden_link_text'>Compartir en Facebook<\/span><\/a><\/li><li class='av-share-link av-social-link-twitter' ><a target=\"_blank\" aria-label=\"Compartir en Twitter\" href='https:\/\/twitter.com\/share?text=Entregan%20computadores%20a%20estudiantes%20de%20colegios%20Gabriela%20Mistral%20y%20Escuela%20Despertar%20en%20Puerto%20Ays%C3%A9n&#038;url=https:\/\/radiorevelacionfm.cl\/?p=29383' aria-hidden='false' data-av_icon='\ue8f1' data-av_iconfont='entypo-fontello' title='' data-avia-related-tooltip='Compartir en Twitter' rel=\"noopener\"><span class='avia_hidden_link_text'>Compartir en Twitter<\/span><\/a><\/li><li class='av-share-link av-social-link-whatsapp' ><a target=\"_blank\" aria-label=\"Compartir en Whatsapp\" href='https:\/\/api.whatsapp.com\/send?text=https:\/\/radiorevelacionfm.cl\/?p=29383' aria-hidden='false' data-av_icon='\uf232' data-av_iconfont='entypo-fontello' title='' data-avia-related-tooltip='Compartir en Whatsapp' rel=\"noopener\"><span class='avia_hidden_link_text'>Compartir en Whatsapp<\/span><\/a><\/li><li class='av-share-link av-social-link-linkedin' ><a target=\"_blank\" aria-label=\"Compartir en LinkedIn\" href='https:\/\/linkedin.com\/shareArticle?mini=true&#038;title=Entregan%20computadores%20a%20estudiantes%20de%20colegios%20Gabriela%20Mistral%20y%20Escuela%20Despertar%20en%20Puerto%20Ays%C3%A9n&#038;url=https:\/\/radiorevelacionfm.cl\/?p=29383' aria-hidden='false' data-av_icon='\ue8fc' data-av_iconfont='entypo-fontello' title='' data-avia-related-tooltip='Compartir en LinkedIn' rel=\"noopener\"><span class='avia_hidden_link_text'>Compartir en LinkedIn<\/span><\/a><\/li><li class='av-share-link av-social-link-mail' ><a  aria-label=\"Compartir por correo\" href='mailto:?subject=Entregan%20computadores%20a%20estudiantes%20de%20colegios%20Gabriela%20Mistral%20y%20Escuela%20Despertar%20en%20Puerto%20Ays%C3%A9n&#038;body=https:\/\/radiorevelacionfm.cl\/?p=29383' aria-hidden='false' data-av_icon='\ue805' data-av_iconfont='entypo-fontello' title='' data-avia-related-tooltip='Compartir por correo'><span class='avia_hidden_link_text'>Compartir por correo<\/span><\/a><\/li><\/ul><\/div><\/div>\n<div  style='height:50px' class='hr hr-invisible   avia-builder-el-8  el_after_av_social_share  el_before_av_comments_list '><span class='hr-inner ' ><span class='hr-inner-style'><\/span><\/span><\/div>\n<div  class='av-buildercomment  av-blog-meta-html-info-disabled av-blog-meta-tag-disabled  '><\/div>\n","protected":false},"excerpt":{"rendered":"","protected":false},"author":1,"featured_media":29384,"comment_status":"open","ping_status":"open","sticky":false,"template":"","format":"standard","meta":{"footnotes":""},"categories":[38],"tags":[],"class_list":["post-29383","post","type-post","status-publish","format-standard","has-post-thumbnail","hentry","category-regional"],"jetpack_featured_media_url":"https:\/\/radiorevelacionfm.cl\/wp-content\/uploads\/2023\/03\/computadores-2-2.jpg","_links":{"self":[{"href":"https:\/\/radiorevelacionfm.cl\/index.php?rest_route=\/wp\/v2\/posts\/29383","targetHints":{"allow":["GET"]}}],"collection":[{"href":"https:\/\/radiorevelacionfm.cl\/index.php?rest_route=\/wp\/v2\/posts"}],"about":[{"href":"https:\/\/radiorevelacionfm.cl\/index.php?rest_route=\/wp\/v2\/types\/post"}],"author":[{"embeddable":true,"href":"https:\/\/radiorevelacionfm.cl\/index.php?rest_route=\/wp\/v2\/users\/1"}],"replies":[{"embeddable":true,"href":"https:\/\/radiorevelacionfm.cl\/index.php?rest_route=%2Fwp%2Fv2%2Fcomments&post=29383"}],"version-history":[{"count":1,"href":"https:\/\/radiorevelacionfm.cl\/index.php?rest_route=\/wp\/v2\/posts\/29383\/revisions"}],"predecessor-version":[{"id":29385,"href":"https:\/\/radiorevelacionfm.cl\/index.php?rest_route=\/wp\/v2\/posts\/29383\/revisions\/29385"}],"wp:featuredmedia":[{"embeddable":true,"href":"https:\/\/radiorevelacionfm.cl\/index.php?rest_route=\/wp\/v2\/media\/29384"}],"wp:attachment":[{"href":"https:\/\/radiorevelacionfm.cl\/index.php?rest_route=%2Fwp%2Fv2%2Fmedia&parent=29383"}],"wp:term":[{"taxonomy":"category","embeddable":true,"href":"https:\/\/radiorevelacionfm.cl\/index.php?rest_route=%2Fwp%2Fv2%2Fcategories&post=29383"},{"taxonomy":"post_tag","embeddable":true,"href":"https:\/\/radiorevelacionfm.cl\/index.php?rest_route=%2Fwp%2Fv2%2Ftags&post=29383"}],"curies":[{"name":"wp","href":"https:\/\/api.w.org\/{rel}","templated":true}]}}