{"id":29377,"date":"2023-03-27T14:45:29","date_gmt":"2023-03-27T17:45:29","guid":{"rendered":"https:\/\/radiorevelacionfm.cl\/?p=29377"},"modified":"2023-03-27T14:45:29","modified_gmt":"2023-03-27T17:45:29","slug":"anuncian-renovacion-de-subsidio-aereo-especial-en-chile-chico","status":"publish","type":"post","link":"https:\/\/radiorevelacionfm.cl\/?p=29377","title":{"rendered":"Anuncian renovaci\u00f3n de subsidio a\u00e9reo especial en Chile Chico"},"content":{"rendered":"<div class=\"flex_column av_one_full  flex_column_div av-zero-column-padding first  avia-builder-el-0  el_before_av_one_full  avia-builder-el-first  \" style='border-radius:0px; '><div  class='avia-image-container  av-styling-    avia-builder-el-1  avia-builder-el-no-sibling  avia-align-center '  itemprop=\"image\" itemscope=\"itemscope\" itemtype=\"https:\/\/schema.org\/ImageObject\"  ><div class='avia-image-container-inner'><div class='avia-image-overlay-wrap'><img decoding=\"async\" class='wp-image-29378 avia-img-lazy-loading-not-29378 avia_image' src=\"https:\/\/radiorevelacionfm.cl\/wp-content\/uploads\/2023\/03\/aerocord-2-2-2.jpg\" alt='' title='aerocord-2-2-2' height=\"600\" width=\"800\"  itemprop=\"thumbnailUrl\" srcset=\"https:\/\/radiorevelacionfm.cl\/wp-content\/uploads\/2023\/03\/aerocord-2-2-2.jpg 800w, https:\/\/radiorevelacionfm.cl\/wp-content\/uploads\/2023\/03\/aerocord-2-2-2-300x225.jpg 300w, https:\/\/radiorevelacionfm.cl\/wp-content\/uploads\/2023\/03\/aerocord-2-2-2-768x576.jpg 768w, https:\/\/radiorevelacionfm.cl\/wp-content\/uploads\/2023\/03\/aerocord-2-2-2-705x529.jpg 705w, https:\/\/radiorevelacionfm.cl\/wp-content\/uploads\/2023\/03\/aerocord-2-2-2-450x338.jpg 450w, https:\/\/radiorevelacionfm.cl\/wp-content\/uploads\/2023\/03\/aerocord-2-2-2-600x450.jpg 600w\" sizes=\"(max-width: 800px) 100vw, 800px\" \/><\/div><\/div><\/div><\/div><div class=\"flex_column av_one_full  flex_column_div av-zero-column-padding first  avia-builder-el-2  el_after_av_one_full  el_before_av_one_full  column-top-margin\" style='border-radius:0px; '><section class=\"av_textblock_section \"  itemscope=\"itemscope\" itemtype=\"https:\/\/schema.org\/BlogPosting\" itemprop=\"blogPost\" ><div class='avia_textblock  '   itemprop=\"text\" ><p style=\"text-align: center;\"><strong><span style=\"font-size: 18pt;\">Anuncian renovaci\u00f3n de subsidio a\u00e9reo especial en Chile Chico<\/span><\/strong><\/p>\n<div id=\"gtx-trans\" style=\"position: absolute; left: -50px; top: 4.31534px;\">\n<div class=\"gtx-trans-icon\"><\/div>\n<\/div>\n<\/div><\/section><\/div><\/p>\n<div class=\"flex_column av_one_full  flex_column_div av-zero-column-padding first  avia-builder-el-4  el_after_av_one_full  el_before_av_hr  column-top-margin\" style='border-radius:0px; '><section class=\"av_textblock_section \"  itemscope=\"itemscope\" itemtype=\"https:\/\/schema.org\/BlogPosting\" itemprop=\"blogPost\" ><div class='avia_textblock  '   itemprop=\"text\" ><p style=\"text-align: justify;\">Con la finalidad de renovar el subsidio a\u00e9reo que opera en Chile Chico -Regi\u00f3n de Ays\u00e9n-, el Ministerio de Transportes y Telecomunicaciones (MTT), a trav\u00e9s de la Divisi\u00f3n de Transporte P\u00fablico Regional (DTPR), inici\u00f3 un proceso para prorrogar el servicio y extenderlo, considerando que es utilizado, principalmente, por los vecinos por motivos de salud.<\/p>\n<p style=\"text-align: justify;\">Al respecto, el Subsecretario de Transportes, Jorge Daza, asegur\u00f3 que esta gesti\u00f3n la \u201chemos llevado de manera coordinada con nuestros equipos nacionales y regionales, entendiendo que es un servicio muy demandado por la comunidad. En este marco, hoy todo el trabajo entreg\u00f3 sus frutos, logrando iniciar el proceso para renovar lo m\u00e1s pronto posible este subsidio\u201d.<\/p>\n<p style=\"text-align: justify;\">\u201cNuestro compromiso es mantener la conectividad en todos los rincones del pa\u00eds y entregar acceso a todas y todos, porque creemos firmemente que es una necesidad que debemos resolver para la comunidad. Esto es lo que nos mueve como gobierno\u201d, concluy\u00f3 el subsecretario Daza.<\/p>\n<p style=\"text-align: justify;\">Por su parte, la seremi de Transportes, Claudia Cantero, reforz\u00f3 que\u00a0este es un requerimiento planteado por los vecinos. \u201cSabemos que este servicio es utilizado por personas que vienen a horas m\u00e9dicas, por lo tanto, ahorra mucho tiempo de viaje para quienes requieren moverse a Chile Chico. Con la continuidad del subsidio a\u00e9reo, damos una soluci\u00f3n a los problemas de las personas y mantenemos un compromiso con la zona\u00bb, asegur\u00f3.<\/p>\n<p style=\"text-align: justify;\">Recordemos que este subsidio fue implementado ante los problemas t\u00e9cnicos que afectaron a la barcaza Tehuelche, impidiendo su operaci\u00f3n durante 2021 y 2022. As\u00ed, y con el fin de mantener la conectividad, el Ministerio de Transportes y Telecomunicaciones habilit\u00f3 este servicio especial subvencionado de conectividad a\u00e9rea en la ruta Chile Chico &#8211; Coyhaique, siempre en paralelo al mejoramiento del servicio principal.<\/p>\n<p style=\"text-align: justify;\">El subsidio contempla en primera instancia una vigencia de cuatro meses con posibilidad de pr\u00f3rroga por dos meses adicionales. La aeronave deber\u00e1 habilitar un cupo de emergencia en cada uno de los vuelos, el cual ser\u00e1 administrado directamente por la Delegaci\u00f3n Presidencial Provincial (DPP) de General Carrera. Asimismo, se dar\u00e1 prioridad a residentes, para lo cual, la DPP entregar\u00e1 mensualmente un listado de residentes actualizado.<\/p>\n<p style=\"text-align: justify;\">Las frecuencias de viaje ser\u00e1n de 3 veces a la semana, los lunes, mi\u00e9rcoles y viernes. Con salida de Coyhaique\u00a0 a las 09 hrs. y retorno desde Chile Chico a las 09:30 hrs. La tarifa se mantendr\u00e1 en 7 mil pesos.<\/p>\n<\/div><\/section><\/div>\n<div  style='height:50px' class='hr hr-invisible   avia-builder-el-6  el_after_av_one_full  el_before_av_social_share '><span class='hr-inner ' ><span class='hr-inner-style'><\/span><\/span><\/div>\n<div  class='av-social-sharing-box  avia-builder-el-7  el_after_av_hr  el_before_av_hr  '><div class='av-share-box'><h5 class='av-share-link-description av-no-toc '>Compartir esta noticia<\/h5><ul class='av-share-box-list noLightbox'><li class='av-share-link av-social-link-facebook' ><a target=\"_blank\" aria-label=\"Compartir en Facebook\" href='https:\/\/www.facebook.com\/sharer.php?u=https:\/\/radiorevelacionfm.cl\/?p=29377&#038;t=Anuncian%20renovaci%C3%B3n%20de%20subsidio%20a%C3%A9reo%20especial%20en%20Chile%20Chico' aria-hidden='false' data-av_icon='\ue8f3' data-av_iconfont='entypo-fontello' title='' data-avia-related-tooltip='Compartir en Facebook' rel=\"noopener\"><span class='avia_hidden_link_text'>Compartir en Facebook<\/span><\/a><\/li><li class='av-share-link av-social-link-twitter' ><a target=\"_blank\" aria-label=\"Compartir en Twitter\" href='https:\/\/twitter.com\/share?text=Anuncian%20renovaci%C3%B3n%20de%20subsidio%20a%C3%A9reo%20especial%20en%20Chile%20Chico&#038;url=https:\/\/radiorevelacionfm.cl\/?p=29377' aria-hidden='false' data-av_icon='\ue8f1' data-av_iconfont='entypo-fontello' title='' data-avia-related-tooltip='Compartir en Twitter' rel=\"noopener\"><span class='avia_hidden_link_text'>Compartir en Twitter<\/span><\/a><\/li><li class='av-share-link av-social-link-whatsapp' ><a target=\"_blank\" aria-label=\"Compartir en Whatsapp\" href='https:\/\/api.whatsapp.com\/send?text=https:\/\/radiorevelacionfm.cl\/?p=29377' aria-hidden='false' data-av_icon='\uf232' data-av_iconfont='entypo-fontello' title='' data-avia-related-tooltip='Compartir en Whatsapp' rel=\"noopener\"><span class='avia_hidden_link_text'>Compartir en Whatsapp<\/span><\/a><\/li><li class='av-share-link av-social-link-linkedin' ><a target=\"_blank\" aria-label=\"Compartir en LinkedIn\" href='https:\/\/linkedin.com\/shareArticle?mini=true&#038;title=Anuncian%20renovaci%C3%B3n%20de%20subsidio%20a%C3%A9reo%20especial%20en%20Chile%20Chico&#038;url=https:\/\/radiorevelacionfm.cl\/?p=29377' aria-hidden='false' data-av_icon='\ue8fc' data-av_iconfont='entypo-fontello' title='' data-avia-related-tooltip='Compartir en LinkedIn' rel=\"noopener\"><span class='avia_hidden_link_text'>Compartir en LinkedIn<\/span><\/a><\/li><li class='av-share-link av-social-link-mail' ><a  aria-label=\"Compartir por correo\" href='mailto:?subject=Anuncian%20renovaci%C3%B3n%20de%20subsidio%20a%C3%A9reo%20especial%20en%20Chile%20Chico&#038;body=https:\/\/radiorevelacionfm.cl\/?p=29377' aria-hidden='false' data-av_icon='\ue805' data-av_iconfont='entypo-fontello' title='' data-avia-related-tooltip='Compartir por correo'><span class='avia_hidden_link_text'>Compartir por correo<\/span><\/a><\/li><\/ul><\/div><\/div>\n<div  style='height:50px' class='hr hr-invisible   avia-builder-el-8  el_after_av_social_share  el_before_av_comments_list '><span class='hr-inner ' ><span class='hr-inner-style'><\/span><\/span><\/div>\n<div  class='av-buildercomment  av-blog-meta-html-info-disabled av-blog-meta-tag-disabled  '><\/div>\n","protected":false},"excerpt":{"rendered":"","protected":false},"author":1,"featured_media":29378,"comment_status":"open","ping_status":"open","sticky":false,"template":"","format":"standard","meta":{"footnotes":""},"categories":[59],"tags":[],"class_list":["post-29377","post","type-post","status-publish","format-standard","has-post-thumbnail","hentry","category-transporte"],"jetpack_featured_media_url":"https:\/\/radiorevelacionfm.cl\/wp-content\/uploads\/2023\/03\/aerocord-2-2-2.jpg","_links":{"self":[{"href":"https:\/\/radiorevelacionfm.cl\/index.php?rest_route=\/wp\/v2\/posts\/29377","targetHints":{"allow":["GET"]}}],"collection":[{"href":"https:\/\/radiorevelacionfm.cl\/index.php?rest_route=\/wp\/v2\/posts"}],"about":[{"href":"https:\/\/radiorevelacionfm.cl\/index.php?rest_route=\/wp\/v2\/types\/post"}],"author":[{"embeddable":true,"href":"https:\/\/radiorevelacionfm.cl\/index.php?rest_route=\/wp\/v2\/users\/1"}],"replies":[{"embeddable":true,"href":"https:\/\/radiorevelacionfm.cl\/index.php?rest_route=%2Fwp%2Fv2%2Fcomments&post=29377"}],"version-history":[{"count":1,"href":"https:\/\/radiorevelacionfm.cl\/index.php?rest_route=\/wp\/v2\/posts\/29377\/revisions"}],"predecessor-version":[{"id":29379,"href":"https:\/\/radiorevelacionfm.cl\/index.php?rest_route=\/wp\/v2\/posts\/29377\/revisions\/29379"}],"wp:featuredmedia":[{"embeddable":true,"href":"https:\/\/radiorevelacionfm.cl\/index.php?rest_route=\/wp\/v2\/media\/29378"}],"wp:attachment":[{"href":"https:\/\/radiorevelacionfm.cl\/index.php?rest_route=%2Fwp%2Fv2%2Fmedia&parent=29377"}],"wp:term":[{"taxonomy":"category","embeddable":true,"href":"https:\/\/radiorevelacionfm.cl\/index.php?rest_route=%2Fwp%2Fv2%2Fcategories&post=29377"},{"taxonomy":"post_tag","embeddable":true,"href":"https:\/\/radiorevelacionfm.cl\/index.php?rest_route=%2Fwp%2Fv2%2Ftags&post=29377"}],"curies":[{"name":"wp","href":"https:\/\/api.w.org\/{rel}","templated":true}]}}