{"id":2937,"date":"2021-02-24T18:24:31","date_gmt":"2021-02-24T21:24:31","guid":{"rendered":"https:\/\/radiorevelacionfm.cl\/?p=2937"},"modified":"2021-02-24T18:24:31","modified_gmt":"2021-02-24T21:24:31","slug":"con-visita-a-terreno-subsecretario-de-redes-asistenciales-confirma-construccion-de-nuevo-cesfam-en-coyhaique","status":"publish","type":"post","link":"https:\/\/radiorevelacionfm.cl\/?p=2937","title":{"rendered":"Con visita a terreno Subsecretario de Redes Asistenciales confirma construcci\u00f3n de nuevo CESFAM en Coyhaique"},"content":{"rendered":"<div class=\"flex_column av_one_full  flex_column_div av-zero-column-padding first  avia-builder-el-0  el_before_av_one_full  avia-builder-el-first  \" style='border-radius:0px; '><div  class='avia-image-container  av-styling-    avia-builder-el-1  avia-builder-el-no-sibling  avia-align-center '  itemprop=\"image\" itemscope=\"itemscope\" itemtype=\"https:\/\/schema.org\/ImageObject\"  ><div class='avia-image-container-inner'><div class='avia-image-overlay-wrap'><img decoding=\"async\" class='wp-image-0 avia-img-lazy-loading-not-0 avia_image' src=\"https:\/\/radiorevelacionfm.cl\/wp-content\/uploads\/2021\/02\/prensa1-6-1.jpeg\" alt='' title=''   itemprop=\"thumbnailUrl\"  \/><\/div><\/div><\/div><\/div><div class=\"flex_column av_one_full  flex_column_div av-zero-column-padding first  avia-builder-el-2  el_after_av_one_full  el_before_av_one_full  column-top-margin\" style='border-radius:0px; '><section class=\"av_textblock_section \"  itemscope=\"itemscope\" itemtype=\"https:\/\/schema.org\/BlogPosting\" itemprop=\"blogPost\" ><div class='avia_textblock  '   itemprop=\"text\" ><p style=\"text-align: center;\"><strong><span style=\"font-size: 18pt;\">Con visita a terreno Subsecretario de Redes Asistenciales confirma construcci\u00f3n de nuevo CESFAM en Coyhaique<\/span><\/strong><\/p>\n<div id=\"gtx-trans\" style=\"position: absolute; left: -50px; top: 4.31534px;\">\n<div class=\"gtx-trans-icon\"><\/div>\n<\/div>\n<\/div><\/section><\/div><div class=\"flex_column av_one_full  flex_column_div av-zero-column-padding first  avia-builder-el-4  el_after_av_one_full  el_before_av_hr  column-top-margin\" style='border-radius:0px; '><section class=\"av_textblock_section \"  itemscope=\"itemscope\" itemtype=\"https:\/\/schema.org\/BlogPosting\" itemprop=\"blogPost\" ><div class='avia_textblock  '   itemprop=\"text\" ><p style=\"text-align: justify;\"><em>El proyecto tiene por objetivo mejorar la cobertura y ampliar la Atenci\u00f3n Primaria de Salud en la capital de la Regi\u00f3n de Ays\u00e9n.<\/em><\/p>\n<p style=\"text-align: justify;\">El Subsecretario de Redes Asistenciales, Alberto Dougnac, junto a la Intendenta de la Regi\u00f3n de Ays\u00e9n, Margarita Ossa, y el director del Servicio de Salud Ays\u00e9n, Gabriel Burgos, encabezaron la visita al terreno donde se emplazar\u00e1 el nuevo CESFAM de Coyhaique, establecimiento que ser\u00e1 el tercer Centro de Salud Familiar con el que contar\u00e1 comuna.<\/p>\n<p style=\"text-align: justify;\">La iniciativa, que forma parte del Convenio de Programaci\u00f3n del Gobierno Regional de Ays\u00e9n y el Ministerio de Salud, considera la construcci\u00f3n de esta estructura de 3.706 metros cuadrados que beneficiar\u00e1 a m\u00e1s de 30 mil habitantes de la comuna y contar\u00e1 con atenci\u00f3n abierta de 3 sectores. Adem\u00e1s, en este terreno se implementar\u00e1 un SAR (Servicio de Urgencia de Alta Resolutividad), sumado a un laboratorio cl\u00ednico, laboratorio dental y centro de rehabilitaci\u00f3n.<\/p>\n<p style=\"text-align: justify;\">En la visita, el Subsecretario Dougnac se\u00f1al\u00f3 que \u201choy podemos conocer este proyecto tan anhelado por la poblaci\u00f3n, un CESFAM con un SAR adosado, con m\u00e1s de 3 mil metros cuadrados de construcci\u00f3n, que va a venir a satisfacer las necesidades de todo este sector que est\u00e1 en pleno crecimiento. Gracias a esta construcci\u00f3n se reducir\u00e1 la demanda asistencial del Hospital Regional, ya que al tener un servicio de urgencia que funcionar\u00e1 las 24 horas del d\u00eda se har\u00e1 cargo de una parte importante de las problem\u00e1ticas de salud de los usuarios, favoreciendo as\u00ed que el hospital y los CESFAM se descompriman\u201d.<\/p>\n<p style=\"text-align: justify;\">La Intendenta Regional de Ays\u00e9n, Margarita Ossa, se\u00f1al\u00f3 que gracias a este nuevo establecimiento de salud se podr\u00e1 dar \u201cacceso a una mejor salud no solo a los habitantes de la comuna, sino tambi\u00e9n de otros sectores rurales que necesitan que podamos ampliar nuestras atenciones con calidad y con dignidad\u201d.<\/p>\n<p style=\"text-align: justify;\">Por su parte, Gabriel Burgos, director del Servicio de Salud Ays\u00e9n, indic\u00f3 que \u201cpara nosotros es muy importante esta iniciativa ya que se trabajar\u00e1 de la mano con las postas rurales, absorbiendo la demanda de estos establecimientos en los servicios de apoyo de ex\u00e1menes de laboratorio, imagenolog\u00eda y rehabilitaci\u00f3n, descomprimiendo, de esta manera, la urgencia del Hospital Regional Coyhaique y entregando est\u00e1ndares de calidad y de atenci\u00f3n en espacios adecuados. Como Servicio estaremos muy al tanto de los tiempos para poder ejecutar esta iniciativa tan anhelada por la comunidad\u201d.<\/p>\n<p style=\"text-align: justify;\">En esa misma l\u00ednea, la Seremi de Salud (s), Ver\u00f3nica Godoy, afirm\u00f3 que junto con el Servicio de Salud de Ays\u00e9n est\u00e1n \u201ctrabajando en conjunto para los trabajos posteriores relacionados con las autorizaciones sanitarias de manera que esto cumpla con la normativa vigente y por supuesto sigamos potenciando lo que es la salud p\u00fablica en la regi\u00f3n de Ays\u00e9n\u201d.<\/p>\n<p style=\"text-align: justify;\">En tanto, la representante del Consejo de la Sociedad Civil en Salud, Margarita Arismendi, destac\u00f3 la construcci\u00f3n del CESFAM ya que prestar\u00e1 servicios para descongestionar el hospital. \u201cNuestro rol de la sociedad civil es muy importante, ya que debemos estar atentos de c\u00f3mo se est\u00e1n haciendo estas obras\u201d, puntualiz\u00f3.<\/p>\n<p style=\"text-align: justify;\"><strong>Visita de inspecci\u00f3n nuevo Hospital Cochrane<\/strong><\/p>\n<p style=\"text-align: justify;\">Asimismo, en el marco de las visitas en la zona, el Subsecretario Dougnac, se traslad\u00f3 hasta la localidad de Cochrane donde, en compa\u00f1\u00eda de autoridades regionales, realiz\u00f3 una visita de inspecci\u00f3n a las dependencias del nuevo Hospital de la comuna que ser\u00e1 prontamente inaugurado.<\/p>\n<p style=\"text-align: justify;\">La autoridad nacional tambi\u00e9n se acerc\u00f3 hasta el Centro Cultural de Cochrane que est\u00e1 siendo utilizado como punto de vacunaci\u00f3n en esta localidad, lugar en el que record\u00f3 que la inoculaci\u00f3n es solo el puntapi\u00e9 inicial para derrotar el COVID-19 y reiter\u00f3 que las medidas de protecci\u00f3n implementadas desde inicios de la pandemia deben persistir.<\/p>\n<\/div><\/section><\/div><div  style='height:50px' class='hr hr-invisible   avia-builder-el-6  el_after_av_one_full  el_before_av_social_share '><span class='hr-inner ' ><span class='hr-inner-style'><\/span><\/span><\/div><\/p>\n<div  class='av-social-sharing-box  avia-builder-el-7  el_after_av_hr  el_before_av_hr  '><div class='av-share-box'><h5 class='av-share-link-description av-no-toc '>Compartir esta noticia<\/h5><ul class='av-share-box-list noLightbox'><li class='av-share-link av-social-link-facebook' ><a target=\"_blank\" aria-label=\"Compartir en Facebook\" href='https:\/\/www.facebook.com\/sharer.php?u=https:\/\/radiorevelacionfm.cl\/?p=2937&#038;t=Con%20visita%20a%20terreno%20Subsecretario%20de%20Redes%20Asistenciales%20confirma%20construcci%C3%B3n%20de%20nuevo%20CESFAM%20en%20Coyhaique' aria-hidden='false' data-av_icon='\ue8f3' data-av_iconfont='entypo-fontello' title='' data-avia-related-tooltip='Compartir en Facebook' rel=\"noopener\"><span class='avia_hidden_link_text'>Compartir en Facebook<\/span><\/a><\/li><li class='av-share-link av-social-link-twitter' ><a target=\"_blank\" aria-label=\"Compartir en Twitter\" href='https:\/\/twitter.com\/share?text=Con%20visita%20a%20terreno%20Subsecretario%20de%20Redes%20Asistenciales%20confirma%20construcci%C3%B3n%20de%20nuevo%20CESFAM%20en%20Coyhaique&#038;url=https:\/\/radiorevelacionfm.cl\/?p=2937' aria-hidden='false' data-av_icon='\ue8f1' data-av_iconfont='entypo-fontello' title='' data-avia-related-tooltip='Compartir en Twitter' rel=\"noopener\"><span class='avia_hidden_link_text'>Compartir en Twitter<\/span><\/a><\/li><li class='av-share-link av-social-link-whatsapp' ><a target=\"_blank\" aria-label=\"Compartir en Whatsapp\" href='https:\/\/api.whatsapp.com\/send?text=https:\/\/radiorevelacionfm.cl\/?p=2937' aria-hidden='false' data-av_icon='\uf232' data-av_iconfont='entypo-fontello' title='' data-avia-related-tooltip='Compartir en Whatsapp' rel=\"noopener\"><span class='avia_hidden_link_text'>Compartir en Whatsapp<\/span><\/a><\/li><li class='av-share-link av-social-link-linkedin' ><a target=\"_blank\" aria-label=\"Compartir en LinkedIn\" href='https:\/\/linkedin.com\/shareArticle?mini=true&#038;title=Con%20visita%20a%20terreno%20Subsecretario%20de%20Redes%20Asistenciales%20confirma%20construcci%C3%B3n%20de%20nuevo%20CESFAM%20en%20Coyhaique&#038;url=https:\/\/radiorevelacionfm.cl\/?p=2937' aria-hidden='false' data-av_icon='\ue8fc' data-av_iconfont='entypo-fontello' title='' data-avia-related-tooltip='Compartir en LinkedIn' rel=\"noopener\"><span class='avia_hidden_link_text'>Compartir en LinkedIn<\/span><\/a><\/li><li class='av-share-link av-social-link-mail' ><a  aria-label=\"Compartir por correo\" href='mailto:?subject=Con%20visita%20a%20terreno%20Subsecretario%20de%20Redes%20Asistenciales%20confirma%20construcci%C3%B3n%20de%20nuevo%20CESFAM%20en%20Coyhaique&#038;body=https:\/\/radiorevelacionfm.cl\/?p=2937' aria-hidden='false' data-av_icon='\ue805' data-av_iconfont='entypo-fontello' title='' data-avia-related-tooltip='Compartir por correo'><span class='avia_hidden_link_text'>Compartir por correo<\/span><\/a><\/li><\/ul><\/div><\/div>\n<div  style='height:50px' class='hr hr-invisible   avia-builder-el-8  el_after_av_social_share  el_before_av_comments_list '><span class='hr-inner ' ><span class='hr-inner-style'><\/span><\/span><\/div>\n<div  class='av-buildercomment  av-blog-meta-html-info-disabled av-blog-meta-tag-disabled  '><\/div>\n","protected":false},"excerpt":{"rendered":"","protected":false},"author":1,"featured_media":0,"comment_status":"open","ping_status":"open","sticky":false,"template":"","format":"standard","meta":{"footnotes":""},"categories":[46],"tags":[],"class_list":["post-2937","post","type-post","status-publish","format-standard","hentry","category-salud"],"jetpack_featured_media_url":"","_links":{"self":[{"href":"https:\/\/radiorevelacionfm.cl\/index.php?rest_route=\/wp\/v2\/posts\/2937","targetHints":{"allow":["GET"]}}],"collection":[{"href":"https:\/\/radiorevelacionfm.cl\/index.php?rest_route=\/wp\/v2\/posts"}],"about":[{"href":"https:\/\/radiorevelacionfm.cl\/index.php?rest_route=\/wp\/v2\/types\/post"}],"author":[{"embeddable":true,"href":"https:\/\/radiorevelacionfm.cl\/index.php?rest_route=\/wp\/v2\/users\/1"}],"replies":[{"embeddable":true,"href":"https:\/\/radiorevelacionfm.cl\/index.php?rest_route=%2Fwp%2Fv2%2Fcomments&post=2937"}],"version-history":[{"count":1,"href":"https:\/\/radiorevelacionfm.cl\/index.php?rest_route=\/wp\/v2\/posts\/2937\/revisions"}],"predecessor-version":[{"id":2939,"href":"https:\/\/radiorevelacionfm.cl\/index.php?rest_route=\/wp\/v2\/posts\/2937\/revisions\/2939"}],"wp:attachment":[{"href":"https:\/\/radiorevelacionfm.cl\/index.php?rest_route=%2Fwp%2Fv2%2Fmedia&parent=2937"}],"wp:term":[{"taxonomy":"category","embeddable":true,"href":"https:\/\/radiorevelacionfm.cl\/index.php?rest_route=%2Fwp%2Fv2%2Fcategories&post=2937"},{"taxonomy":"post_tag","embeddable":true,"href":"https:\/\/radiorevelacionfm.cl\/index.php?rest_route=%2Fwp%2Fv2%2Ftags&post=2937"}],"curies":[{"name":"wp","href":"https:\/\/api.w.org\/{rel}","templated":true}]}}