{"id":29366,"date":"2023-03-27T10:36:50","date_gmt":"2023-03-27T13:36:50","guid":{"rendered":"https:\/\/radiorevelacionfm.cl\/?p=29366"},"modified":"2023-03-28T15:29:14","modified_gmt":"2023-03-28T18:29:14","slug":"soldados-conscriptos-del-destacamento-motorizado-n14-aysen-se-licenciaron","status":"publish","type":"post","link":"https:\/\/radiorevelacionfm.cl\/?p=29366","title":{"rendered":"Soldados Conscriptos del Destacamento Motorizado N\u00b014 \u201cAys\u00e9n\u201d se licenciaron"},"content":{"rendered":"<div class=\"flex_column av_one_full  flex_column_div av-zero-column-padding first  avia-builder-el-0  el_before_av_one_full  avia-builder-el-first  \" style='border-radius:0px; '><div  class='avia-image-container  av-styling-    avia-builder-el-1  avia-builder-el-no-sibling  avia-align-center '  itemprop=\"image\" itemscope=\"itemscope\" itemtype=\"https:\/\/schema.org\/ImageObject\"  ><div class='avia-image-container-inner'><div class='avia-image-overlay-wrap'><img decoding=\"async\" class='wp-image-29369 avia-img-lazy-loading-not-29369 avia_image' src=\"https:\/\/radiorevelacionfm.cl\/wp-content\/uploads\/2023\/03\/whatsapp-image-2023-03-24-at-17_optimized.42.53-1.jpeg\" alt='' title='whatsapp-image-2023-03-24-at-17_optimized.42.53-(1)' height=\"600\" width=\"996\"  itemprop=\"thumbnailUrl\" srcset=\"https:\/\/radiorevelacionfm.cl\/wp-content\/uploads\/2023\/03\/whatsapp-image-2023-03-24-at-17_optimized.42.53-1.jpeg 996w, https:\/\/radiorevelacionfm.cl\/wp-content\/uploads\/2023\/03\/whatsapp-image-2023-03-24-at-17_optimized.42.53-1-300x181.jpeg 300w, https:\/\/radiorevelacionfm.cl\/wp-content\/uploads\/2023\/03\/whatsapp-image-2023-03-24-at-17_optimized.42.53-1-768x463.jpeg 768w, https:\/\/radiorevelacionfm.cl\/wp-content\/uploads\/2023\/03\/whatsapp-image-2023-03-24-at-17_optimized.42.53-1-705x425.jpeg 705w, https:\/\/radiorevelacionfm.cl\/wp-content\/uploads\/2023\/03\/whatsapp-image-2023-03-24-at-17_optimized.42.53-1-450x271.jpeg 450w, https:\/\/radiorevelacionfm.cl\/wp-content\/uploads\/2023\/03\/whatsapp-image-2023-03-24-at-17_optimized.42.53-1-600x361.jpeg 600w\" sizes=\"(max-width: 996px) 100vw, 996px\" \/><\/div><\/div><\/div><\/div>\n<div class=\"flex_column av_one_full  flex_column_div av-zero-column-padding first  avia-builder-el-2  el_after_av_one_full  el_before_av_one_full  column-top-margin\" style='border-radius:0px; '><section class=\"av_textblock_section \"  itemscope=\"itemscope\" itemtype=\"https:\/\/schema.org\/BlogPosting\" itemprop=\"blogPost\" ><div class='avia_textblock  '   itemprop=\"text\" ><p style=\"text-align: center;\"><span style=\"font-size: 18pt;\"><strong>Soldados Conscriptos del Destacamento Motorizado N\u00b014 \u201cAys\u00e9n\u201d se licenciaron<\/strong><\/span><\/p>\n<div id=\"gtx-trans\" style=\"position: absolute; left: -50px; top: 4.31534px;\">\n<div class=\"gtx-trans-icon\"><\/div>\n<\/div>\n<\/div><\/section><\/div>\n<div class=\"flex_column av_one_full  flex_column_div av-zero-column-padding first  avia-builder-el-4  el_after_av_one_full  el_before_av_hr  column-top-margin\" style='border-radius:0px; '><section class=\"av_textblock_section \"  itemscope=\"itemscope\" itemtype=\"https:\/\/schema.org\/BlogPosting\" itemprop=\"blogPost\" ><div class='avia_textblock  '   itemprop=\"text\" ><p style=\"text-align: justify;\">Con una ceremonia realizada en el patio de formaci\u00f3n del Campo Militar \u201cCoyhaique\u201d, 53 j\u00f3venes conscriptos del Destacamento Motorizado N\u00b014 \u201cAys\u00e9n\u201d, luego de dos a\u00f1os de instrucci\u00f3n fueron licenciados. La Actividad fue presidida por el Comandante del Destacamento Motorizado N\u00b014 \u201cAys\u00e9n\u201d, Coronel El\u00edas Abuyeres Manzur y cont\u00f3 con la presencia de los familiares y apoderados de los licenciados.<\/p>\n<p style=\"text-align: justify;\">Los j\u00f3venes recibieron su libreta de licenciamiento de manos del Coronel Abuyeres, quien felicit\u00f3 a cada uno de ellos, dese\u00e1ndoles el mejor de los \u00e9xitos en el nuevo camino que comienzan.<\/p>\n<p style=\"text-align: justify;\">Luego, hizo uso de la palabra el Soldado Conscripto. John Koller Valenzuela en representaci\u00f3n de todos sus camaradas, quien entreg\u00f3 palabras de agradecimiento a sus instructores y mandos de la unidad.<\/p>\n<p style=\"text-align: justify;\">Posteriormente, el Mayor Roberto Mercado Bravo, Comandante del Batall\u00f3n de Infanter\u00eda Liviano N\u00b026 del Destacamento Motorizado N\u00b014 \u201cAys\u00e9n\u201d, junto con agradecer a los familiares presentes en la ceremonia, entreg\u00f3 palabras de agradecimiento al contingente licenciado por el trabajo abnegado e incondicional que cumplieron en las diferentes labores y funciones desempe\u00f1adas durante su servicio militar.<\/p>\n<p style=\"text-align: justify;\">La ceremonia culmin\u00f3 con un desfile de los j\u00f3venes licenciados frente a la tribuna de honor.<\/p>\n<\/div><\/section><\/div><div  style='height:50px' class='hr hr-invisible   avia-builder-el-6  el_after_av_one_full  el_before_av_social_share '><span class='hr-inner ' ><span class='hr-inner-style'><\/span><\/span><\/div><\/p>\n<div  class='av-social-sharing-box  avia-builder-el-7  el_after_av_hr  el_before_av_hr  '><div class='av-share-box'><h5 class='av-share-link-description av-no-toc '>Compartir esta noticia<\/h5><ul class='av-share-box-list noLightbox'><li class='av-share-link av-social-link-facebook' ><a target=\"_blank\" aria-label=\"Compartir en Facebook\" href='https:\/\/www.facebook.com\/sharer.php?u=https:\/\/radiorevelacionfm.cl\/?p=29366&#038;t=Soldados%20Conscriptos%20del%20Destacamento%20Motorizado%20N%C2%B014%20%E2%80%9CAys%C3%A9n%E2%80%9D%20se%20licenciaron' aria-hidden='false' data-av_icon='\ue8f3' data-av_iconfont='entypo-fontello' title='' data-avia-related-tooltip='Compartir en Facebook' rel=\"noopener\"><span class='avia_hidden_link_text'>Compartir en Facebook<\/span><\/a><\/li><li class='av-share-link av-social-link-twitter' ><a target=\"_blank\" aria-label=\"Compartir en Twitter\" href='https:\/\/twitter.com\/share?text=Soldados%20Conscriptos%20del%20Destacamento%20Motorizado%20N%C2%B014%20%E2%80%9CAys%C3%A9n%E2%80%9D%20se%20licenciaron&#038;url=https:\/\/radiorevelacionfm.cl\/?p=29366' aria-hidden='false' data-av_icon='\ue8f1' data-av_iconfont='entypo-fontello' title='' data-avia-related-tooltip='Compartir en Twitter' rel=\"noopener\"><span class='avia_hidden_link_text'>Compartir en Twitter<\/span><\/a><\/li><li class='av-share-link av-social-link-whatsapp' ><a target=\"_blank\" aria-label=\"Compartir en Whatsapp\" href='https:\/\/api.whatsapp.com\/send?text=https:\/\/radiorevelacionfm.cl\/?p=29366' aria-hidden='false' data-av_icon='\uf232' data-av_iconfont='entypo-fontello' title='' data-avia-related-tooltip='Compartir en Whatsapp' rel=\"noopener\"><span class='avia_hidden_link_text'>Compartir en Whatsapp<\/span><\/a><\/li><li class='av-share-link av-social-link-linkedin' ><a target=\"_blank\" aria-label=\"Compartir en LinkedIn\" href='https:\/\/linkedin.com\/shareArticle?mini=true&#038;title=Soldados%20Conscriptos%20del%20Destacamento%20Motorizado%20N%C2%B014%20%E2%80%9CAys%C3%A9n%E2%80%9D%20se%20licenciaron&#038;url=https:\/\/radiorevelacionfm.cl\/?p=29366' aria-hidden='false' data-av_icon='\ue8fc' data-av_iconfont='entypo-fontello' title='' data-avia-related-tooltip='Compartir en LinkedIn' rel=\"noopener\"><span class='avia_hidden_link_text'>Compartir en LinkedIn<\/span><\/a><\/li><li class='av-share-link av-social-link-mail' ><a  aria-label=\"Compartir por correo\" href='mailto:?subject=Soldados%20Conscriptos%20del%20Destacamento%20Motorizado%20N%C2%B014%20%E2%80%9CAys%C3%A9n%E2%80%9D%20se%20licenciaron&#038;body=https:\/\/radiorevelacionfm.cl\/?p=29366' aria-hidden='false' data-av_icon='\ue805' data-av_iconfont='entypo-fontello' title='' data-avia-related-tooltip='Compartir por correo'><span class='avia_hidden_link_text'>Compartir por correo<\/span><\/a><\/li><\/ul><\/div><\/div>\n<div  style='height:50px' class='hr hr-invisible   avia-builder-el-8  el_after_av_social_share  el_before_av_comments_list '><span class='hr-inner ' ><span class='hr-inner-style'><\/span><\/span><\/div>\n<div  class='av-buildercomment  av-blog-meta-html-info-disabled av-blog-meta-tag-disabled  '><\/div>\n","protected":false},"excerpt":{"rendered":"","protected":false},"author":1,"featured_media":29369,"comment_status":"open","ping_status":"open","sticky":false,"template":"","format":"standard","meta":{"footnotes":""},"categories":[38],"tags":[],"class_list":["post-29366","post","type-post","status-publish","format-standard","has-post-thumbnail","hentry","category-regional"],"jetpack_featured_media_url":"https:\/\/radiorevelacionfm.cl\/wp-content\/uploads\/2023\/03\/whatsapp-image-2023-03-24-at-17_optimized.42.53-1.jpeg","_links":{"self":[{"href":"https:\/\/radiorevelacionfm.cl\/index.php?rest_route=\/wp\/v2\/posts\/29366","targetHints":{"allow":["GET"]}}],"collection":[{"href":"https:\/\/radiorevelacionfm.cl\/index.php?rest_route=\/wp\/v2\/posts"}],"about":[{"href":"https:\/\/radiorevelacionfm.cl\/index.php?rest_route=\/wp\/v2\/types\/post"}],"author":[{"embeddable":true,"href":"https:\/\/radiorevelacionfm.cl\/index.php?rest_route=\/wp\/v2\/users\/1"}],"replies":[{"embeddable":true,"href":"https:\/\/radiorevelacionfm.cl\/index.php?rest_route=%2Fwp%2Fv2%2Fcomments&post=29366"}],"version-history":[{"count":3,"href":"https:\/\/radiorevelacionfm.cl\/index.php?rest_route=\/wp\/v2\/posts\/29366\/revisions"}],"predecessor-version":[{"id":29447,"href":"https:\/\/radiorevelacionfm.cl\/index.php?rest_route=\/wp\/v2\/posts\/29366\/revisions\/29447"}],"wp:featuredmedia":[{"embeddable":true,"href":"https:\/\/radiorevelacionfm.cl\/index.php?rest_route=\/wp\/v2\/media\/29369"}],"wp:attachment":[{"href":"https:\/\/radiorevelacionfm.cl\/index.php?rest_route=%2Fwp%2Fv2%2Fmedia&parent=29366"}],"wp:term":[{"taxonomy":"category","embeddable":true,"href":"https:\/\/radiorevelacionfm.cl\/index.php?rest_route=%2Fwp%2Fv2%2Fcategories&post=29366"},{"taxonomy":"post_tag","embeddable":true,"href":"https:\/\/radiorevelacionfm.cl\/index.php?rest_route=%2Fwp%2Fv2%2Ftags&post=29366"}],"curies":[{"name":"wp","href":"https:\/\/api.w.org\/{rel}","templated":true}]}}