{"id":29363,"date":"2023-03-27T09:38:16","date_gmt":"2023-03-27T12:38:16","guid":{"rendered":"https:\/\/radiorevelacionfm.cl\/?p=29363"},"modified":"2023-03-27T09:38:16","modified_gmt":"2023-03-27T12:38:16","slug":"mes-del-clima-coyhaique-pedalea-por-la-hora-del-planeta","status":"publish","type":"post","link":"https:\/\/radiorevelacionfm.cl\/?p=29363","title":{"rendered":"Mes del Clima: Coyhaique pedalea por la Hora Del Planeta"},"content":{"rendered":"<div class=\"flex_column av_one_full  flex_column_div av-zero-column-padding first  avia-builder-el-0  el_before_av_one_full  avia-builder-el-first  \" style='border-radius:0px; '><div  class='avia-image-container  av-styling-    avia-builder-el-1  avia-builder-el-no-sibling  avia-align-center '  itemprop=\"image\" itemscope=\"itemscope\" itemtype=\"https:\/\/schema.org\/ImageObject\"  ><div class='avia-image-container-inner'><div class='avia-image-overlay-wrap'><img decoding=\"async\" class='wp-image-29364 avia-img-lazy-loading-not-29364 avia_image' src=\"https:\/\/radiorevelacionfm.cl\/wp-content\/uploads\/2023\/03\/img_3907-1-1-1_optimized-1_optimized-1.jpg\" alt='' title='img_3907-(1)-(1)-(1)_optimized-(1)_optimized (1)' height=\"600\" width=\"1067\"  itemprop=\"thumbnailUrl\" srcset=\"https:\/\/radiorevelacionfm.cl\/wp-content\/uploads\/2023\/03\/img_3907-1-1-1_optimized-1_optimized-1.jpg 1067w, https:\/\/radiorevelacionfm.cl\/wp-content\/uploads\/2023\/03\/img_3907-1-1-1_optimized-1_optimized-1-300x169.jpg 300w, https:\/\/radiorevelacionfm.cl\/wp-content\/uploads\/2023\/03\/img_3907-1-1-1_optimized-1_optimized-1-1030x579.jpg 1030w, https:\/\/radiorevelacionfm.cl\/wp-content\/uploads\/2023\/03\/img_3907-1-1-1_optimized-1_optimized-1-768x432.jpg 768w, https:\/\/radiorevelacionfm.cl\/wp-content\/uploads\/2023\/03\/img_3907-1-1-1_optimized-1_optimized-1-705x396.jpg 705w, https:\/\/radiorevelacionfm.cl\/wp-content\/uploads\/2023\/03\/img_3907-1-1-1_optimized-1_optimized-1-450x253.jpg 450w, https:\/\/radiorevelacionfm.cl\/wp-content\/uploads\/2023\/03\/img_3907-1-1-1_optimized-1_optimized-1-600x337.jpg 600w\" sizes=\"(max-width: 1067px) 100vw, 1067px\" \/><\/div><\/div><\/div><\/div><div class=\"flex_column av_one_full  flex_column_div av-zero-column-padding first  avia-builder-el-2  el_after_av_one_full  el_before_av_one_full  column-top-margin\" style='border-radius:0px; '><section class=\"av_textblock_section \"  itemscope=\"itemscope\" itemtype=\"https:\/\/schema.org\/BlogPosting\" itemprop=\"blogPost\" ><div class='avia_textblock  '   itemprop=\"text\" ><p style=\"text-align: center;\"><strong><span style=\"font-size: 18pt;\">Mes del Clima: Coyhaique pedalea por la Hora Del Planeta<\/span><\/strong><\/p>\n<div id=\"gtx-trans\" style=\"position: absolute; left: -50px; top: 4.31534px;\">\n<div class=\"gtx-trans-icon\"><\/div>\n<\/div>\n<\/div><\/section><\/div><div class=\"flex_column av_one_full  flex_column_div av-zero-column-padding first  avia-builder-el-4  el_after_av_one_full  el_before_av_hr  column-top-margin\" style='border-radius:0px; '><section class=\"av_textblock_section \"  itemscope=\"itemscope\" itemtype=\"https:\/\/schema.org\/BlogPosting\" itemprop=\"blogPost\" ><div class='avia_textblock  '   itemprop=\"text\" ><p style=\"text-align: justify;\">Como parte de las actividades del mes del Clima convocado por la SEREMI del Medio Ambiente, este s\u00e1bado se llev\u00f3 a cabo una cicletada familiar por #LaHoraDelPlaneta. la actividad organizada en conjunto con la asociaci\u00f3n Cicleayque y el Museo Regional de Ays\u00e9n, cont\u00f3 con una activa participaci\u00f3n de m\u00e1s de 50 vecinos y vecinas de la ciudad de Coyhaique.<\/p>\n<p style=\"text-align: justify;\">La Hora del Planeta es una acci\u00f3n voluntaria contra el cambio clim\u00e1tico a nivel global, promovida por la World Wildlife Fund WWF desde el a\u00f1o 2007, y a la que el Ministerio del Medio Ambiente se suma cada a\u00f1o. Celebrada siempre cada \u00faltimo s\u00e1bado de marzo, tiene como objetivo reunir a personas y comunidades de todo el mundo para reafirmar el compromiso por la naturaleza y adoptar acciones\u00a0 m\u00e1s conscientes y amigables con el medio ambiente. De este modo, en todo el mundo se realiza un apag\u00f3n que, por 60 minutos, permite a todos desconectarse y darle una hora de respiro al planeta.<\/p>\n<p style=\"text-align: justify;\">Ante la urgencia clim\u00e1tica, la SEREMI del Medio Ambiente convoc\u00f3 a realizar una cicletada familiar que permitiera conectar adem\u00e1s con la movilidad activa y as\u00ed invit\u00f3 a vecinos y vecinas de Coyhaique a pedalear juntos desde la plaza pentagonal de la ciudad hasta el Museo Regional ubicado en las afueras de la capital regional.<\/p>\n<p style=\"text-align: justify;\">Al comenzar la jornada, la representante de Cicleayque y mujer por la sustentabilidad 2023, Florencia Ben\u00edtez, indic\u00f3 los detalles del recorrido y record\u00f3, \u201cesta invitaci\u00f3n, junto con conmemorar la hora del planeta, es tambi\u00e9n a demostrar que nos podemos mover sin contaminar, usando la bicicleta o caminando\u201d, consigna a la que su peque\u00f1o hijo Samuel grit\u00f3 a todo pulm\u00f3n \u201cnecesitamos m\u00e1s ciclov\u00edas\u201d.<\/p>\n<p style=\"text-align: justify;\">Los y las participantes realizaron el recorrido por las calles principales de la ciudad partiendo por Cochrane, Bilbao y Prat, gritando consignas ambientales \u201cpor la hora del planeta nos movemos en bicicleta\u201d, a lo que recibieron aplausos y saludos de la comunidad que les ve\u00eda pasar acompa\u00f1ados de la escolta de carabineros, quienes fueron abriendo paso tambi\u00e9n en bicicleta.<\/p>\n<p style=\"text-align: justify;\">Una vez en el Museo Regional, la comitiva se reuni\u00f3 a reflexionar sobre el sentido del d\u00eda, oportunidad en que el participante Tom\u00e1s Gueneau comparti\u00f3 \u201cEn la Hora del Planeta nos toca pedalear, toca conectar con esa magia que tiene la bicicleta. Hay una ciclista famosa que dice <em>la bicicleta es un instrumento m\u00e1gico que transforma a todo quien se permita ser transformado por ella<\/em>, al subirnos a la bicicleta conectamos con la respiraci\u00f3n, multiplica nuestra fuerza, y andar a una velocidad preciosa, como dice el cicloviajero \u00c1lvaro Neil, <em>quien anda en bicicleta, anda a la velocidad de las mariposas<\/em>\u201d, declar\u00f3 invitando a mantener la pr\u00e1ctica como medio de conexi\u00f3n con el medio ambiente.<\/p>\n<p style=\"text-align: justify;\">Participando tambi\u00e9n de la cicletada se encontraba la SEREMI del Deporte, Mar\u00eda Eugenia Dur\u00e1n, quien destac\u00f3 que \u201cLa invitaci\u00f3n es a una visi\u00f3n integral de todas las acciones que podemos tomar, como bajarnos del veh\u00edculo y usar bicicleta, pero tambi\u00e9n cuidar la energ\u00eda, apagar la luz, desenchufar los artefactos que no est\u00e1n siendo utilizados, y as\u00ed cada acci\u00f3n suma, porque efectivamente estamos en una crisis clim\u00e1tica y el llamado es a no paralizarnos, sino a movilizarnos con las acciones que cada ciudadano y ciudadana podemos hacer\u201d.<\/p>\n<p style=\"text-align: justify;\">A las 20:30 horas y como indicaba la invitaci\u00f3n global de la WWF, se apagaron las luces del Museo a lo que la comitiva respondi\u00f3 con un silencio y luego en conmemoraci\u00f3n los y las ciclistas encendieron las luces de sus bicicletas para manifestar la necesidad de mayor acci\u00f3n clim\u00e1tica.<\/p>\n<p style=\"text-align: justify;\">La jornada finaliz\u00f3 con una visita guiada por el Museo Regional de Ays\u00e9n. \u201cLa exposici\u00f3n regional es un viaje por la regi\u00f3n de Ays\u00e9n de sur a norte donde podemos ver diversos temas de historia natural y cultural, y lo central tiene que ver con esa experiencia particular que es habitar y poblar Ays\u00e9n\u201d, explic\u00f3 la Encargada de Desarrollo Institucional del Museo Regional de Ays\u00e9n, \u00c1ngela Morales.<\/p>\n<p style=\"text-align: justify;\">Finalmente el SEREMI del Medio Ambiente, Juli\u00e1n C\u00e1rdenas agradeci\u00f3 a todos y todas quienes se sumaron a esta experiencia y las tantas actividades realizadas durante el mes del clima, \u201cLlegaron muchos vecinos y vecinas motivadas que se subieron a la bicicleta y aceptaron este desaf\u00edo que les planteamos de conmemorar esta hora de la planeta de una forma distinta, haciendo conciencia y d\u00e1ndonos cuenta de que podemos hacer cambios. Esa es la gran lecci\u00f3n que nos queda, podemos hacer cambios desde la ciudadan\u00eda e impulsar esa transformaci\u00f3n que necesitamos\u201d, concluy\u00f3.<\/p>\n<\/div><\/section><\/div><div  style='height:50px' class='hr hr-invisible   avia-builder-el-6  el_after_av_one_full  el_before_av_social_share '><span class='hr-inner ' ><span class='hr-inner-style'><\/span><\/span><\/div><\/p>\n<div  class='av-social-sharing-box  avia-builder-el-7  el_after_av_hr  el_before_av_hr  '><div class='av-share-box'><h5 class='av-share-link-description av-no-toc '>Compartir esta noticia<\/h5><ul class='av-share-box-list noLightbox'><li class='av-share-link av-social-link-facebook' ><a target=\"_blank\" aria-label=\"Compartir en Facebook\" href='https:\/\/www.facebook.com\/sharer.php?u=https:\/\/radiorevelacionfm.cl\/?p=29363&#038;t=Mes%20del%20Clima%3A%20Coyhaique%20pedalea%20por%20la%20Hora%20Del%20Planeta' aria-hidden='false' data-av_icon='\ue8f3' data-av_iconfont='entypo-fontello' title='' data-avia-related-tooltip='Compartir en Facebook' rel=\"noopener\"><span class='avia_hidden_link_text'>Compartir en Facebook<\/span><\/a><\/li><li class='av-share-link av-social-link-twitter' ><a target=\"_blank\" aria-label=\"Compartir en Twitter\" href='https:\/\/twitter.com\/share?text=Mes%20del%20Clima%3A%20Coyhaique%20pedalea%20por%20la%20Hora%20Del%20Planeta&#038;url=https:\/\/radiorevelacionfm.cl\/?p=29363' aria-hidden='false' data-av_icon='\ue8f1' data-av_iconfont='entypo-fontello' title='' data-avia-related-tooltip='Compartir en Twitter' rel=\"noopener\"><span class='avia_hidden_link_text'>Compartir en Twitter<\/span><\/a><\/li><li class='av-share-link av-social-link-whatsapp' ><a target=\"_blank\" aria-label=\"Compartir en Whatsapp\" href='https:\/\/api.whatsapp.com\/send?text=https:\/\/radiorevelacionfm.cl\/?p=29363' aria-hidden='false' data-av_icon='\uf232' data-av_iconfont='entypo-fontello' title='' data-avia-related-tooltip='Compartir en Whatsapp' rel=\"noopener\"><span class='avia_hidden_link_text'>Compartir en Whatsapp<\/span><\/a><\/li><li class='av-share-link av-social-link-linkedin' ><a target=\"_blank\" aria-label=\"Compartir en LinkedIn\" href='https:\/\/linkedin.com\/shareArticle?mini=true&#038;title=Mes%20del%20Clima%3A%20Coyhaique%20pedalea%20por%20la%20Hora%20Del%20Planeta&#038;url=https:\/\/radiorevelacionfm.cl\/?p=29363' aria-hidden='false' data-av_icon='\ue8fc' data-av_iconfont='entypo-fontello' title='' data-avia-related-tooltip='Compartir en LinkedIn' rel=\"noopener\"><span class='avia_hidden_link_text'>Compartir en LinkedIn<\/span><\/a><\/li><li class='av-share-link av-social-link-mail' ><a  aria-label=\"Compartir por correo\" href='mailto:?subject=Mes%20del%20Clima%3A%20Coyhaique%20pedalea%20por%20la%20Hora%20Del%20Planeta&#038;body=https:\/\/radiorevelacionfm.cl\/?p=29363' aria-hidden='false' data-av_icon='\ue805' data-av_iconfont='entypo-fontello' title='' data-avia-related-tooltip='Compartir por correo'><span class='avia_hidden_link_text'>Compartir por correo<\/span><\/a><\/li><\/ul><\/div><\/div>\n<div  style='height:50px' class='hr hr-invisible   avia-builder-el-8  el_after_av_social_share  el_before_av_comments_list '><span class='hr-inner ' ><span class='hr-inner-style'><\/span><\/span><\/div>\n<div  class='av-buildercomment  av-blog-meta-html-info-disabled av-blog-meta-tag-disabled  '><\/div>\n","protected":false},"excerpt":{"rendered":"","protected":false},"author":1,"featured_media":29364,"comment_status":"open","ping_status":"open","sticky":false,"template":"","format":"standard","meta":{"footnotes":""},"categories":[39],"tags":[],"class_list":["post-29363","post","type-post","status-publish","format-standard","has-post-thumbnail","hentry","category-medio-ambiente"],"jetpack_featured_media_url":"https:\/\/radiorevelacionfm.cl\/wp-content\/uploads\/2023\/03\/img_3907-1-1-1_optimized-1_optimized-1.jpg","_links":{"self":[{"href":"https:\/\/radiorevelacionfm.cl\/index.php?rest_route=\/wp\/v2\/posts\/29363","targetHints":{"allow":["GET"]}}],"collection":[{"href":"https:\/\/radiorevelacionfm.cl\/index.php?rest_route=\/wp\/v2\/posts"}],"about":[{"href":"https:\/\/radiorevelacionfm.cl\/index.php?rest_route=\/wp\/v2\/types\/post"}],"author":[{"embeddable":true,"href":"https:\/\/radiorevelacionfm.cl\/index.php?rest_route=\/wp\/v2\/users\/1"}],"replies":[{"embeddable":true,"href":"https:\/\/radiorevelacionfm.cl\/index.php?rest_route=%2Fwp%2Fv2%2Fcomments&post=29363"}],"version-history":[{"count":1,"href":"https:\/\/radiorevelacionfm.cl\/index.php?rest_route=\/wp\/v2\/posts\/29363\/revisions"}],"predecessor-version":[{"id":29365,"href":"https:\/\/radiorevelacionfm.cl\/index.php?rest_route=\/wp\/v2\/posts\/29363\/revisions\/29365"}],"wp:featuredmedia":[{"embeddable":true,"href":"https:\/\/radiorevelacionfm.cl\/index.php?rest_route=\/wp\/v2\/media\/29364"}],"wp:attachment":[{"href":"https:\/\/radiorevelacionfm.cl\/index.php?rest_route=%2Fwp%2Fv2%2Fmedia&parent=29363"}],"wp:term":[{"taxonomy":"category","embeddable":true,"href":"https:\/\/radiorevelacionfm.cl\/index.php?rest_route=%2Fwp%2Fv2%2Fcategories&post=29363"},{"taxonomy":"post_tag","embeddable":true,"href":"https:\/\/radiorevelacionfm.cl\/index.php?rest_route=%2Fwp%2Fv2%2Ftags&post=29363"}],"curies":[{"name":"wp","href":"https:\/\/api.w.org\/{rel}","templated":true}]}}