{"id":29351,"date":"2023-03-25T14:27:28","date_gmt":"2023-03-25T17:27:28","guid":{"rendered":"https:\/\/radiorevelacionfm.cl\/?p=29351"},"modified":"2023-03-25T14:27:28","modified_gmt":"2023-03-25T17:27:28","slug":"en-abril-guadal-realzara-la-produccion-local-sustentable-con-festival-de-la-cosecha","status":"publish","type":"post","link":"https:\/\/radiorevelacionfm.cl\/?p=29351","title":{"rendered":"En abril Guadal realzar\u00e1 la producci\u00f3n local sustentable con \u00abFestival de la Cosecha\u00bb"},"content":{"rendered":"<div class=\"flex_column av_one_full  flex_column_div av-zero-column-padding first  avia-builder-el-0  el_before_av_one_full  avia-builder-el-first  \" style='border-radius:0px; '><div  class='avia-image-container  av-styling-    avia-builder-el-1  avia-builder-el-no-sibling  avia-align-center '  itemprop=\"image\" itemscope=\"itemscope\" itemtype=\"https:\/\/schema.org\/ImageObject\"  ><div class='avia-image-container-inner'><div class='avia-image-overlay-wrap'><img decoding=\"async\" class='wp-image-29354 avia-img-lazy-loading-not-29354 avia_image' src=\"https:\/\/radiorevelacionfm.cl\/wp-content\/uploads\/2023\/03\/sabores-1-1_optimized-1_optimized-1.jpg\" alt='' title='sabores-1-(1)_optimized-(1)_optimized (1)' height=\"600\" width=\"1065\"  itemprop=\"thumbnailUrl\" srcset=\"https:\/\/radiorevelacionfm.cl\/wp-content\/uploads\/2023\/03\/sabores-1-1_optimized-1_optimized-1.jpg 1065w, https:\/\/radiorevelacionfm.cl\/wp-content\/uploads\/2023\/03\/sabores-1-1_optimized-1_optimized-1-300x169.jpg 300w, https:\/\/radiorevelacionfm.cl\/wp-content\/uploads\/2023\/03\/sabores-1-1_optimized-1_optimized-1-1030x580.jpg 1030w, https:\/\/radiorevelacionfm.cl\/wp-content\/uploads\/2023\/03\/sabores-1-1_optimized-1_optimized-1-768x433.jpg 768w, https:\/\/radiorevelacionfm.cl\/wp-content\/uploads\/2023\/03\/sabores-1-1_optimized-1_optimized-1-705x397.jpg 705w, https:\/\/radiorevelacionfm.cl\/wp-content\/uploads\/2023\/03\/sabores-1-1_optimized-1_optimized-1-450x254.jpg 450w, https:\/\/radiorevelacionfm.cl\/wp-content\/uploads\/2023\/03\/sabores-1-1_optimized-1_optimized-1-600x338.jpg 600w\" sizes=\"(max-width: 1065px) 100vw, 1065px\" \/><\/div><\/div><\/div><\/div><div class=\"flex_column av_one_full  flex_column_div av-zero-column-padding first  avia-builder-el-2  el_after_av_one_full  el_before_av_one_full  column-top-margin\" style='border-radius:0px; '><section class=\"av_textblock_section \"  itemscope=\"itemscope\" itemtype=\"https:\/\/schema.org\/BlogPosting\" itemprop=\"blogPost\" ><div class='avia_textblock  '   itemprop=\"text\" ><p style=\"text-align: center;\"><span style=\"font-size: 18pt;\"><b><span lang=\"ES\">En abril Guadal realzar\u00e1 la producci<\/span><\/b><b><span lang=\"X-NONE\">\u00f3n local sustentable<span class=\"v1gmail-Apple-converted-space\">\u00a0<\/span><\/span><\/b><b><span lang=\"ES\">con \u00abFestival de la Cosecha\u00bb<\/span><\/b><\/span><\/p>\n<div id=\"gtx-trans\" style=\"position: absolute; left: -50px; top: 4.31534px;\">\n<div class=\"gtx-trans-icon\"><\/div>\n<\/div>\n<\/div><\/section><\/div><\/p>\n<div class=\"flex_column av_one_full  flex_column_div av-zero-column-padding first  avia-builder-el-4  el_after_av_one_full  el_before_av_hr  column-top-margin\" style='border-radius:0px; '><section class=\"av_textblock_section \"  itemscope=\"itemscope\" itemtype=\"https:\/\/schema.org\/BlogPosting\" itemprop=\"blogPost\" ><div class='avia_textblock  '   itemprop=\"text\" ><p style=\"text-align: justify;\"><i><span lang=\"ES\">Actividad incluir\u00e1 una serie de talleres gastron\u00f3micos, como charcuter\u00eda (fiambres y embutidos), chocolater\u00eda y fermentados, siendo los especialistas invitados Emerson Y\u00e1\u00f1ez de Puerto Aguirre,\u00a0<span class=\"v1gmail-Apple-converted-space\">\u00a0<\/span>el investigador culinario Cristian Balboa de Coyhaique y Natalia Julio de Huerto 4 Estaciones, respectivamente. Ade<\/span><\/i><i><span lang=\"X-NONE\">m\u00e1s, se desarrollar\u00e1<span class=\"v1gmail-Apple-converted-space\">\u00a0<\/span><\/span><span lang=\"ES\">una feria de artesanos y productores locales, junto a presentaciones art\u00edsticas culturales de la Compa\u00f1\u00eda de Teatro \u00abVuelo\u00bb y el D\u00fao Trapananda.<\/span><\/i><\/p>\n<p class=\"v1MsoNormal\" style=\"text-align: justify;\"><span lang=\"ES\">Desde el<span class=\"v1gmail-Apple-converted-space\">\u00a0<\/span><b>jueves 13<\/b><span class=\"v1gmail-Apple-converted-space\">\u00a0<\/span>al<span class=\"v1gmail-Apple-converted-space\">\u00a0<\/span><b>s\u00e1bado 15 de abril<\/b><span class=\"v1gmail-Apple-converted-space\">\u00a0<\/span>se desarrollar\u00e1 este a\u00f1o en Puerto Guadal la cuarta versi\u00f3n del encuentro \u00ab<i>Sabores de la Perla del Lago<\/i>\u00ab, en esta ocasi<\/span><span lang=\"X-NONE\">\u00f3n<span class=\"v1gmail-Apple-converted-space\">\u00a0<\/span><\/span><span lang=\"ES\">bajo el nombre de \u00ab<i>Festival de la Cosecha<\/i>\u00ab. La actividad es organizada por la AG de Turismo de la localidad y busca relevar el turismo sustentable a trav\u00e9s de su v\u00ednculo con la producci\u00f3n local como valor agregado y como aporte a la disminuci\u00f3n de la generaci\u00f3n de residuos, es decir, \u00ab<i>cocina huella cero<\/i>\u00ab.<span class=\"v1gmail-Apple-converted-space\">\u00a0<\/span><\/span><\/p>\n<p class=\"v1MsoNormal\" style=\"text-align: justify;\"><span lang=\"ES\">En esta ocasi\u00f3n se desarrollar\u00e1 una serie de talleres gastron\u00f3micos, como charcuter\u00eda (fiambres y embutidos) a cargo de Emerson Y\u00e1\u00f1ez de Puerto Aguirre, chocolater\u00eda impartido por el investigador culinario Cristian Balboa de Coyhaique y fermentados que dictar<\/span><span lang=\"X-NONE\">\u00e1 Natalia Julio de Huerto 4 Estaciones<\/span><span lang=\"ES\">. Las jornadas contemplar\u00e1n una feria de artesanos y productores locales, y presentaciones art\u00edsticas culturales de la Compa\u00f1\u00eda de Teatro \u00ab<i>Vuelo<\/i>\u00bb y el D\u00fao Trapananda.<\/span><\/p>\n<p class=\"v1MsoNormal\" style=\"text-align: justify;\"><span lang=\"ES\">Por esos mismos d\u00edas, y como parte de una alianza estrat\u00e9gica, se realizar\u00e1 en Puerto Guadal el Encuentro de Recolectoras\/es de la Zona Sur de Ays\u00e9n del Programa FNDR \u00ab<i>Transferencia para el desarrollo productivo a base de Productos Forestales no Madereros<\/i>\u00ab, impulsado por el Instituto Forestal (INFOR) sede Patagonia. Esta actividad reunir\u00e1 a cerca de 25 beneficiarias provenientes de las comunas de R\u00edo Ib\u00e1\u00f1ez, Chile Chico, Cochrane, Tortel y O&#8217;Higgins, en torno al fomento de asociatividad, la recolecci\u00f3n y las preparaciones de rosa mosqueta. En este espacio el chef invitado para las preparaciones ser<\/span><span lang=\"X-NONE\">\u00e1<\/span><span lang=\"ES\"><span class=\"v1gmail-Apple-converted-space\">\u00a0<\/span>Hugo Barrios, de Coyhaique.<\/span><\/p>\n<p class=\"v1MsoNormal\" style=\"text-align: justify;\"><span lang=\"ES\">\u00ab<i>Sabores de la Perla del Lago<\/i>\u00ab, que en a\u00f1os anteriores ha concitado la participaci\u00f3n de cientos de personas, tanto entre asistentes a los talleres como visitantes, cuenta con el apoyo del Programa Estrat\u00e9gico Regional de Turismo (PER) de CORFO, el Gobierno Regional de Ays\u00e9n, INFOR y la Municipalidad de Chile Chico. Adem\u00e1s, como ente articulador ha actuado la Corporaci\u00f3n Chelenko.<\/span><\/p>\n<p class=\"v1MsoNormal\" style=\"text-align: justify;\"><span lang=\"ES\">La solicitud de mayores informaciones y la inscripci\u00f3n para participar en los talleres se puede realizar al correo\u00a0<a href=\"mailto:turismoguadal@gmail.com\" rel=\"noreferrer\">turismoguadal@gmail.com<\/a>.<\/span><\/p>\n<\/div><\/section><\/div><div  style='height:50px' class='hr hr-invisible   avia-builder-el-6  el_after_av_one_full  el_before_av_social_share '><span class='hr-inner ' ><span class='hr-inner-style'><\/span><\/span><\/div><\/p>\n<div  class='av-social-sharing-box  avia-builder-el-7  el_after_av_hr  el_before_av_hr  '><div class='av-share-box'><h5 class='av-share-link-description av-no-toc '>Compartir esta noticia<\/h5><ul class='av-share-box-list noLightbox'><li class='av-share-link av-social-link-facebook' ><a target=\"_blank\" aria-label=\"Compartir en Facebook\" href='https:\/\/www.facebook.com\/sharer.php?u=https:\/\/radiorevelacionfm.cl\/?p=29351&#038;t=En%20abril%20Guadal%20realzar%C3%A1%20la%20producci%C3%B3n%20local%20sustentable%20con%20%C2%ABFestival%20de%20la%20Cosecha%C2%BB' aria-hidden='false' data-av_icon='\ue8f3' data-av_iconfont='entypo-fontello' title='' data-avia-related-tooltip='Compartir en Facebook' rel=\"noopener\"><span class='avia_hidden_link_text'>Compartir en Facebook<\/span><\/a><\/li><li class='av-share-link av-social-link-twitter' ><a target=\"_blank\" aria-label=\"Compartir en Twitter\" href='https:\/\/twitter.com\/share?text=En%20abril%20Guadal%20realzar%C3%A1%20la%20producci%C3%B3n%20local%20sustentable%20con%20%C2%ABFestival%20de%20la%20Cosecha%C2%BB&#038;url=https:\/\/radiorevelacionfm.cl\/?p=29351' aria-hidden='false' data-av_icon='\ue8f1' data-av_iconfont='entypo-fontello' title='' data-avia-related-tooltip='Compartir en Twitter' rel=\"noopener\"><span class='avia_hidden_link_text'>Compartir en Twitter<\/span><\/a><\/li><li class='av-share-link av-social-link-whatsapp' ><a target=\"_blank\" aria-label=\"Compartir en Whatsapp\" href='https:\/\/api.whatsapp.com\/send?text=https:\/\/radiorevelacionfm.cl\/?p=29351' aria-hidden='false' data-av_icon='\uf232' data-av_iconfont='entypo-fontello' title='' data-avia-related-tooltip='Compartir en Whatsapp' rel=\"noopener\"><span class='avia_hidden_link_text'>Compartir en Whatsapp<\/span><\/a><\/li><li class='av-share-link av-social-link-linkedin' ><a target=\"_blank\" aria-label=\"Compartir en LinkedIn\" href='https:\/\/linkedin.com\/shareArticle?mini=true&#038;title=En%20abril%20Guadal%20realzar%C3%A1%20la%20producci%C3%B3n%20local%20sustentable%20con%20%C2%ABFestival%20de%20la%20Cosecha%C2%BB&#038;url=https:\/\/radiorevelacionfm.cl\/?p=29351' aria-hidden='false' data-av_icon='\ue8fc' data-av_iconfont='entypo-fontello' title='' data-avia-related-tooltip='Compartir en LinkedIn' rel=\"noopener\"><span class='avia_hidden_link_text'>Compartir en LinkedIn<\/span><\/a><\/li><li class='av-share-link av-social-link-mail' ><a  aria-label=\"Compartir por correo\" href='mailto:?subject=En%20abril%20Guadal%20realzar%C3%A1%20la%20producci%C3%B3n%20local%20sustentable%20con%20%C2%ABFestival%20de%20la%20Cosecha%C2%BB&#038;body=https:\/\/radiorevelacionfm.cl\/?p=29351' aria-hidden='false' data-av_icon='\ue805' data-av_iconfont='entypo-fontello' title='' data-avia-related-tooltip='Compartir por correo'><span class='avia_hidden_link_text'>Compartir por correo<\/span><\/a><\/li><\/ul><\/div><\/div>\n<div  style='height:50px' class='hr hr-invisible   avia-builder-el-8  el_after_av_social_share  el_before_av_comments_list '><span class='hr-inner ' ><span class='hr-inner-style'><\/span><\/span><\/div>\n<div  class='av-buildercomment  av-blog-meta-html-info-disabled av-blog-meta-tag-disabled  '><\/div>\n","protected":false},"excerpt":{"rendered":"","protected":false},"author":1,"featured_media":29354,"comment_status":"open","ping_status":"open","sticky":false,"template":"","format":"standard","meta":{"footnotes":""},"categories":[38],"tags":[],"class_list":["post-29351","post","type-post","status-publish","format-standard","has-post-thumbnail","hentry","category-regional"],"jetpack_featured_media_url":"https:\/\/radiorevelacionfm.cl\/wp-content\/uploads\/2023\/03\/sabores-1-1_optimized-1_optimized-1.jpg","_links":{"self":[{"href":"https:\/\/radiorevelacionfm.cl\/index.php?rest_route=\/wp\/v2\/posts\/29351","targetHints":{"allow":["GET"]}}],"collection":[{"href":"https:\/\/radiorevelacionfm.cl\/index.php?rest_route=\/wp\/v2\/posts"}],"about":[{"href":"https:\/\/radiorevelacionfm.cl\/index.php?rest_route=\/wp\/v2\/types\/post"}],"author":[{"embeddable":true,"href":"https:\/\/radiorevelacionfm.cl\/index.php?rest_route=\/wp\/v2\/users\/1"}],"replies":[{"embeddable":true,"href":"https:\/\/radiorevelacionfm.cl\/index.php?rest_route=%2Fwp%2Fv2%2Fcomments&post=29351"}],"version-history":[{"count":1,"href":"https:\/\/radiorevelacionfm.cl\/index.php?rest_route=\/wp\/v2\/posts\/29351\/revisions"}],"predecessor-version":[{"id":29355,"href":"https:\/\/radiorevelacionfm.cl\/index.php?rest_route=\/wp\/v2\/posts\/29351\/revisions\/29355"}],"wp:featuredmedia":[{"embeddable":true,"href":"https:\/\/radiorevelacionfm.cl\/index.php?rest_route=\/wp\/v2\/media\/29354"}],"wp:attachment":[{"href":"https:\/\/radiorevelacionfm.cl\/index.php?rest_route=%2Fwp%2Fv2%2Fmedia&parent=29351"}],"wp:term":[{"taxonomy":"category","embeddable":true,"href":"https:\/\/radiorevelacionfm.cl\/index.php?rest_route=%2Fwp%2Fv2%2Fcategories&post=29351"},{"taxonomy":"post_tag","embeddable":true,"href":"https:\/\/radiorevelacionfm.cl\/index.php?rest_route=%2Fwp%2Fv2%2Ftags&post=29351"}],"curies":[{"name":"wp","href":"https:\/\/api.w.org\/{rel}","templated":true}]}}