{"id":29348,"date":"2023-03-25T11:25:09","date_gmt":"2023-03-25T14:25:09","guid":{"rendered":"https:\/\/radiorevelacionfm.cl\/?p=29348"},"modified":"2023-03-25T11:25:09","modified_gmt":"2023-03-25T14:25:09","slug":"expo-y-festival-de-la-patagonia-se-unen-en-una-gran-fiesta","status":"publish","type":"post","link":"https:\/\/radiorevelacionfm.cl\/?p=29348","title":{"rendered":"Expo y Festival de la Patagonia se unen en una gran fiesta"},"content":{"rendered":"<div class=\"flex_column av_one_full  flex_column_div av-zero-column-padding first  avia-builder-el-0  el_before_av_one_full  avia-builder-el-first  \" style='border-radius:0px; '><div  class='avia-image-container  av-styling-    avia-builder-el-1  avia-builder-el-no-sibling  avia-align-center '  itemprop=\"image\" itemscope=\"itemscope\" itemtype=\"https:\/\/schema.org\/ImageObject\"  ><div class='avia-image-container-inner'><div class='avia-image-overlay-wrap'><img decoding=\"async\" class='wp-image-29349 avia-img-lazy-loading-not-29349 avia_image' src=\"https:\/\/radiorevelacionfm.cl\/wp-content\/uploads\/2023\/03\/IMG_4672-1-1.jpg\" alt='' title='IMG_4672 (1) (1)' height=\"600\" width=\"790\"  itemprop=\"thumbnailUrl\" srcset=\"https:\/\/radiorevelacionfm.cl\/wp-content\/uploads\/2023\/03\/IMG_4672-1-1.jpg 790w, https:\/\/radiorevelacionfm.cl\/wp-content\/uploads\/2023\/03\/IMG_4672-1-1-300x228.jpg 300w, https:\/\/radiorevelacionfm.cl\/wp-content\/uploads\/2023\/03\/IMG_4672-1-1-768x583.jpg 768w, https:\/\/radiorevelacionfm.cl\/wp-content\/uploads\/2023\/03\/IMG_4672-1-1-705x535.jpg 705w, https:\/\/radiorevelacionfm.cl\/wp-content\/uploads\/2023\/03\/IMG_4672-1-1-450x342.jpg 450w, https:\/\/radiorevelacionfm.cl\/wp-content\/uploads\/2023\/03\/IMG_4672-1-1-600x456.jpg 600w\" sizes=\"(max-width: 790px) 100vw, 790px\" \/><\/div><\/div><\/div><\/div><div class=\"flex_column av_one_full  flex_column_div av-zero-column-padding first  avia-builder-el-2  el_after_av_one_full  el_before_av_one_full  column-top-margin\" style='border-radius:0px; '><section class=\"av_textblock_section \"  itemscope=\"itemscope\" itemtype=\"https:\/\/schema.org\/BlogPosting\" itemprop=\"blogPost\" ><div class='avia_textblock  '   itemprop=\"text\" ><p style=\"text-align: center;\"><strong><span style=\"font-size: 18pt;\">Expo y Festival de la Patagonia se unen en una gran fiesta<\/span><\/strong><\/p>\n<div id=\"gtx-trans\" style=\"position: absolute; left: -50px; top: 4.31534px;\"><\/div>\n<\/div><\/section><\/div><div class=\"flex_column av_one_full  flex_column_div av-zero-column-padding first  avia-builder-el-4  el_after_av_one_full  el_before_av_hr  column-top-margin\" style='border-radius:0px; '><section class=\"av_textblock_section \"  itemscope=\"itemscope\" itemtype=\"https:\/\/schema.org\/BlogPosting\" itemprop=\"blogPost\" ><div class='avia_textblock  '   itemprop=\"text\" ><p style=\"text-align: justify;\">Desde el 31 de marzo al 2 de abril, la Fiesta en el Coraz\u00f3n de la Patagonia reunir\u00e1 expositores, talleres, gastronom\u00eda, m\u00fasica local, nacional e internacional, en el Parque Urbano de Coyhaique.<\/p>\n<p style=\"text-align: justify;\">La XIX versi\u00f3n de la Expo Patagonia contar\u00e1 con 300 stands, donde emprendedores del rubro artesanal podr\u00e1n vender sus productos, adem\u00e1s tendr\u00e1 una zona infantil con actividades para ni\u00f1os y ni\u00f1as, food trucks con variada oferta gastron\u00f3mica, talleres y un escenario donde se presentar\u00e1n artistas de la zona, una expo canina, muestras y concursos. En cuanto al Festival de la Patagonia, en su primera versi\u00f3n, sorprender\u00e1 con artistas regionales, nacionales e internacionales, los cuales se dar\u00e1n a conocer d\u00edas antes del evento. \u201cLa primera noche es una noche m\u00e1s popular, donde vamos a tener diversos artistas, la segunda noche es del g\u00e9nero urbano, la \u00faltima noche es de baladas y con una sorpresa preparada para la comunidad\u201d, adelant\u00f3 el alcalde de Coyhaique, Carlos Gatica Villegas.<\/p>\n<p style=\"text-align: justify;\">\u201cEstamos realizando esta actividad, tuvimos un per\u00edodo de pandemia que nos afect\u00f3 a todos, es necesario recalcar lo que sucedi\u00f3 en la Expo Ganadera Ovina, donde toda la familia particip\u00f3 donde tuvimos grandes resultados, desde el punto de vista de emprendedores microempresarios que fueron parte de esta expo y la familia. Precisamente, ahora vamos a desarrollar la Expo y Festival de la Patagonia con todo el entusiasmo, pero tambi\u00e9n de una manera que antes no se hab\u00eda desarrollado, primero por la cantidad de recursos asociados a poder desarrollar distintos tipos de iniciativas y eso es gracias al apoyo y trabajo conjunto con el Gobierno Regional y su Consejo, pero tambi\u00e9n, porque lo estamos desarrollando en un lugar donde antes no hab\u00eda sido desarrollado ning\u00fan tipo de actividad\u201d, a\u00f1adi\u00f3 el edil comunal.<\/p>\n<p style=\"text-align: justify;\">El parque urbano tiene una superficie superior a las 35 hect\u00e1reas, espacio donde el municipio est\u00e1 desarrollado la infraestructura id\u00f3nea para su utilizaci\u00f3n, trabajos que ya concretaron la instalaci\u00f3n del sistema de iluminaci\u00f3n completo y se est\u00e1n ejecutando espacios de senderismo y un proyecto de resoluci\u00f3n sanitaria para el sector.<\/p>\n<p style=\"text-align: justify;\">\u201cLa invitaci\u00f3n es a comenzar a utilizar estos espacios p\u00fablicos, el Parque Urbano viene a dar una soluci\u00f3n a un problema de infraestructura, donde nunca sab\u00edamos donde poder realizar actividades, sabemos los problemas que hoy existen hacia el sector de la medialuna y adem\u00e1s, c\u00f3mo durante la pandemia tampoco se pudieron llevar adelante grandes eventos o eventos masivos. As\u00ed que, esperamos que este sea un fin de semana familiar, para ir a almorzar, pasarlo bien, hay stands para ni\u00f1os de manera espec\u00edfica, de todo para la familia, para pasar un momento agradable, y una oportunidad para romper la estacionalidad\u201d, se\u00f1al\u00f3 la gobernadora regional de Ays\u00e9n, Andrea Mac\u00edas Palma.<\/p>\n<p style=\"text-align: justify;\">\u201cFelicitar al municipio por la ejecuci\u00f3n de la Expo Patagonia que fue un proceso muy participativo, porque las distintas organizaciones pudieron postular para estar en los stands, as\u00ed que tambi\u00e9n es una oportunidad en la que participaron los vecinos y vecinas\u201d, indic\u00f3 la consejera regional, Paula Acu\u00f1a Ojeda.<\/p>\n<p style=\"text-align: justify;\">La entrada a la Expo y Festival de la Patagonia es completamente gratuita, mientras que los 1.256 estacionamientos que estar\u00e1n disponibles en el lugar estar\u00e1n a cargo del Cuerpo de Bomberos de Coyhaique. El ingreso ser\u00e1 por camino a Cerro Negro, frente a Envasadora Ays\u00e9n, y la salida ser\u00e1 por el camino central de la Expo y Festival de la Patagonia hacia Avenida Baquedano. El acceso peatonal ser\u00e1 por Calle Campos de Hielo donde se est\u00e1n construyendo escalinatas estilo sendero o parque que llevar\u00e1n al p\u00fablico hasta el corredor central de Expo Patagonia.<\/p>\n<p style=\"text-align: justify;\">Las jornadas de la Fiesta en el Coraz\u00f3n de la Patagonia comienzan a las 12:00 horas, el d\u00eda viernes 31 de marzo, y los d\u00edas 1 y 2 de abril inician a las 10:30 horas, mientras que el cierre de todos los d\u00edas estar\u00e1 determinado por el show del Festival de la Patagonia, el cual espera terminar a medianoche todos los d\u00edas.<\/p>\n<\/div><\/section><\/div><div  style='height:50px' class='hr hr-invisible   avia-builder-el-6  el_after_av_one_full  el_before_av_social_share '><span class='hr-inner ' ><span class='hr-inner-style'><\/span><\/span><\/div><\/p>\n<div  class='av-social-sharing-box  avia-builder-el-7  el_after_av_hr  el_before_av_hr  '><div class='av-share-box'><h5 class='av-share-link-description av-no-toc '>Compartir esta noticia<\/h5><ul class='av-share-box-list noLightbox'><li class='av-share-link av-social-link-facebook' ><a target=\"_blank\" aria-label=\"Compartir en Facebook\" href='https:\/\/www.facebook.com\/sharer.php?u=https:\/\/radiorevelacionfm.cl\/?p=29348&#038;t=Expo%20y%20Festival%20de%20la%20Patagonia%20se%20unen%20en%20una%20gran%20fiesta' aria-hidden='false' data-av_icon='\ue8f3' data-av_iconfont='entypo-fontello' title='' data-avia-related-tooltip='Compartir en Facebook' rel=\"noopener\"><span class='avia_hidden_link_text'>Compartir en Facebook<\/span><\/a><\/li><li class='av-share-link av-social-link-twitter' ><a target=\"_blank\" aria-label=\"Compartir en Twitter\" href='https:\/\/twitter.com\/share?text=Expo%20y%20Festival%20de%20la%20Patagonia%20se%20unen%20en%20una%20gran%20fiesta&#038;url=https:\/\/radiorevelacionfm.cl\/?p=29348' aria-hidden='false' data-av_icon='\ue8f1' data-av_iconfont='entypo-fontello' title='' data-avia-related-tooltip='Compartir en Twitter' rel=\"noopener\"><span class='avia_hidden_link_text'>Compartir en Twitter<\/span><\/a><\/li><li class='av-share-link av-social-link-whatsapp' ><a target=\"_blank\" aria-label=\"Compartir en Whatsapp\" href='https:\/\/api.whatsapp.com\/send?text=https:\/\/radiorevelacionfm.cl\/?p=29348' aria-hidden='false' data-av_icon='\uf232' data-av_iconfont='entypo-fontello' title='' data-avia-related-tooltip='Compartir en Whatsapp' rel=\"noopener\"><span class='avia_hidden_link_text'>Compartir en Whatsapp<\/span><\/a><\/li><li class='av-share-link av-social-link-linkedin' ><a target=\"_blank\" aria-label=\"Compartir en LinkedIn\" href='https:\/\/linkedin.com\/shareArticle?mini=true&#038;title=Expo%20y%20Festival%20de%20la%20Patagonia%20se%20unen%20en%20una%20gran%20fiesta&#038;url=https:\/\/radiorevelacionfm.cl\/?p=29348' aria-hidden='false' data-av_icon='\ue8fc' data-av_iconfont='entypo-fontello' title='' data-avia-related-tooltip='Compartir en LinkedIn' rel=\"noopener\"><span class='avia_hidden_link_text'>Compartir en LinkedIn<\/span><\/a><\/li><li class='av-share-link av-social-link-mail' ><a  aria-label=\"Compartir por correo\" href='mailto:?subject=Expo%20y%20Festival%20de%20la%20Patagonia%20se%20unen%20en%20una%20gran%20fiesta&#038;body=https:\/\/radiorevelacionfm.cl\/?p=29348' aria-hidden='false' data-av_icon='\ue805' data-av_iconfont='entypo-fontello' title='' data-avia-related-tooltip='Compartir por correo'><span class='avia_hidden_link_text'>Compartir por correo<\/span><\/a><\/li><\/ul><\/div><\/div>\n<div  style='height:50px' class='hr hr-invisible   avia-builder-el-8  el_after_av_social_share  el_before_av_comments_list '><span class='hr-inner ' ><span class='hr-inner-style'><\/span><\/span><\/div>\n<div  class='av-buildercomment  av-blog-meta-html-info-disabled av-blog-meta-tag-disabled  '><\/div>\n","protected":false},"excerpt":{"rendered":"","protected":false},"author":1,"featured_media":29349,"comment_status":"open","ping_status":"open","sticky":false,"template":"","format":"standard","meta":{"footnotes":""},"categories":[38],"tags":[],"class_list":["post-29348","post","type-post","status-publish","format-standard","has-post-thumbnail","hentry","category-regional"],"jetpack_featured_media_url":"https:\/\/radiorevelacionfm.cl\/wp-content\/uploads\/2023\/03\/IMG_4672-1-1.jpg","_links":{"self":[{"href":"https:\/\/radiorevelacionfm.cl\/index.php?rest_route=\/wp\/v2\/posts\/29348","targetHints":{"allow":["GET"]}}],"collection":[{"href":"https:\/\/radiorevelacionfm.cl\/index.php?rest_route=\/wp\/v2\/posts"}],"about":[{"href":"https:\/\/radiorevelacionfm.cl\/index.php?rest_route=\/wp\/v2\/types\/post"}],"author":[{"embeddable":true,"href":"https:\/\/radiorevelacionfm.cl\/index.php?rest_route=\/wp\/v2\/users\/1"}],"replies":[{"embeddable":true,"href":"https:\/\/radiorevelacionfm.cl\/index.php?rest_route=%2Fwp%2Fv2%2Fcomments&post=29348"}],"version-history":[{"count":1,"href":"https:\/\/radiorevelacionfm.cl\/index.php?rest_route=\/wp\/v2\/posts\/29348\/revisions"}],"predecessor-version":[{"id":29350,"href":"https:\/\/radiorevelacionfm.cl\/index.php?rest_route=\/wp\/v2\/posts\/29348\/revisions\/29350"}],"wp:featuredmedia":[{"embeddable":true,"href":"https:\/\/radiorevelacionfm.cl\/index.php?rest_route=\/wp\/v2\/media\/29349"}],"wp:attachment":[{"href":"https:\/\/radiorevelacionfm.cl\/index.php?rest_route=%2Fwp%2Fv2%2Fmedia&parent=29348"}],"wp:term":[{"taxonomy":"category","embeddable":true,"href":"https:\/\/radiorevelacionfm.cl\/index.php?rest_route=%2Fwp%2Fv2%2Fcategories&post=29348"},{"taxonomy":"post_tag","embeddable":true,"href":"https:\/\/radiorevelacionfm.cl\/index.php?rest_route=%2Fwp%2Fv2%2Ftags&post=29348"}],"curies":[{"name":"wp","href":"https:\/\/api.w.org\/{rel}","templated":true}]}}