{"id":29341,"date":"2023-03-25T12:04:17","date_gmt":"2023-03-25T15:04:17","guid":{"rendered":"https:\/\/radiorevelacionfm.cl\/?p=29341"},"modified":"2023-03-25T12:04:17","modified_gmt":"2023-03-25T15:04:17","slug":"uaysen-lanza-la-red-de-academicas-stem","status":"publish","type":"post","link":"https:\/\/radiorevelacionfm.cl\/?p=29341","title":{"rendered":"UAys\u00e9n lanza la Red de Acad\u00e9micas STEM"},"content":{"rendered":"<div class=\"flex_column av_one_full  flex_column_div av-zero-column-padding first  avia-builder-el-0  el_before_av_one_full  avia-builder-el-first  \" style='border-radius:0px; '><div  class='avia-image-container  av-styling-    avia-builder-el-1  avia-builder-el-no-sibling  avia-align-center '  itemprop=\"image\" itemscope=\"itemscope\" itemtype=\"https:\/\/schema.org\/ImageObject\"  ><div class='avia-image-container-inner'><div class='avia-image-overlay-wrap'><img decoding=\"async\" class='wp-image-29342 avia-img-lazy-loading-not-29342 avia_image' src=\"https:\/\/radiorevelacionfm.cl\/wp-content\/uploads\/2023\/03\/red-stem-uaysen-1-1_optimized-1.jpg\" alt='' title='red-stem-uaysen-(1)-(1)_optimized (1)' height=\"600\" width=\"1066\"  itemprop=\"thumbnailUrl\" srcset=\"https:\/\/radiorevelacionfm.cl\/wp-content\/uploads\/2023\/03\/red-stem-uaysen-1-1_optimized-1.jpg 1066w, https:\/\/radiorevelacionfm.cl\/wp-content\/uploads\/2023\/03\/red-stem-uaysen-1-1_optimized-1-300x169.jpg 300w, https:\/\/radiorevelacionfm.cl\/wp-content\/uploads\/2023\/03\/red-stem-uaysen-1-1_optimized-1-1030x580.jpg 1030w, https:\/\/radiorevelacionfm.cl\/wp-content\/uploads\/2023\/03\/red-stem-uaysen-1-1_optimized-1-768x432.jpg 768w, https:\/\/radiorevelacionfm.cl\/wp-content\/uploads\/2023\/03\/red-stem-uaysen-1-1_optimized-1-705x397.jpg 705w, https:\/\/radiorevelacionfm.cl\/wp-content\/uploads\/2023\/03\/red-stem-uaysen-1-1_optimized-1-450x253.jpg 450w, https:\/\/radiorevelacionfm.cl\/wp-content\/uploads\/2023\/03\/red-stem-uaysen-1-1_optimized-1-600x338.jpg 600w\" sizes=\"(max-width: 1066px) 100vw, 1066px\" \/><\/div><\/div><\/div><\/div><div class=\"flex_column av_one_full  flex_column_div av-zero-column-padding first  avia-builder-el-2  el_after_av_one_full  el_before_av_one_full  column-top-margin\" style='border-radius:0px; '><section class=\"av_textblock_section \"  itemscope=\"itemscope\" itemtype=\"https:\/\/schema.org\/BlogPosting\" itemprop=\"blogPost\" ><div class='avia_textblock  '   itemprop=\"text\" ><p style=\"text-align: center;\"><strong><span style=\"font-size: 18pt;\">UAys\u00e9n lanza la Red de Acad\u00e9micas STEM<\/span><\/strong><\/p>\n<div id=\"gtx-trans\" style=\"position: absolute; left: -50px; top: 4.31534px;\">\n<div class=\"gtx-trans-icon\"><\/div>\n<\/div>\n<\/div><\/section><\/div><div class=\"flex_column av_one_full  flex_column_div av-zero-column-padding first  avia-builder-el-4  el_after_av_one_full  el_before_av_hr  column-top-margin\" style='border-radius:0px; '><section class=\"av_textblock_section \"  itemscope=\"itemscope\" itemtype=\"https:\/\/schema.org\/BlogPosting\" itemprop=\"blogPost\" ><div class='avia_textblock  '   itemprop=\"text\" ><p style=\"text-align: justify;\">En el marco del proyecto Red Tem\u00e1tica STEM- G\u00e9nero y Desarrollo Regional que integran las cuatro universidades estatales de la macrozona sur austral.<\/p>\n<p style=\"text-align: justify;\">Como parte de los Planes de Fortalecimiento de las universidades estatales, se realiz\u00f3 el lanzamiento oficial de la Red de Acad\u00e9micas STEM (Ciencias, tecnolog\u00edas, Ingenier\u00edas y Matem\u00e1ticas) de la\u00a0 Universidad de Ays\u00e9n.<\/p>\n<p style=\"text-align: justify;\">La conformaci\u00f3n de la red permitir\u00e1 avanzar hacia las acciones que buscan impulsar la carrera acad\u00e9mica de mujeres de las \u00e1reas STEM para mejorar su posicionamiento docente y de investigaci\u00f3n hacia la disminuci\u00f3n de las brechas de participaci\u00f3n en la generaci\u00f3n de conocimiento y su contribuci\u00f3n al sistema I+D+i+e a nivel territorial.<\/p>\n<p style=\"text-align: justify;\">La acad\u00e9mica e investigadora del departamento de Ciencias de la Salud de la UAys\u00e9n, Carla Basualto, destaca la importancia de que se agrupe y visibilice a las acad\u00e9micas. \u201cLo veo como una oportunidad de trabajar, institucionalmente, en temas que dificultan nuestro desarrollo profesional dentro de la academia, adem\u00e1s de un lugar en el que podemos desarrollar colaboraciones cient\u00edficas con colegas de nuestra propia universidad y\/o de las otras universidades participantes en la red y nos empuja a pensar y visualizar c\u00f3mo queremos llegar a ni\u00f1as, adolescentes y a nuestras alumnas\u201d, indic\u00f3.<\/p>\n<p style=\"text-align: justify;\">Paulina Flores, jefa del departamento de Ciencias Naturales de la UAys\u00e9n, releva que la creaci\u00f3n de la red contribuye a reducir desigualdades de g\u00e9nero en \u00e1reas del conocimiento cient\u00edfico y tecnol\u00f3gico, generando espacios fraternos y de colaboraci\u00f3n en la transferencia de conocimientos entre las acad\u00e9micas UAys\u00e9n, fortaleciendo nuestra contribuci\u00f3n a la ciencia. \u201cHa sido muy satisfactorio darnos cuenta que somos varias las acad\u00e9micas-investigadoras en nuestra universidad, que tenemos ganas de transmitir nuestras experiencias, problemas y logros, rompiendo con los estereotipos de nuestra sociedad\u00bb, coment\u00f3.<\/p>\n<p style=\"text-align: justify;\">La Red de Acad\u00e9micas STEM permitir\u00e1 proyectar la articulaci\u00f3n de las vocaciones de mujeres a \u00e1reas STEM con las trayectorias formativas en pregrado y postgrado, y tambi\u00e9n fortalecer la investigaci\u00f3n de mujeres e investigaciones con perspectiva de g\u00e9nero desde estas \u00e1reas.<\/p>\n<p style=\"text-align: justify;\">Roc\u00edo Urrutia, acad\u00e9mica del departamento de Ciencias Naturales y Tecnolog\u00eda, comparte que la red es de suma importancia para relevar y fomentar la participaci\u00f3n de mujeres en las ciencias. \u201cLas Ciencias Naturales, por ejemplo, necesitan de nuestro compromiso y sensibilidad para construir un mundo m\u00e1s sustentable que asegure el derecho de las futuras generaciones de disfrutar de un medio ambiente sano y limpio. La naturaleza del sur de Chile necesita nuestra fuerza femenina para avanzar en su conocimiento y protecci\u00f3n\u201d, destac\u00f3.<\/p>\n<p style=\"text-align: justify;\">Lorena Millar Romero, coordinadora del proyecto Red Tem\u00e1tica STEM-G\u00e9nero de la Unidad de Equidad de G\u00e9nero de la UAys\u00e9n, destaca que para incidir en la transformaci\u00f3n de las brechas de g\u00e9nero, necesitamos observar la realidad con enfoque de g\u00e9nero, identificando las barreras que impiden la incorporaci\u00f3n de las mujeres en diferentes \u00e1mbitos, sobre todo en aquellos de los cuales han sido excluidas e invisibilizadas, como son las \u00e1reas STEM. \u201cEsto implica mirar e intervenir en los diversos procesos formativos y de promoci\u00f3n para abrir espacios que culturalmente han sido masculinizados. Hay quienes a\u00fan sostienen que la desigualdad de g\u00e9nero no existe como tal, incluyendo la academia, lo que conlleva a seguir perpetuando la desigualdad y la falta de oportunidades para las mujeres en estas \u00e1reas, se\u00f1al\u00f3.<\/p>\n<p style=\"text-align: justify;\">Uno de los principales focos del proyecto se sit\u00faa en el \u00e1mbito universitario, acompa\u00f1ando el proceso formativo de las estudiantes y acad\u00e9micas para fortalecer y promocionar su participaci\u00f3n en las \u00e1reas STEM (reclutamiento, promoci\u00f3n, posici\u00f3n, y productividad) atendiendo las barreras de g\u00e9nero.<\/p>\n<\/div><\/section><\/div><div  style='height:50px' class='hr hr-invisible   avia-builder-el-6  el_after_av_one_full  el_before_av_social_share '><span class='hr-inner ' ><span class='hr-inner-style'><\/span><\/span><\/div><\/p>\n<div  class='av-social-sharing-box  avia-builder-el-7  el_after_av_hr  el_before_av_hr  '><div class='av-share-box'><h5 class='av-share-link-description av-no-toc '>Compartir esta noticia<\/h5><ul class='av-share-box-list noLightbox'><li class='av-share-link av-social-link-facebook' ><a target=\"_blank\" aria-label=\"Compartir en Facebook\" href='https:\/\/www.facebook.com\/sharer.php?u=https:\/\/radiorevelacionfm.cl\/?p=29341&#038;t=UAys%C3%A9n%20lanza%20la%20Red%20de%20Acad%C3%A9micas%20STEM' aria-hidden='false' data-av_icon='\ue8f3' data-av_iconfont='entypo-fontello' title='' data-avia-related-tooltip='Compartir en Facebook' rel=\"noopener\"><span class='avia_hidden_link_text'>Compartir en Facebook<\/span><\/a><\/li><li class='av-share-link av-social-link-twitter' ><a target=\"_blank\" aria-label=\"Compartir en Twitter\" href='https:\/\/twitter.com\/share?text=UAys%C3%A9n%20lanza%20la%20Red%20de%20Acad%C3%A9micas%20STEM&#038;url=https:\/\/radiorevelacionfm.cl\/?p=29341' aria-hidden='false' data-av_icon='\ue8f1' data-av_iconfont='entypo-fontello' title='' data-avia-related-tooltip='Compartir en Twitter' rel=\"noopener\"><span class='avia_hidden_link_text'>Compartir en Twitter<\/span><\/a><\/li><li class='av-share-link av-social-link-whatsapp' ><a target=\"_blank\" aria-label=\"Compartir en Whatsapp\" href='https:\/\/api.whatsapp.com\/send?text=https:\/\/radiorevelacionfm.cl\/?p=29341' aria-hidden='false' data-av_icon='\uf232' data-av_iconfont='entypo-fontello' title='' data-avia-related-tooltip='Compartir en Whatsapp' rel=\"noopener\"><span class='avia_hidden_link_text'>Compartir en Whatsapp<\/span><\/a><\/li><li class='av-share-link av-social-link-linkedin' ><a target=\"_blank\" aria-label=\"Compartir en LinkedIn\" href='https:\/\/linkedin.com\/shareArticle?mini=true&#038;title=UAys%C3%A9n%20lanza%20la%20Red%20de%20Acad%C3%A9micas%20STEM&#038;url=https:\/\/radiorevelacionfm.cl\/?p=29341' aria-hidden='false' data-av_icon='\ue8fc' data-av_iconfont='entypo-fontello' title='' data-avia-related-tooltip='Compartir en LinkedIn' rel=\"noopener\"><span class='avia_hidden_link_text'>Compartir en LinkedIn<\/span><\/a><\/li><li class='av-share-link av-social-link-mail' ><a  aria-label=\"Compartir por correo\" href='mailto:?subject=UAys%C3%A9n%20lanza%20la%20Red%20de%20Acad%C3%A9micas%20STEM&#038;body=https:\/\/radiorevelacionfm.cl\/?p=29341' aria-hidden='false' data-av_icon='\ue805' data-av_iconfont='entypo-fontello' title='' data-avia-related-tooltip='Compartir por correo'><span class='avia_hidden_link_text'>Compartir por correo<\/span><\/a><\/li><\/ul><\/div><\/div>\n<div  style='height:50px' class='hr hr-invisible   avia-builder-el-8  el_after_av_social_share  el_before_av_comments_list '><span class='hr-inner ' ><span class='hr-inner-style'><\/span><\/span><\/div>\n<div  class='av-buildercomment  av-blog-meta-html-info-disabled av-blog-meta-tag-disabled  '><\/div>\n","protected":false},"excerpt":{"rendered":"","protected":false},"author":1,"featured_media":29342,"comment_status":"open","ping_status":"open","sticky":false,"template":"","format":"standard","meta":{"footnotes":""},"categories":[49],"tags":[],"class_list":["post-29341","post","type-post","status-publish","format-standard","has-post-thumbnail","hentry","category-educacion"],"jetpack_featured_media_url":"https:\/\/radiorevelacionfm.cl\/wp-content\/uploads\/2023\/03\/red-stem-uaysen-1-1_optimized-1.jpg","_links":{"self":[{"href":"https:\/\/radiorevelacionfm.cl\/index.php?rest_route=\/wp\/v2\/posts\/29341","targetHints":{"allow":["GET"]}}],"collection":[{"href":"https:\/\/radiorevelacionfm.cl\/index.php?rest_route=\/wp\/v2\/posts"}],"about":[{"href":"https:\/\/radiorevelacionfm.cl\/index.php?rest_route=\/wp\/v2\/types\/post"}],"author":[{"embeddable":true,"href":"https:\/\/radiorevelacionfm.cl\/index.php?rest_route=\/wp\/v2\/users\/1"}],"replies":[{"embeddable":true,"href":"https:\/\/radiorevelacionfm.cl\/index.php?rest_route=%2Fwp%2Fv2%2Fcomments&post=29341"}],"version-history":[{"count":1,"href":"https:\/\/radiorevelacionfm.cl\/index.php?rest_route=\/wp\/v2\/posts\/29341\/revisions"}],"predecessor-version":[{"id":29343,"href":"https:\/\/radiorevelacionfm.cl\/index.php?rest_route=\/wp\/v2\/posts\/29341\/revisions\/29343"}],"wp:featuredmedia":[{"embeddable":true,"href":"https:\/\/radiorevelacionfm.cl\/index.php?rest_route=\/wp\/v2\/media\/29342"}],"wp:attachment":[{"href":"https:\/\/radiorevelacionfm.cl\/index.php?rest_route=%2Fwp%2Fv2%2Fmedia&parent=29341"}],"wp:term":[{"taxonomy":"category","embeddable":true,"href":"https:\/\/radiorevelacionfm.cl\/index.php?rest_route=%2Fwp%2Fv2%2Fcategories&post=29341"},{"taxonomy":"post_tag","embeddable":true,"href":"https:\/\/radiorevelacionfm.cl\/index.php?rest_route=%2Fwp%2Fv2%2Ftags&post=29341"}],"curies":[{"name":"wp","href":"https:\/\/api.w.org\/{rel}","templated":true}]}}