{"id":2934,"date":"2021-02-24T17:38:34","date_gmt":"2021-02-24T20:38:34","guid":{"rendered":"https:\/\/radiorevelacionfm.cl\/?p=2934"},"modified":"2021-02-24T17:38:34","modified_gmt":"2021-02-24T20:38:34","slug":"gira-constituyente-al-sur-la-apuesta-colectiva-de-la-lista-a-pulso-por-el-buen-vivir","status":"publish","type":"post","link":"https:\/\/radiorevelacionfm.cl\/?p=2934","title":{"rendered":"Gira constituyente al sur: La apuesta colectiva de la lista \u00abA PULSO, por el Buen Vivir\u00bb"},"content":{"rendered":"<div class=\"flex_column av_one_full  flex_column_div av-zero-column-padding first  avia-builder-el-0  el_before_av_one_full  avia-builder-el-first  \" style='border-radius:0px; '><div  class='avia-image-container  av-styling-    avia-builder-el-1  avia-builder-el-no-sibling  avia-align-center '  itemprop=\"image\" itemscope=\"itemscope\" itemtype=\"https:\/\/schema.org\/ImageObject\"  ><div class='avia-image-container-inner'><div class='avia-image-overlay-wrap'><img decoding=\"async\" class='wp-image-0 avia-img-lazy-loading-not-0 avia_image' src=\"https:\/\/radiorevelacionfm.cl\/wp-content\/uploads\/2021\/02\/CHI6364-1-1.jpg\" alt='' title=''   itemprop=\"thumbnailUrl\"  \/><\/div><\/div><\/div><\/div><div class=\"flex_column av_one_full  flex_column_div av-zero-column-padding first  avia-builder-el-2  el_after_av_one_full  el_before_av_one_full  column-top-margin\" style='border-radius:0px; '><section class=\"av_textblock_section \"  itemscope=\"itemscope\" itemtype=\"https:\/\/schema.org\/BlogPosting\" itemprop=\"blogPost\" ><div class='avia_textblock  '   itemprop=\"text\" ><p style=\"text-align: center;\"><span style=\"font-size: 18pt;\"><strong>Gira constituyente al sur: La apuesta colectiva de la lista \u00abA PULSO, por el Buen Vivir\u00bb<\/strong><\/span><\/p>\n<div id=\"gtx-trans\" style=\"position: absolute; left: -50px; top: 4.31534px;\">\n<div class=\"gtx-trans-icon\"><\/div>\n<\/div>\n<\/div><\/section><\/div><div class=\"flex_column av_one_full  flex_column_div av-zero-column-padding first  avia-builder-el-4  el_after_av_one_full  el_before_av_hr  column-top-margin\" style='border-radius:0px; '><section class=\"av_textblock_section \"  itemscope=\"itemscope\" itemtype=\"https:\/\/schema.org\/BlogPosting\" itemprop=\"blogPost\" ><div class='avia_textblock  '   itemprop=\"text\" ><p style=\"font-weight: 400; text-align: justify;\"><em>Ser\u00e1n 9 d\u00edas de recorrido, que incluir\u00e1n Villa Cerro Castillo, Bah\u00eda Murta, Puerto Bertrand, Cochrane, Caleta Tortel, Villa O&#8217;Higgins, Puerto Guadal, Mall\u00edn Grande, Fachinal, Bah\u00eda Jaral, Chile Chico y Puerto Ingeniero Ib\u00e1\u00f1ez.<\/em><\/p>\n<p style=\"font-weight: 400; text-align: justify;\"><em>El simbolismo es claro: son una lista que se debe a un programa com\u00fan, por tanto cada candidatura es complementaria a las de sus compa\u00f1eros y compa\u00f1eras en este desaf\u00edo electoral.<\/em><\/p>\n<p style=\"font-weight: 400; text-align: justify;\">Como el inicio de un proceso necesario calificaron desde la lista independiente \u00abA PULSO, por el Buen Vivir\u00bb la gira que este s\u00e1bado 27 de febrero iniciar\u00e1n al sur de Ays\u00e9n los candidatos y candidatas a la convenci\u00f3n constitucional Deisy Avenda\u00f1o, Patricio Segura, Cecilio Aguilar, Ilsie Wolf y Jorge Contreras.\u00a0\u00a0El objetivo ser\u00e1 visitar cada una de las localidades de las provincias General Carrera y Capit\u00e1n Prat, \u00ab<em>porque la se\u00f1al es que en la discusi\u00f3n constitucional deben estar todas las miradas, independiente del lugar en que se viva.\u00a0\u00a0Eso es esencial<\/em>\u00bb se\u00f1alaron desde el comando.<\/p>\n<p style=\"font-weight: 400; text-align: justify;\">Ser\u00e1n 9 d\u00edas de recorrido, que incluir\u00e1n Villa Cerro Castillo, Bah\u00eda Murta, Puerto Bertrand, Cochrane, Caleta Tortel, Villa O&#8217;Higgins, Puerto Guadal, Mall\u00edn Grande, Fachinal, Bah\u00eda Jaral, Chile Chico y Puerto Ingeniero Ib\u00e1\u00f1ez.<\/p>\n<p style=\"font-weight: 400; text-align: justify;\">\u00ab<em>Es un esfuerzo ineludible, porque as\u00ed como en Ays\u00e9n vivimos el aislamiento y la no consideraci\u00f3n, en las comunidades peque\u00f1as tambi\u00e9n.\u00a0\u00a0Y eso es algo que debemos considerar, porque es pate del cambio de mirada que queremos llevar a la Constituci\u00f3n<\/em>\u00bb indic\u00f3 la dirigenta social Deisy Avenda\u00f1o Avenda\u00f1o.<\/p>\n<p style=\"font-weight: 400; text-align: justify;\">Al respecto, el periodista y activista socioambiental Patricio Segura Ortiz aclar\u00f3 que \u00ab<em>hemos decidido emprender esta tarea como lista, porque somos un colectivo donde cada uno y una aporta sus propias miradas dentro de un programa com\u00fan.\u00a0\u00a0Lo que llevaremos ser\u00e1n temas y principios que nacen desde las asambleas, con los \u00e9nfasis de las visiones particulares de cada uno de los voceros y voceras.\u00a0\u00a0Pero \u00e9stas no son candidaturas individuales<\/em>\u00ab.<\/p>\n<p style=\"font-weight: 400; text-align: justify;\">\u00ab<em>Compartir con la gente, que no ser\u00e1 la primera vez porque somos parte del territorio, es una pr\u00e1ctica que no puede desaparecer. Por mucha tecnolog\u00eda, el contacto cara a cara, hoy con las prevenciones del caso producto de la crisis sanitaria, la relaci\u00f3n persona a persona, m\u00e1s a\u00fan en Ays\u00e9n, es gravitante<\/em>\u00bb enfatiz\u00f3 el cantautor regional Cecilio Aguilar Galindo.<\/p>\n<p style=\"font-weight: 400; text-align: justify;\">Opini\u00f3n similar tuvo el payador Jorge Contreras Mu\u00f1oz, para quien \u00ab<em>la gente debe conocer lo que proponemos, que no es nada del otro mundo.\u00a0\u00a0Llevar el sentido com\u00fan de los derechos que deben ser garantizados, las voces que deben ser escuchadas, los territorios que deben ser considerados<\/em>\u00ab.<\/p>\n<p style=\"font-weight: 400; text-align: justify;\">Por \u00faltimo, para la dirigenta del turismo Ilsie Wolf Herrera \u00ab<em>Ays\u00e9n es un territorio hermoso, amplio y diverso.\u00a0\u00a0Recorrerlo, conocerlo, es fundamental.\u00a0\u00a0Sabemos que no representaremos s\u00f3lo la mirada aysenina en la convenci\u00f3n, porque la Constituci\u00f3n es nacional.\u00a0\u00a0Pero las particularidades de Ays\u00e9n deben estar representadas, adem\u00e1s que por las luchas que hemos dado creemos que podemos ser un aporte y enriquecer ese proceso<\/em>\u00ab.<\/p>\n<p style=\"font-weight: 400; text-align: justify;\"><strong>La gira<\/strong><\/p>\n<p style=\"font-weight: 400; text-align: justify;\">El\u00a0<strong>s\u00e1bado 27<\/strong>\u00a0de febrero considerar\u00e1 actividades en Villa Cerro Castillo y Bah\u00eda Murta. El\u00a0<strong>domingo 28<\/strong>\u00a0en Puerto R\u00edo Tranquilo y Puerto Bertrand.\u00a0\u00a0Todo el\u00a0<strong>lunes 1<\/strong>\u00a0de marzo se concentrar\u00e1 en Cochrane y sus alrededores, para el\u00a0<strong>martes 2<\/strong>\u00a0participar en una jornada en Caleta Tortel.<\/p>\n<p style=\"font-weight: 400; text-align: justify;\">El\u00a0<strong>mi\u00e9rcoles 3 de marzo<\/strong>\u00a0la comitiva se trasladar\u00e1 hasta Villa O&#8217;Higgins, para el\u00a0<strong>jueves 4<\/strong>\u00a0sostener reuniones y actividades en Puerto Guadal.\u00a0\u00a0El\u00a0<strong>viernes 5<\/strong>\u00a0visitar\u00e1n Mall\u00edn Grande, Fachinal y Bah\u00eda Jara, concluyendo la gira por la zona sur del lago General Carrera el\u00a0<strong>s\u00e1bado 6<\/strong>\u00a0en Chile Chico.<\/p>\n<p style=\"font-weight: 400; text-align: justify;\">El viaje concluir\u00e1 el\u00a0<strong>domingo 7<\/strong>\u00a0en Puerto Ingeniero Ib\u00e1\u00f1ez, luego de lo cual se retornar\u00e1 a Coyhaique.<\/p>\n<p style=\"font-weight: 400; text-align: justify;\">Posteriormente se emprender\u00e1 una segunda gira a la zona norte, para enfrentar el fin de la campa\u00f1a en Coyhaique y Puerto Ays\u00e9n.<\/p>\n<p style=\"font-weight: 400; text-align: justify;\">Se inform\u00f3 desde el comando de la lista \u00abA PULSO, por el Buen Vivir\u00bb que en el recorrido se considerar\u00e1n las autorizaciones correspondientes, dado que en este proceso eleccionario las y los postulantes a cargos de representaci\u00f3n popular tendr\u00e1n permisos especiales. Adem\u00e1s, se contemplar\u00e1 el uso de implementos de prevenci\u00f3n sanitaria como el uso de mascarilla y alcohol gel, \u00ab<em>independiente de lo cual creemos que aunque estemos en pandemia debemos dialogar con la gente, en espacios abiertos de preferencia.\u00a0\u00a0El COVID no nos puede inmovilizar<\/em>\u00ab.<\/p>\n<p style=\"font-weight: 400; text-align: justify;\">La gira se financiar\u00e1 con aportes propios y de personas que han confiado en la propuesta y que colaboran con alojamiento y alimentaci\u00f3n, adem\u00e1s de lo que el Servicio Electoral entreg\u00f3: un anticipo que en total suma $ 290.000 para toda la lista. Es decir, menos de 60 mil pesos por candidatura.<\/p>\n<p style=\"font-weight: 400; text-align: justify;\">\u00ab<em>Sabemos que es injusto, cuando los candidatos y candidatas militantes y apoyados por partidos reciben millones.\u00a0\u00a0Pero son las reglas actuales, las que confiamos poder cambiar en la Constituci\u00f3n dando igualdad oportunidades c\u00edvicas y pol\u00edticas para todos quienes quieran participar en el espacio p\u00fablico de representaci\u00f3n democr\u00e1tica, y as\u00ed ir eliminando la incidencia del financiamiento privado y empresarial, muchas veces con intereses distintos de los colectivos, en procesos que deben ser pol\u00edticos y de ideas<\/em>\u00bb concluyeron.<\/p>\n<\/div><\/section><\/div><div  style='height:50px' class='hr hr-invisible   avia-builder-el-6  el_after_av_one_full  el_before_av_social_share '><span class='hr-inner ' ><span class='hr-inner-style'><\/span><\/span><\/div><\/p>\n<div  class='av-social-sharing-box  avia-builder-el-7  el_after_av_hr  el_before_av_hr  '><div class='av-share-box'><h5 class='av-share-link-description av-no-toc '>Compartir esta noticia<\/h5><ul class='av-share-box-list noLightbox'><li class='av-share-link av-social-link-facebook' ><a target=\"_blank\" aria-label=\"Compartir en Facebook\" href='https:\/\/www.facebook.com\/sharer.php?u=https:\/\/radiorevelacionfm.cl\/?p=2934&#038;t=Gira%20constituyente%20al%20sur%3A%20La%20apuesta%20colectiva%20de%20la%20lista%20%C2%ABA%20PULSO%2C%20por%20el%20Buen%20Vivir%C2%BB' aria-hidden='false' data-av_icon='\ue8f3' data-av_iconfont='entypo-fontello' title='' data-avia-related-tooltip='Compartir en Facebook' rel=\"noopener\"><span class='avia_hidden_link_text'>Compartir en Facebook<\/span><\/a><\/li><li class='av-share-link av-social-link-twitter' ><a target=\"_blank\" aria-label=\"Compartir en Twitter\" href='https:\/\/twitter.com\/share?text=Gira%20constituyente%20al%20sur%3A%20La%20apuesta%20colectiva%20de%20la%20lista%20%C2%ABA%20PULSO%2C%20por%20el%20Buen%20Vivir%C2%BB&#038;url=https:\/\/radiorevelacionfm.cl\/?p=2934' aria-hidden='false' data-av_icon='\ue8f1' data-av_iconfont='entypo-fontello' title='' data-avia-related-tooltip='Compartir en Twitter' rel=\"noopener\"><span class='avia_hidden_link_text'>Compartir en Twitter<\/span><\/a><\/li><li class='av-share-link av-social-link-whatsapp' ><a target=\"_blank\" aria-label=\"Compartir en Whatsapp\" href='https:\/\/api.whatsapp.com\/send?text=https:\/\/radiorevelacionfm.cl\/?p=2934' aria-hidden='false' data-av_icon='\uf232' data-av_iconfont='entypo-fontello' title='' data-avia-related-tooltip='Compartir en Whatsapp' rel=\"noopener\"><span class='avia_hidden_link_text'>Compartir en Whatsapp<\/span><\/a><\/li><li class='av-share-link av-social-link-linkedin' ><a target=\"_blank\" aria-label=\"Compartir en LinkedIn\" href='https:\/\/linkedin.com\/shareArticle?mini=true&#038;title=Gira%20constituyente%20al%20sur%3A%20La%20apuesta%20colectiva%20de%20la%20lista%20%C2%ABA%20PULSO%2C%20por%20el%20Buen%20Vivir%C2%BB&#038;url=https:\/\/radiorevelacionfm.cl\/?p=2934' aria-hidden='false' data-av_icon='\ue8fc' data-av_iconfont='entypo-fontello' title='' data-avia-related-tooltip='Compartir en LinkedIn' rel=\"noopener\"><span class='avia_hidden_link_text'>Compartir en LinkedIn<\/span><\/a><\/li><li class='av-share-link av-social-link-mail' ><a  aria-label=\"Compartir por correo\" href='mailto:?subject=Gira%20constituyente%20al%20sur%3A%20La%20apuesta%20colectiva%20de%20la%20lista%20%C2%ABA%20PULSO%2C%20por%20el%20Buen%20Vivir%C2%BB&#038;body=https:\/\/radiorevelacionfm.cl\/?p=2934' aria-hidden='false' data-av_icon='\ue805' data-av_iconfont='entypo-fontello' title='' data-avia-related-tooltip='Compartir por correo'><span class='avia_hidden_link_text'>Compartir por correo<\/span><\/a><\/li><\/ul><\/div><\/div>\n<div  style='height:50px' class='hr hr-invisible   avia-builder-el-8  el_after_av_social_share  el_before_av_comments_list '><span class='hr-inner ' ><span class='hr-inner-style'><\/span><\/span><\/div>\n<div  class='av-buildercomment  av-blog-meta-html-info-disabled av-blog-meta-tag-disabled  '><\/div>\n","protected":false},"excerpt":{"rendered":"","protected":false},"author":1,"featured_media":0,"comment_status":"open","ping_status":"open","sticky":false,"template":"","format":"standard","meta":{"footnotes":""},"categories":[35],"tags":[],"class_list":["post-2934","post","type-post","status-publish","format-standard","hentry","category-politica"],"jetpack_featured_media_url":"","_links":{"self":[{"href":"https:\/\/radiorevelacionfm.cl\/index.php?rest_route=\/wp\/v2\/posts\/2934","targetHints":{"allow":["GET"]}}],"collection":[{"href":"https:\/\/radiorevelacionfm.cl\/index.php?rest_route=\/wp\/v2\/posts"}],"about":[{"href":"https:\/\/radiorevelacionfm.cl\/index.php?rest_route=\/wp\/v2\/types\/post"}],"author":[{"embeddable":true,"href":"https:\/\/radiorevelacionfm.cl\/index.php?rest_route=\/wp\/v2\/users\/1"}],"replies":[{"embeddable":true,"href":"https:\/\/radiorevelacionfm.cl\/index.php?rest_route=%2Fwp%2Fv2%2Fcomments&post=2934"}],"version-history":[{"count":1,"href":"https:\/\/radiorevelacionfm.cl\/index.php?rest_route=\/wp\/v2\/posts\/2934\/revisions"}],"predecessor-version":[{"id":2936,"href":"https:\/\/radiorevelacionfm.cl\/index.php?rest_route=\/wp\/v2\/posts\/2934\/revisions\/2936"}],"wp:attachment":[{"href":"https:\/\/radiorevelacionfm.cl\/index.php?rest_route=%2Fwp%2Fv2%2Fmedia&parent=2934"}],"wp:term":[{"taxonomy":"category","embeddable":true,"href":"https:\/\/radiorevelacionfm.cl\/index.php?rest_route=%2Fwp%2Fv2%2Fcategories&post=2934"},{"taxonomy":"post_tag","embeddable":true,"href":"https:\/\/radiorevelacionfm.cl\/index.php?rest_route=%2Fwp%2Fv2%2Ftags&post=2934"}],"curies":[{"name":"wp","href":"https:\/\/api.w.org\/{rel}","templated":true}]}}