{"id":29328,"date":"2023-03-24T19:09:38","date_gmt":"2023-03-24T22:09:38","guid":{"rendered":"https:\/\/radiorevelacionfm.cl\/?p=29328"},"modified":"2023-03-24T19:09:38","modified_gmt":"2023-03-24T22:09:38","slug":"estudiantes-de-aysen-y-coyhaique-experimentaron-la-ciencia-y-magia-de-la-muestra-interactiva-el-universo-en-tu-comunidad","status":"publish","type":"post","link":"https:\/\/radiorevelacionfm.cl\/?p=29328","title":{"rendered":"Estudiantes de Ays\u00e9n y Coyhaique experimentaron la ciencia y magia de la muestra interactiva \u00abEl Universo en tu Comunidad\u00bb"},"content":{"rendered":"<div class=\"flex_column av_one_full  flex_column_div av-zero-column-padding first  avia-builder-el-0  el_before_av_one_full  avia-builder-el-first  \" style='border-radius:0px; '><div  class='avia-image-container  av-styling-    avia-builder-el-1  avia-builder-el-no-sibling  avia-align-center '  itemprop=\"image\" itemscope=\"itemscope\" itemtype=\"https:\/\/schema.org\/ImageObject\"  ><div class='avia-image-container-inner'><div class='avia-image-overlay-wrap'><img decoding=\"async\" class='wp-image-29329 avia-img-lazy-loading-not-29329 avia_image' src=\"https:\/\/radiorevelacionfm.cl\/wp-content\/uploads\/2023\/03\/planetario1-1_optimized.jpeg\" alt='' title='planetario1-(1)_optimized' height=\"600\" width=\"842\"  itemprop=\"thumbnailUrl\" srcset=\"https:\/\/radiorevelacionfm.cl\/wp-content\/uploads\/2023\/03\/planetario1-1_optimized.jpeg 842w, https:\/\/radiorevelacionfm.cl\/wp-content\/uploads\/2023\/03\/planetario1-1_optimized-300x214.jpeg 300w, https:\/\/radiorevelacionfm.cl\/wp-content\/uploads\/2023\/03\/planetario1-1_optimized-768x547.jpeg 768w, https:\/\/radiorevelacionfm.cl\/wp-content\/uploads\/2023\/03\/planetario1-1_optimized-260x185.jpeg 260w, https:\/\/radiorevelacionfm.cl\/wp-content\/uploads\/2023\/03\/planetario1-1_optimized-705x502.jpeg 705w, https:\/\/radiorevelacionfm.cl\/wp-content\/uploads\/2023\/03\/planetario1-1_optimized-450x321.jpeg 450w, https:\/\/radiorevelacionfm.cl\/wp-content\/uploads\/2023\/03\/planetario1-1_optimized-600x428.jpeg 600w\" sizes=\"(max-width: 842px) 100vw, 842px\" \/><\/div><\/div><\/div><\/div><div class=\"flex_column av_one_full  flex_column_div av-zero-column-padding first  avia-builder-el-2  el_after_av_one_full  el_before_av_one_full  column-top-margin\" style='border-radius:0px; '><section class=\"av_textblock_section \"  itemscope=\"itemscope\" itemtype=\"https:\/\/schema.org\/BlogPosting\" itemprop=\"blogPost\" ><div class='avia_textblock  '   itemprop=\"text\" ><p style=\"text-align: center;\"><span style=\"font-size: 18pt;\"><b><span lang=\"ES-TRAD\">Estudiantes de Ays\u00e9n y Coyhaique experimentaron la ciencia y magia de la muestra interactiva \u00abEl Universo en tu Comunidad\u00bb<\/span><\/b><\/span><\/p>\n<div id=\"gtx-trans\" style=\"position: absolute; left: -50px; top: 4.31534px;\">\n<div class=\"gtx-trans-icon\"><\/div>\n<\/div>\n<\/div><\/section><\/div><div class=\"flex_column av_one_full  flex_column_div av-zero-column-padding first  avia-builder-el-4  el_after_av_one_full  el_before_av_hr  column-top-margin\" style='border-radius:0px; '><section class=\"av_textblock_section \"  itemscope=\"itemscope\" itemtype=\"https:\/\/schema.org\/BlogPosting\" itemprop=\"blogPost\" ><div class='avia_textblock  '   itemprop=\"text\" ><p class=\"v1MsoNormal\" style=\"text-align: justify;\"><span lang=\"ES-TRAD\">Hasta el Gimnasio Regional de la Comuna de Coyhaique lleg\u00f3 la directora nacional de la Junta Nacional de Auxilios y Becas (JUNAEB), Camila Rubio, acompa\u00f1ada del delegado presidencial regional (S) Samuel Navarro; la secretaria regional ministerial de educaci\u00f3n de Ays\u00e9n, Isabel Garrido; el alcalde de Coyhaique, Carlos Gatica; el director Regional de Junaeb, Manuel Vivar y Jacqueline Morey, directora ejecutiva de Planetario USACH; para iniciar junto a m\u00e1s de 200 ni\u00f1os, ni\u00f1as y adolescentes de la comuna a la quinta parada del programa, gratuito y abierto a todo p\u00fablico; \u00abEl Universo en tu comunidad\u00bb.<\/span><\/p>\n<p class=\"v1MsoNormal\" style=\"text-align: justify;\"><span lang=\"ES-TRAD\">Respecto al origen de la itinerancia &#8211; que se ha realizado en las comunas de Macul, Lo Espejo, San Joaqu\u00edn y Puente Alto en la Regi\u00f3n Metropolitana, adem\u00e1s de San Felipe en la Regi\u00f3n de Valpara\u00edso &#8211; es gracias a una potente alianza entre JUNAEB y Planetario USACH, para descentralizar y democratizar la divulgaci\u00f3n de la ciencia y la astronom\u00eda.<\/span><\/p>\n<p class=\"v1MsoNormal\" style=\"text-align: justify;\"><span lang=\"ES-TRAD\">Con diversas actividades cient\u00edficas fueron recibidos estudiantes de las comunas de Ays\u00e9n y Coyhaique, quienes fortalecieron, desde el componente l\u00fadico, sus derechos recreativos\/culturales. Adem\u00e1s, Junaeb entreg\u00f3 material al municipio de Coyhaique que fortalece el desarrollo integral de las y los estudiantes en el marco de la pol\u00edtica p\u00fablica de reactivaci\u00f3n educativa definida por el Ministerio de Educaci\u00f3n.<\/span><\/p>\n<p class=\"v1MsoNormal\" style=\"text-align: justify;\"><span lang=\"ES-TRAD\">\u00abHoy tenemos la desafiante misi\u00f3n de la Reactivaci\u00f3n Educativa, y para esto tenemos que fortalecer la vuelta a clase, y buscar estrategias para que las ni\u00f1as, ni\u00f1os y adolescentes integren un aprendizaje m\u00e1s cercano, din\u00e1mico y l\u00fadico. Y, por, sobre todo, queremos entregar herramientas; como el conocimiento cient\u00edfico, que permitan el desarrollo de capacidades y competencias de socializaci\u00f3n que fueron debilitadas durante la pandemia\u00bb, agreg\u00f3 la directora nacional de Junaeb, Camila Rubio.\u00a0<\/span><\/p>\n<p class=\"v1MsoNormal\" style=\"text-align: justify;\"><span lang=\"ES-TRAD\">En tanto, la directora ejecutiva del Planetario USACH Jaquelin Morey afirm\u00f3 que \u00abEsta oportunidad, esta alianza que hemos hecho con Junaeb ha sido maravillosa porque nos ha permitido llegar ac\u00e1\u00a0 y motivar a los ni\u00f1os a acercarse a la ciencia. Vamos a requerir mucho material humano, conocimiento, ingenieros, \u00f3ptico, astro turismo, periodistas, cient\u00edficos, vamos a requerir y entonces la idea es potenciar estas habilidades en nuestros ni\u00f1os y eventualmente el pr\u00f3ximo Nobel de Ciencia sea un astr\u00f3nomo o astr\u00f3noma chilena, y entonces est\u00e1 esta alianza ha sido fant\u00e1stica porque vamos a recorrer varias ciudades\u00bb.<\/span><\/p>\n<p class=\"v1MsoNormal\" style=\"text-align: justify;\"><span lang=\"ES-TRAD\">El delegado presidencial de Ays\u00e9n (S) Samuel Navarro destac\u00f3 que \u00abEstamos muy contentos que en el contexto de Reactivaci\u00f3n Educativa, contamos aqu\u00ed con el apoyo de Junaeb y del Planetario de la Universidad de Santiago de Chile. Aqu\u00ed es muy relevante que de una forma din\u00e1mica, una forma entretenida, los ni\u00f1os, las ni\u00f1as, los adolescentes y la comunidad en general se puede acercar y\u00a0 vivir una experiencia educativa \u00fanica\u00bb.<\/span><\/p>\n<p class=\"v1MsoNormal\" style=\"text-align: justify;\"><span lang=\"ES-TRAD\">Por su parte, la seremi de educaci\u00f3n Ays\u00e9n, Isabel Garrido, agreg\u00f3 \u00abes un d\u00eda que nos pone muy felices, porque el Planetario de la Universidad de Santiago tiene un potencial de cambiar vidas, de definir la trayectoria educativa de un ni\u00f1o, una ni\u00f1a que descubre la ciencia imaginando y jugando por primera vez, adem\u00e1s, va en sinton\u00eda con nuestra prioridad, la que estableci\u00f3 el Presidente, Gabriel Boric; de la Reactivaci\u00f3n Educativa, pero no solo a trav\u00e9s de actividades tradicionales, sino que a trav\u00e9s del juego, y el aprendizaje integral\u00bb.<\/span><\/p>\n<\/div><\/section><\/div><div  style='height:50px' class='hr hr-invisible   avia-builder-el-6  el_after_av_one_full  el_before_av_social_share '><span class='hr-inner ' ><span class='hr-inner-style'><\/span><\/span><\/div><\/p>\n<div  class='av-social-sharing-box  avia-builder-el-7  el_after_av_hr  el_before_av_hr  '><div class='av-share-box'><h5 class='av-share-link-description av-no-toc '>Compartir esta noticia<\/h5><ul class='av-share-box-list noLightbox'><li class='av-share-link av-social-link-facebook' ><a target=\"_blank\" aria-label=\"Compartir en Facebook\" href='https:\/\/www.facebook.com\/sharer.php?u=https:\/\/radiorevelacionfm.cl\/?p=29328&#038;t=Estudiantes%20de%20Ays%C3%A9n%20y%20Coyhaique%20experimentaron%20la%20ciencia%20y%20magia%20de%20la%20muestra%20interactiva%20%C2%ABEl%20Universo%20en%20tu%20Comunidad%C2%BB' aria-hidden='false' data-av_icon='\ue8f3' data-av_iconfont='entypo-fontello' title='' data-avia-related-tooltip='Compartir en Facebook' rel=\"noopener\"><span class='avia_hidden_link_text'>Compartir en Facebook<\/span><\/a><\/li><li class='av-share-link av-social-link-twitter' ><a target=\"_blank\" aria-label=\"Compartir en Twitter\" href='https:\/\/twitter.com\/share?text=Estudiantes%20de%20Ays%C3%A9n%20y%20Coyhaique%20experimentaron%20la%20ciencia%20y%20magia%20de%20la%20muestra%20interactiva%20%C2%ABEl%20Universo%20en%20tu%20Comunidad%C2%BB&#038;url=https:\/\/radiorevelacionfm.cl\/?p=29328' aria-hidden='false' data-av_icon='\ue8f1' data-av_iconfont='entypo-fontello' title='' data-avia-related-tooltip='Compartir en Twitter' rel=\"noopener\"><span class='avia_hidden_link_text'>Compartir en Twitter<\/span><\/a><\/li><li class='av-share-link av-social-link-whatsapp' ><a target=\"_blank\" aria-label=\"Compartir en Whatsapp\" href='https:\/\/api.whatsapp.com\/send?text=https:\/\/radiorevelacionfm.cl\/?p=29328' aria-hidden='false' data-av_icon='\uf232' data-av_iconfont='entypo-fontello' title='' data-avia-related-tooltip='Compartir en Whatsapp' rel=\"noopener\"><span class='avia_hidden_link_text'>Compartir en Whatsapp<\/span><\/a><\/li><li class='av-share-link av-social-link-linkedin' ><a target=\"_blank\" aria-label=\"Compartir en LinkedIn\" href='https:\/\/linkedin.com\/shareArticle?mini=true&#038;title=Estudiantes%20de%20Ays%C3%A9n%20y%20Coyhaique%20experimentaron%20la%20ciencia%20y%20magia%20de%20la%20muestra%20interactiva%20%C2%ABEl%20Universo%20en%20tu%20Comunidad%C2%BB&#038;url=https:\/\/radiorevelacionfm.cl\/?p=29328' aria-hidden='false' data-av_icon='\ue8fc' data-av_iconfont='entypo-fontello' title='' data-avia-related-tooltip='Compartir en LinkedIn' rel=\"noopener\"><span class='avia_hidden_link_text'>Compartir en LinkedIn<\/span><\/a><\/li><li class='av-share-link av-social-link-mail' ><a  aria-label=\"Compartir por correo\" href='mailto:?subject=Estudiantes%20de%20Ays%C3%A9n%20y%20Coyhaique%20experimentaron%20la%20ciencia%20y%20magia%20de%20la%20muestra%20interactiva%20%C2%ABEl%20Universo%20en%20tu%20Comunidad%C2%BB&#038;body=https:\/\/radiorevelacionfm.cl\/?p=29328' aria-hidden='false' data-av_icon='\ue805' data-av_iconfont='entypo-fontello' title='' data-avia-related-tooltip='Compartir por correo'><span class='avia_hidden_link_text'>Compartir por correo<\/span><\/a><\/li><\/ul><\/div><\/div>\n<div  style='height:50px' class='hr hr-invisible   avia-builder-el-8  el_after_av_social_share  el_before_av_comments_list '><span class='hr-inner ' ><span class='hr-inner-style'><\/span><\/span><\/div>\n<div  class='av-buildercomment  av-blog-meta-html-info-disabled av-blog-meta-tag-disabled  '><\/div>\n","protected":false},"excerpt":{"rendered":"","protected":false},"author":1,"featured_media":29329,"comment_status":"open","ping_status":"open","sticky":false,"template":"","format":"standard","meta":{"footnotes":""},"categories":[49],"tags":[],"class_list":["post-29328","post","type-post","status-publish","format-standard","has-post-thumbnail","hentry","category-educacion"],"jetpack_featured_media_url":"https:\/\/radiorevelacionfm.cl\/wp-content\/uploads\/2023\/03\/planetario1-1_optimized.jpeg","_links":{"self":[{"href":"https:\/\/radiorevelacionfm.cl\/index.php?rest_route=\/wp\/v2\/posts\/29328","targetHints":{"allow":["GET"]}}],"collection":[{"href":"https:\/\/radiorevelacionfm.cl\/index.php?rest_route=\/wp\/v2\/posts"}],"about":[{"href":"https:\/\/radiorevelacionfm.cl\/index.php?rest_route=\/wp\/v2\/types\/post"}],"author":[{"embeddable":true,"href":"https:\/\/radiorevelacionfm.cl\/index.php?rest_route=\/wp\/v2\/users\/1"}],"replies":[{"embeddable":true,"href":"https:\/\/radiorevelacionfm.cl\/index.php?rest_route=%2Fwp%2Fv2%2Fcomments&post=29328"}],"version-history":[{"count":2,"href":"https:\/\/radiorevelacionfm.cl\/index.php?rest_route=\/wp\/v2\/posts\/29328\/revisions"}],"predecessor-version":[{"id":29344,"href":"https:\/\/radiorevelacionfm.cl\/index.php?rest_route=\/wp\/v2\/posts\/29328\/revisions\/29344"}],"wp:featuredmedia":[{"embeddable":true,"href":"https:\/\/radiorevelacionfm.cl\/index.php?rest_route=\/wp\/v2\/media\/29329"}],"wp:attachment":[{"href":"https:\/\/radiorevelacionfm.cl\/index.php?rest_route=%2Fwp%2Fv2%2Fmedia&parent=29328"}],"wp:term":[{"taxonomy":"category","embeddable":true,"href":"https:\/\/radiorevelacionfm.cl\/index.php?rest_route=%2Fwp%2Fv2%2Fcategories&post=29328"},{"taxonomy":"post_tag","embeddable":true,"href":"https:\/\/radiorevelacionfm.cl\/index.php?rest_route=%2Fwp%2Fv2%2Ftags&post=29328"}],"curies":[{"name":"wp","href":"https:\/\/api.w.org\/{rel}","templated":true}]}}