{"id":29325,"date":"2023-03-24T16:21:17","date_gmt":"2023-03-24T19:21:17","guid":{"rendered":"https:\/\/radiorevelacionfm.cl\/?p=29325"},"modified":"2023-03-24T16:21:17","modified_gmt":"2023-03-24T19:21:17","slug":"encuentros-con-organizaciones-sociales-y-medios-de-comunicacion-realiza-seremi-de-gobierno-en-visita-al-sur-de-la-region","status":"publish","type":"post","link":"https:\/\/radiorevelacionfm.cl\/?p=29325","title":{"rendered":"Encuentros con organizaciones sociales y medios de comunicaci\u00f3n realiza Seremi de Gobierno en visita al sur de la regi\u00f3n"},"content":{"rendered":"<div class=\"flex_column av_one_full  flex_column_div av-zero-column-padding first  avia-builder-el-0  el_before_av_one_full  avia-builder-el-first  \" style='border-radius:0px; '><div  class='avia-image-container  av-styling-    avia-builder-el-1  avia-builder-el-no-sibling  avia-align-center '  itemprop=\"image\" itemscope=\"itemscope\" itemtype=\"https:\/\/schema.org\/ImageObject\"  ><div class='avia-image-container-inner'><div class='avia-image-overlay-wrap'><img decoding=\"async\" class='wp-image-29326 avia-img-lazy-loading-not-29326 avia_image' src=\"https:\/\/radiorevelacionfm.cl\/wp-content\/uploads\/2023\/03\/img_0390-1_optimized.jpg\" alt='' title='img_0390-(1)_optimized' height=\"600\" width=\"900\"  itemprop=\"thumbnailUrl\" srcset=\"https:\/\/radiorevelacionfm.cl\/wp-content\/uploads\/2023\/03\/img_0390-1_optimized.jpg 900w, https:\/\/radiorevelacionfm.cl\/wp-content\/uploads\/2023\/03\/img_0390-1_optimized-300x200.jpg 300w, https:\/\/radiorevelacionfm.cl\/wp-content\/uploads\/2023\/03\/img_0390-1_optimized-768x512.jpg 768w, https:\/\/radiorevelacionfm.cl\/wp-content\/uploads\/2023\/03\/img_0390-1_optimized-705x470.jpg 705w, https:\/\/radiorevelacionfm.cl\/wp-content\/uploads\/2023\/03\/img_0390-1_optimized-450x300.jpg 450w, https:\/\/radiorevelacionfm.cl\/wp-content\/uploads\/2023\/03\/img_0390-1_optimized-600x400.jpg 600w\" sizes=\"(max-width: 900px) 100vw, 900px\" \/><\/div><\/div><\/div><\/div>\n<div class=\"flex_column av_one_full  flex_column_div av-zero-column-padding first  avia-builder-el-2  el_after_av_one_full  el_before_av_one_full  column-top-margin\" style='border-radius:0px; '><section class=\"av_textblock_section \"  itemscope=\"itemscope\" itemtype=\"https:\/\/schema.org\/BlogPosting\" itemprop=\"blogPost\" ><div class='avia_textblock  '   itemprop=\"text\" ><p style=\"text-align: center;\"><strong><span style=\"font-size: 18pt;\">Encuentros con organizaciones sociales y medios de comunicaci\u00f3n realiza Seremi de Gobierno en visita al sur de la regi\u00f3n<\/span><\/strong><\/p>\n<div id=\"gtx-trans\" style=\"position: absolute; left: -50px; top: 4.31534px;\">\n<div class=\"gtx-trans-icon\"><\/div>\n<\/div>\n<\/div><\/section><\/div><div class=\"flex_column av_one_full  flex_column_div av-zero-column-padding first  avia-builder-el-4  el_after_av_one_full  el_before_av_hr  column-top-margin\" style='border-radius:0px; '><section class=\"av_textblock_section \"  itemscope=\"itemscope\" itemtype=\"https:\/\/schema.org\/BlogPosting\" itemprop=\"blogPost\" ><div class='avia_textblock  '   itemprop=\"text\" ><p style=\"text-align: justify;\">La Seremi de Gobierno, Tatiana Pl\u00e1 \u00c1lvarez junto a su equipo de trabajo, se trasladaron hasta el sur de la regi\u00f3n, recorrido que incluy\u00f3: Chile Chico, Puerto Guadal, Cochrane y Puerto R\u00edo Tranquilo donde se reunieron con diversas organizaciones sociales y medios de comunicaci\u00f3n para hacer difusi\u00f3n y capacitaci\u00f3n del Fondo de Medios y Fondo para Organizaciones Sociales.<\/p>\n<p style=\"text-align: justify;\">El mi\u00e9rcoles 22, se realiz\u00f3 una jornada de capacitaci\u00f3n y difusi\u00f3n del FFOIP, en el auditorio de la municipalidad de Chile Chico, para todas las organizaciones sociales, sin fines de lucro, interesadas en postular a la convocatoria 2023. La actividad cont\u00f3 con el apoyo y participaci\u00f3n del Delegado Presidencial Provincial, Crist\u00f3bal Barcel\u00f3 y Santos Sep\u00falveda, representante del alcalde de Chile Chico, Luperciano Mu\u00f1oz.<\/p>\n<p style=\"text-align: justify;\">La vocera de Gobierno de la regi\u00f3n de Ays\u00e9n, se\u00f1al\u00f3: \u201cHoy estamos terminando esta gira por el sur de la regi\u00f3n, en la localidad de Puerto Tranquilo, donde realizamos el \u00faltimo taller de capacitaci\u00f3n para postular a los Fondos FFOIP 2023. Hemos recorrido las provincias General Carrera y Capit\u00e1n Prat porque nuestra meta como SEREMI de Gobierno era estar en las cuatro provincias, lo que hemos logrado esta semana. Nos hemos reunido con muchas organizaciones, en localidades apartadas de la capital regional, donde sus habitantes nos agradecieron haber llegado con la informaci\u00f3n del Fondo de Medios y del Fondo para Organizaciones Sociales, queremos que los vecinos y vecinas de la regi\u00f3n nos identifiquen como una SEREMI de Gobierno en terreno\u201d.<\/p>\n<p style=\"text-align: justify;\">En este fondo concursable pueden participar juntas de vecinos, uniones comunales, organizaciones comunitarias funcionales, comunidades ind\u00edgenas, fundaciones, corporaciones, asociaciones de consumidores y cualquier otra organizaci\u00f3n que tenga la calidad de inter\u00e9s p\u00fablico.<\/p>\n<p style=\"text-align: justify;\">Gloria Jaramillo, dirigenta de la Junta de Vecinos de Rio Tranquilo se\u00f1al\u00f3: \u201cvinimos a participar pensando en presentar un proyecto para postular a este Fondo, para saber c\u00f3mo postular y definir con qu\u00e9 proyecto. Queremos postular con un proyecto de comida saludable y poder implementar nuestra cocina comunitaria, tenemos que ponernos de acuerdo entre los vecinos, pero estamos muy agradecidos por esta capacitaci\u00f3n\u201d.<\/p>\n<p style=\"text-align: justify;\">Las iniciativas que se pueden financiar con el FFOIP son: promoci\u00f3n del inter\u00e9s general en materia de derechos de la ciudadan\u00eda, asistencia social, educaci\u00f3n, salud, medio ambiente o cualquiera otra de bien com\u00fan, en especial las que tengan relaci\u00f3n con voluntariado.<\/p>\n<p style=\"text-align: justify;\">Laura Bero\u00edza, dirigenta de organizaci\u00f3n inclusiva de adultos mayores y personas con discapacidad de Puerto Guadal, destac\u00f3: \u201csomos nuevas en el rubro de las organizaciones, porque esta semana nos dieron reci\u00e9n la personalidad jur\u00eddica. Esta es una buena posibilidad de tener informaci\u00f3n para poder realizar cosas ac\u00e1, nos vamos con la explicaci\u00f3n clara de este Fondo y vamos a ver si podemos postular este a\u00f1o\u201d.<\/p>\n<p style=\"text-align: justify;\">Cabe se\u00f1alar, que el plazo de postulaci\u00f3n en papel vence el 31 de marzo, mientras que el plazo de postulaci\u00f3n en l\u00ednea (o sea, por internet) vence el 10 de abril. Las organizaciones interesadas pueden postular en <strong>https:\/\/fondodefortalecimiento.gob.cl<\/strong><\/p>\n<\/div><\/section><\/div><\/p>\n<div  style='height:50px' class='hr hr-invisible   avia-builder-el-6  el_after_av_one_full  el_before_av_social_share '><span class='hr-inner ' ><span class='hr-inner-style'><\/span><\/span><\/div>\n<div  class='av-social-sharing-box  avia-builder-el-7  el_after_av_hr  el_before_av_hr  '><div class='av-share-box'><h5 class='av-share-link-description av-no-toc '>Compartir esta noticia<\/h5><ul class='av-share-box-list noLightbox'><li class='av-share-link av-social-link-facebook' ><a target=\"_blank\" aria-label=\"Compartir en Facebook\" href='https:\/\/www.facebook.com\/sharer.php?u=https:\/\/radiorevelacionfm.cl\/?p=29325&#038;t=Encuentros%20con%20organizaciones%20sociales%20y%20medios%20de%20comunicaci%C3%B3n%20realiza%20Seremi%20de%20Gobierno%20en%20visita%20al%20sur%20de%20la%20regi%C3%B3n' aria-hidden='false' data-av_icon='\ue8f3' data-av_iconfont='entypo-fontello' title='' data-avia-related-tooltip='Compartir en Facebook' rel=\"noopener\"><span class='avia_hidden_link_text'>Compartir en Facebook<\/span><\/a><\/li><li class='av-share-link av-social-link-twitter' ><a target=\"_blank\" aria-label=\"Compartir en Twitter\" href='https:\/\/twitter.com\/share?text=Encuentros%20con%20organizaciones%20sociales%20y%20medios%20de%20comunicaci%C3%B3n%20realiza%20Seremi%20de%20Gobierno%20en%20visita%20al%20sur%20de%20la%20regi%C3%B3n&#038;url=https:\/\/radiorevelacionfm.cl\/?p=29325' aria-hidden='false' data-av_icon='\ue8f1' data-av_iconfont='entypo-fontello' title='' data-avia-related-tooltip='Compartir en Twitter' rel=\"noopener\"><span class='avia_hidden_link_text'>Compartir en Twitter<\/span><\/a><\/li><li class='av-share-link av-social-link-whatsapp' ><a target=\"_blank\" aria-label=\"Compartir en Whatsapp\" href='https:\/\/api.whatsapp.com\/send?text=https:\/\/radiorevelacionfm.cl\/?p=29325' aria-hidden='false' data-av_icon='\uf232' data-av_iconfont='entypo-fontello' title='' data-avia-related-tooltip='Compartir en Whatsapp' rel=\"noopener\"><span class='avia_hidden_link_text'>Compartir en Whatsapp<\/span><\/a><\/li><li class='av-share-link av-social-link-linkedin' ><a target=\"_blank\" aria-label=\"Compartir en LinkedIn\" href='https:\/\/linkedin.com\/shareArticle?mini=true&#038;title=Encuentros%20con%20organizaciones%20sociales%20y%20medios%20de%20comunicaci%C3%B3n%20realiza%20Seremi%20de%20Gobierno%20en%20visita%20al%20sur%20de%20la%20regi%C3%B3n&#038;url=https:\/\/radiorevelacionfm.cl\/?p=29325' aria-hidden='false' data-av_icon='\ue8fc' data-av_iconfont='entypo-fontello' title='' data-avia-related-tooltip='Compartir en LinkedIn' rel=\"noopener\"><span class='avia_hidden_link_text'>Compartir en LinkedIn<\/span><\/a><\/li><li class='av-share-link av-social-link-mail' ><a  aria-label=\"Compartir por correo\" href='mailto:?subject=Encuentros%20con%20organizaciones%20sociales%20y%20medios%20de%20comunicaci%C3%B3n%20realiza%20Seremi%20de%20Gobierno%20en%20visita%20al%20sur%20de%20la%20regi%C3%B3n&#038;body=https:\/\/radiorevelacionfm.cl\/?p=29325' aria-hidden='false' data-av_icon='\ue805' data-av_iconfont='entypo-fontello' title='' data-avia-related-tooltip='Compartir por correo'><span class='avia_hidden_link_text'>Compartir por correo<\/span><\/a><\/li><\/ul><\/div><\/div>\n<div  style='height:50px' class='hr hr-invisible   avia-builder-el-8  el_after_av_social_share  el_before_av_comments_list '><span class='hr-inner ' ><span class='hr-inner-style'><\/span><\/span><\/div>\n<div  class='av-buildercomment  av-blog-meta-html-info-disabled av-blog-meta-tag-disabled  '><\/div>\n","protected":false},"excerpt":{"rendered":"","protected":false},"author":1,"featured_media":29326,"comment_status":"open","ping_status":"open","sticky":false,"template":"","format":"standard","meta":{"footnotes":""},"categories":[38],"tags":[],"class_list":["post-29325","post","type-post","status-publish","format-standard","has-post-thumbnail","hentry","category-regional"],"jetpack_featured_media_url":"https:\/\/radiorevelacionfm.cl\/wp-content\/uploads\/2023\/03\/img_0390-1_optimized.jpg","_links":{"self":[{"href":"https:\/\/radiorevelacionfm.cl\/index.php?rest_route=\/wp\/v2\/posts\/29325","targetHints":{"allow":["GET"]}}],"collection":[{"href":"https:\/\/radiorevelacionfm.cl\/index.php?rest_route=\/wp\/v2\/posts"}],"about":[{"href":"https:\/\/radiorevelacionfm.cl\/index.php?rest_route=\/wp\/v2\/types\/post"}],"author":[{"embeddable":true,"href":"https:\/\/radiorevelacionfm.cl\/index.php?rest_route=\/wp\/v2\/users\/1"}],"replies":[{"embeddable":true,"href":"https:\/\/radiorevelacionfm.cl\/index.php?rest_route=%2Fwp%2Fv2%2Fcomments&post=29325"}],"version-history":[{"count":3,"href":"https:\/\/radiorevelacionfm.cl\/index.php?rest_route=\/wp\/v2\/posts\/29325\/revisions"}],"predecessor-version":[{"id":29332,"href":"https:\/\/radiorevelacionfm.cl\/index.php?rest_route=\/wp\/v2\/posts\/29325\/revisions\/29332"}],"wp:featuredmedia":[{"embeddable":true,"href":"https:\/\/radiorevelacionfm.cl\/index.php?rest_route=\/wp\/v2\/media\/29326"}],"wp:attachment":[{"href":"https:\/\/radiorevelacionfm.cl\/index.php?rest_route=%2Fwp%2Fv2%2Fmedia&parent=29325"}],"wp:term":[{"taxonomy":"category","embeddable":true,"href":"https:\/\/radiorevelacionfm.cl\/index.php?rest_route=%2Fwp%2Fv2%2Fcategories&post=29325"},{"taxonomy":"post_tag","embeddable":true,"href":"https:\/\/radiorevelacionfm.cl\/index.php?rest_route=%2Fwp%2Fv2%2Ftags&post=29325"}],"curies":[{"name":"wp","href":"https:\/\/api.w.org\/{rel}","templated":true}]}}