{"id":29321,"date":"2023-03-24T15:02:36","date_gmt":"2023-03-24T18:02:36","guid":{"rendered":"https:\/\/radiorevelacionfm.cl\/?p=29321"},"modified":"2023-03-24T15:02:36","modified_gmt":"2023-03-24T18:02:36","slug":"ag-campesinos-de-villa-ohiggins-diseno-de-nuevo-edificio-consistorial-reconoce-labor-de-trabajadores-y-es-un-aliciente-para-el-desarrollo-en-un-sector-de-la-region-que-es-muy-aislado","status":"publish","type":"post","link":"https:\/\/radiorevelacionfm.cl\/?p=29321","title":{"rendered":"AG Campesinos de Villa O\u00b4higgins: \u201cDise\u00f1o de nuevo edificio consistorial reconoce labor de trabajadores y es un aliciente para el desarrollo en un sector de la regi\u00f3n que es muy aislado\u201d"},"content":{"rendered":"<div class=\"flex_column av_one_full  flex_column_div av-zero-column-padding first  avia-builder-el-0  el_before_av_one_full  avia-builder-el-first  \" style='border-radius:0px; '><div  class='avia-image-container  av-styling-    avia-builder-el-1  avia-builder-el-no-sibling  avia-align-center '  itemprop=\"image\" itemscope=\"itemscope\" itemtype=\"https:\/\/schema.org\/ImageObject\"  ><div class='avia-image-container-inner'><div class='avia-image-overlay-wrap'><img decoding=\"async\" class='wp-image-29322 avia-img-lazy-loading-not-29322 avia_image' src=\"https:\/\/radiorevelacionfm.cl\/wp-content\/uploads\/2023\/03\/pac-arquitectura-03-1_optimized-1.jpg\" alt='' title='pac-arquitectura-03-(1)_optimized (1)' height=\"600\" width=\"1706\"  itemprop=\"thumbnailUrl\" srcset=\"https:\/\/radiorevelacionfm.cl\/wp-content\/uploads\/2023\/03\/pac-arquitectura-03-1_optimized-1.jpg 1706w, https:\/\/radiorevelacionfm.cl\/wp-content\/uploads\/2023\/03\/pac-arquitectura-03-1_optimized-1-300x106.jpg 300w, https:\/\/radiorevelacionfm.cl\/wp-content\/uploads\/2023\/03\/pac-arquitectura-03-1_optimized-1-1030x362.jpg 1030w, https:\/\/radiorevelacionfm.cl\/wp-content\/uploads\/2023\/03\/pac-arquitectura-03-1_optimized-1-768x270.jpg 768w, https:\/\/radiorevelacionfm.cl\/wp-content\/uploads\/2023\/03\/pac-arquitectura-03-1_optimized-1-1536x540.jpg 1536w, https:\/\/radiorevelacionfm.cl\/wp-content\/uploads\/2023\/03\/pac-arquitectura-03-1_optimized-1-1500x528.jpg 1500w, https:\/\/radiorevelacionfm.cl\/wp-content\/uploads\/2023\/03\/pac-arquitectura-03-1_optimized-1-705x248.jpg 705w, https:\/\/radiorevelacionfm.cl\/wp-content\/uploads\/2023\/03\/pac-arquitectura-03-1_optimized-1-450x158.jpg 450w, https:\/\/radiorevelacionfm.cl\/wp-content\/uploads\/2023\/03\/pac-arquitectura-03-1_optimized-1-600x211.jpg 600w\" sizes=\"(max-width: 1706px) 100vw, 1706px\" \/><\/div><\/div><\/div><\/div><div class=\"flex_column av_one_full  flex_column_div av-zero-column-padding first  avia-builder-el-2  el_after_av_one_full  el_before_av_one_full  column-top-margin\" style='border-radius:0px; '><section class=\"av_textblock_section \"  itemscope=\"itemscope\" itemtype=\"https:\/\/schema.org\/BlogPosting\" itemprop=\"blogPost\" ><div class='avia_textblock  '   itemprop=\"text\" ><p style=\"text-align: center;\"><strong><span style=\"font-size: 18pt;\">AG Campesinos de Villa O&#8217;Higgins: \u201cDise\u00f1o de nuevo edificio consistorial reconoce labor de trabajadores y es un aliciente para el desarrollo en un sector de la regi\u00f3n que es muy aislado\u201d<\/span><\/strong><\/p>\n<div id=\"gtx-trans\" style=\"position: absolute; left: -50px; top: 4.31534px;\">\n<div class=\"gtx-trans-icon\"><\/div>\n<\/div>\n<\/div><\/section><\/div><div class=\"flex_column av_one_full  flex_column_div av-zero-column-padding first  avia-builder-el-4  el_after_av_one_full  el_before_av_hr  column-top-margin\" style='border-radius:0px; '><section class=\"av_textblock_section \"  itemscope=\"itemscope\" itemtype=\"https:\/\/schema.org\/BlogPosting\" itemprop=\"blogPost\" ><div class='avia_textblock  '   itemprop=\"text\" ><p style=\"text-align: justify;\">\u201cYo trabaj\u00e9 muchos a\u00f1os en la municipalidad y la verdad es que el edificio que est\u00e1 hoy d\u00eda, es del a\u00f1o 1982, y se ha ido ampliando, pero no es digno para los trabajadores que requieren un espacio m\u00e1s adecuado para desarrollar mejor sus funciones y atenci\u00f3n a la comunidad. La cara de la comuna es la Municipalidad, as\u00ed que estamos contentos porque se est\u00e1 desarrollando el proyecto de edificio consistorial, el que sabemos est\u00e1 bastante avanzado. Este es un anhelo de toda la comunidad, porque para los pobladores ir a un municipio que sea bonito, agradable y acogedor, reconoce la labor del personal que ah\u00ed trabaja, as\u00ed como tambi\u00e9n es un aliciente para el desarrollo de la comunidad en un sector de la regi\u00f3n que es muy aislado\u201d, afirm\u00f3 Nora P\u00e9rez, miembro del Directorio de la AG de Campesinos de Villa O\u00b4Higgins e integrante de la C\u00e1mara de Turismo de Villa O\u00b4Higgins.<\/p>\n<p style=\"text-align: justify;\">Las palabras de Nora P\u00e9rez reflejan el resultado de la reuni\u00f3n de participaci\u00f3n ciudadana que la Direcci\u00f3n Regional de Arquitectura del Ministerio de Obras P\u00fablicas junto a la Consultora de Dise\u00f1o Tirado Ltda. realizaron recientemente en dependencias de la Municipalidad de Villa O\u00b4Higgins para dar a conocer los avances que el Dise\u00f1o del nuevo edificio consistorial presenta a la fecha.<\/p>\n<p style=\"text-align: justify;\">Sobre el particular, el Secretario Regional Ministerial de Obras P\u00fablicas, Patricio Sanhueza, destac\u00f3 esta iniciativa como una \u201coportunidad para reunirse con las vecinas y vecinos de Villa O\u00b4Higgins, el Alcalde Jos\u00e9 Fica G\u00f3mez, y el personal de la municipalidad, escucharlos y conversar acerca de este Dise\u00f1o que debido al lugar en donde se encuentra emplazado y necesidades de las personas que trabajan en \u00e9l, as\u00ed como de quienes lo visitan requiere caracter\u00edsticas especiales, \u00a0que en esta fase del proyecto ya est\u00e1n siendo incorporadas, por lo tanto agradecemos su experiencia y aportes los que siempre suman para mejorar la edificaci\u00f3n p\u00fablica que en el futuro utilizar\u00e1n. Este fue un encuentro con la comunidad muy positivo,\u00a0 en donde prim\u00f3 junto con trabajar mancomunadamente por el bienestar de todas y todos, descentralizar la gesti\u00f3n, para ir en apoyo de personas que habitan sectores muy alejados con Dise\u00f1os e infraestructura que en nuestro gobierno estamos dispuestos a abordar para mejorar su calidad de vida\u201d.<\/p>\n<p style=\"text-align: justify;\">As\u00ed lo refrend\u00f3 tambi\u00e9n la Directora Regional de Arquitectura del MOP Paola Az\u00f3car, quien indic\u00f3 que en la reuni\u00f3n mostraron los avances de la consultor\u00eda. \u201cHemos recibido los principales requerimientos que nos hizo el municipio en un inicio, momento en que tuvimos que reevaluar el proyecto, y finalmente hemos cumplido con un edificio que se ajusta a los requerimientos de sus usuarios y usuarias. Eso es lo importante para nosotros, poder responder adecuadamente a cada uno de los territorios y llegar con infraestructura p\u00fablica de calidad, que sea accesible y que permita mejorar la vida tanto de los funcionarios\/as como de los usuarios\/as de esta infraestructura. En esta oportunidad, tambi\u00e9n se conversaron con las autoridades municipales otros requerimientos de nuevos proyectos que pudiera abordar nuestra Direcci\u00f3n Regional de Arquitectura MOP\u201d.<\/p>\n<p style=\"text-align: justify;\">El Dise\u00f1o para reponer el edificio consistorial de la Municipalidad de O\u00b4Higgins presenta un avance de 50% en su ejecuci\u00f3n, considera una inversi\u00f3n del Gobierno Regional de Ays\u00e9n a trav\u00e9s del Fondo Nacional de Desarrollo Regional (FNDR) de $176 millones y se proyecta en 1.505,39 metros cuadrados en dos niveles. Utiliza madera como material predominante, lo que viene a reforzar una imagen urbana regional y de la localidad hacia el exterior, como as\u00ed tambi\u00e9n otorgando calidez a los espacios interiores, dejando a la vista \u00a0su estructura en base a m\u00f3dulos, que se combinan con espacios de doble altura y abalconamientos, obteniendo una fluidez espacial que permite una muy buena visibilidad e interacci\u00f3n entre recintos, y a su vez act\u00faa como regulador t\u00e9rmico pasivo, en el entendido que se genera un aprovechamiento de fachadas vidriadas, acumulando temperaturas que luego pueden circular al interior del edificio a trav\u00e9s de circulaciones cruzadas de aire.<\/p>\n<p style=\"text-align: justify;\">Al finalizar la reuni\u00f3n, el Administrador de la Municipalidad de Villa O\u00b4Higgins, Manuel Iduarte, junto con efectuar un balance de la reuni\u00f3n de participaci\u00f3n ciudadana tambi\u00e9n agradeci\u00f3 la presencia del SEREMI de Obras P\u00fablicas y su equipo t\u00e9cnico en la comuna,\u00a0 e indic\u00f3 \u00a0que \u201cla verdad es que es muy necesario contar con apoyo t\u00e9cnico del Estado en distintas \u00e1reas, tanto en infraestructura, protecci\u00f3n de riberas e infraestructura portuaria, porque de alguna manera el Estado se hace presente en estas zonas m\u00e1s aisladas y m\u00e1s apartadas en donde efectivamente los pobladores y la comunidad hacen Patria y se requiere un apoyo decidido del Estado en este sentido. As\u00ed que ojal\u00e1 que lo que se convers\u00f3 y las propuestas que la comunidad entreg\u00f3 se puedan materializar, ojal\u00e1 en breve plazo, porque eso de alguna manera es un apoyo y tambi\u00e9n es un aliciente a continuar con el desarrollo de estas comunidades\u201d.<\/p>\n<\/div><\/section><\/div><div  style='height:50px' class='hr hr-invisible   avia-builder-el-6  el_after_av_one_full  el_before_av_social_share '><span class='hr-inner ' ><span class='hr-inner-style'><\/span><\/span><\/div><\/p>\n<div  class='av-social-sharing-box  avia-builder-el-7  el_after_av_hr  el_before_av_hr  '><div class='av-share-box'><h5 class='av-share-link-description av-no-toc '>Compartir esta noticia<\/h5><ul class='av-share-box-list noLightbox'><li class='av-share-link av-social-link-facebook' ><a target=\"_blank\" aria-label=\"Compartir en Facebook\" href='https:\/\/www.facebook.com\/sharer.php?u=https:\/\/radiorevelacionfm.cl\/?p=29321&#038;t=AG%20Campesinos%20de%20Villa%20O%C2%B4higgins%3A%20%E2%80%9CDise%C3%B1o%20de%20nuevo%20edificio%20consistorial%20reconoce%20labor%20de%20trabajadores%20y%20es%20un%20aliciente%20para%20el%20desarrollo%20en%20un%20sector%20de%20la%20regi%C3%B3n%20que%20es%20muy%20aislado%E2%80%9D' aria-hidden='false' data-av_icon='\ue8f3' data-av_iconfont='entypo-fontello' title='' data-avia-related-tooltip='Compartir en Facebook' rel=\"noopener\"><span class='avia_hidden_link_text'>Compartir en Facebook<\/span><\/a><\/li><li class='av-share-link av-social-link-twitter' ><a target=\"_blank\" aria-label=\"Compartir en Twitter\" href='https:\/\/twitter.com\/share?text=AG%20Campesinos%20de%20Villa%20O%C2%B4higgins%3A%20%E2%80%9CDise%C3%B1o%20de%20nuevo%20edificio%20consistorial%20reconoce%20labor%20de%20trabajadores%20y%20es%20un%20aliciente%20para%20el%20desarrollo%20en%20un%20sector%20de%20la%20regi%C3%B3n%20que%20es%20muy%20aislado%E2%80%9D&#038;url=https:\/\/radiorevelacionfm.cl\/?p=29321' aria-hidden='false' data-av_icon='\ue8f1' data-av_iconfont='entypo-fontello' title='' data-avia-related-tooltip='Compartir en Twitter' rel=\"noopener\"><span class='avia_hidden_link_text'>Compartir en Twitter<\/span><\/a><\/li><li class='av-share-link av-social-link-whatsapp' ><a target=\"_blank\" aria-label=\"Compartir en Whatsapp\" href='https:\/\/api.whatsapp.com\/send?text=https:\/\/radiorevelacionfm.cl\/?p=29321' aria-hidden='false' data-av_icon='\uf232' data-av_iconfont='entypo-fontello' title='' data-avia-related-tooltip='Compartir en Whatsapp' rel=\"noopener\"><span class='avia_hidden_link_text'>Compartir en Whatsapp<\/span><\/a><\/li><li class='av-share-link av-social-link-linkedin' ><a target=\"_blank\" aria-label=\"Compartir en LinkedIn\" href='https:\/\/linkedin.com\/shareArticle?mini=true&#038;title=AG%20Campesinos%20de%20Villa%20O%C2%B4higgins%3A%20%E2%80%9CDise%C3%B1o%20de%20nuevo%20edificio%20consistorial%20reconoce%20labor%20de%20trabajadores%20y%20es%20un%20aliciente%20para%20el%20desarrollo%20en%20un%20sector%20de%20la%20regi%C3%B3n%20que%20es%20muy%20aislado%E2%80%9D&#038;url=https:\/\/radiorevelacionfm.cl\/?p=29321' aria-hidden='false' data-av_icon='\ue8fc' data-av_iconfont='entypo-fontello' title='' data-avia-related-tooltip='Compartir en LinkedIn' rel=\"noopener\"><span class='avia_hidden_link_text'>Compartir en LinkedIn<\/span><\/a><\/li><li class='av-share-link av-social-link-mail' ><a  aria-label=\"Compartir por correo\" href='mailto:?subject=AG%20Campesinos%20de%20Villa%20O%C2%B4higgins%3A%20%E2%80%9CDise%C3%B1o%20de%20nuevo%20edificio%20consistorial%20reconoce%20labor%20de%20trabajadores%20y%20es%20un%20aliciente%20para%20el%20desarrollo%20en%20un%20sector%20de%20la%20regi%C3%B3n%20que%20es%20muy%20aislado%E2%80%9D&#038;body=https:\/\/radiorevelacionfm.cl\/?p=29321' aria-hidden='false' data-av_icon='\ue805' data-av_iconfont='entypo-fontello' title='' data-avia-related-tooltip='Compartir por correo'><span class='avia_hidden_link_text'>Compartir por correo<\/span><\/a><\/li><\/ul><\/div><\/div>\n<div  style='height:50px' class='hr hr-invisible   avia-builder-el-8  el_after_av_social_share  el_before_av_comments_list '><span class='hr-inner ' ><span class='hr-inner-style'><\/span><\/span><\/div>\n<div  class='av-buildercomment  av-blog-meta-html-info-disabled av-blog-meta-tag-disabled  '><\/div>\n","protected":false},"excerpt":{"rendered":"","protected":false},"author":1,"featured_media":29322,"comment_status":"open","ping_status":"open","sticky":false,"template":"","format":"standard","meta":{"footnotes":""},"categories":[38],"tags":[],"class_list":["post-29321","post","type-post","status-publish","format-standard","has-post-thumbnail","hentry","category-regional"],"jetpack_featured_media_url":"https:\/\/radiorevelacionfm.cl\/wp-content\/uploads\/2023\/03\/pac-arquitectura-03-1_optimized-1.jpg","_links":{"self":[{"href":"https:\/\/radiorevelacionfm.cl\/index.php?rest_route=\/wp\/v2\/posts\/29321","targetHints":{"allow":["GET"]}}],"collection":[{"href":"https:\/\/radiorevelacionfm.cl\/index.php?rest_route=\/wp\/v2\/posts"}],"about":[{"href":"https:\/\/radiorevelacionfm.cl\/index.php?rest_route=\/wp\/v2\/types\/post"}],"author":[{"embeddable":true,"href":"https:\/\/radiorevelacionfm.cl\/index.php?rest_route=\/wp\/v2\/users\/1"}],"replies":[{"embeddable":true,"href":"https:\/\/radiorevelacionfm.cl\/index.php?rest_route=%2Fwp%2Fv2%2Fcomments&post=29321"}],"version-history":[{"count":2,"href":"https:\/\/radiorevelacionfm.cl\/index.php?rest_route=\/wp\/v2\/posts\/29321\/revisions"}],"predecessor-version":[{"id":29324,"href":"https:\/\/radiorevelacionfm.cl\/index.php?rest_route=\/wp\/v2\/posts\/29321\/revisions\/29324"}],"wp:featuredmedia":[{"embeddable":true,"href":"https:\/\/radiorevelacionfm.cl\/index.php?rest_route=\/wp\/v2\/media\/29322"}],"wp:attachment":[{"href":"https:\/\/radiorevelacionfm.cl\/index.php?rest_route=%2Fwp%2Fv2%2Fmedia&parent=29321"}],"wp:term":[{"taxonomy":"category","embeddable":true,"href":"https:\/\/radiorevelacionfm.cl\/index.php?rest_route=%2Fwp%2Fv2%2Fcategories&post=29321"},{"taxonomy":"post_tag","embeddable":true,"href":"https:\/\/radiorevelacionfm.cl\/index.php?rest_route=%2Fwp%2Fv2%2Ftags&post=29321"}],"curies":[{"name":"wp","href":"https:\/\/api.w.org\/{rel}","templated":true}]}}