{"id":29315,"date":"2023-03-24T17:30:44","date_gmt":"2023-03-24T20:30:44","guid":{"rendered":"https:\/\/radiorevelacionfm.cl\/?p=29315"},"modified":"2023-03-24T17:31:04","modified_gmt":"2023-03-24T20:31:04","slug":"directora-nacional-de-junaeb-visita-escuelas-gabriela-mistral-y-despertar-en-puerto-aysen","status":"publish","type":"post","link":"https:\/\/radiorevelacionfm.cl\/?p=29315","title":{"rendered":"Directora nacional de JUNAEB visita escuelas Gabriela Mistral y Despertar en Puerto Ays\u00e9n"},"content":{"rendered":"<div class=\"flex_column av_one_full  flex_column_div av-zero-column-padding first  avia-builder-el-0  el_before_av_one_full  avia-builder-el-first  \" style='border-radius:0px; '><div  class='avia-image-container  av-styling-    avia-builder-el-1  avia-builder-el-no-sibling  avia-align-center '  itemprop=\"image\" itemscope=\"itemscope\" itemtype=\"https:\/\/schema.org\/ImageObject\"  ><div class='avia-image-container-inner'><div class='avia-image-overlay-wrap'><img decoding=\"async\" class='wp-image-29316 avia-img-lazy-loading-not-29316 avia_image' src=\"https:\/\/radiorevelacionfm.cl\/wp-content\/uploads\/2023\/03\/330280626_178167698355000_4827315827207042163_n-1_optimized-1.jpg\" alt='' title='330280626_178167698355000_4827315827207042163_n-(1)_optimized (1)' height=\"600\" width=\"1333\"  itemprop=\"thumbnailUrl\" srcset=\"https:\/\/radiorevelacionfm.cl\/wp-content\/uploads\/2023\/03\/330280626_178167698355000_4827315827207042163_n-1_optimized-1.jpg 1333w, https:\/\/radiorevelacionfm.cl\/wp-content\/uploads\/2023\/03\/330280626_178167698355000_4827315827207042163_n-1_optimized-1-300x135.jpg 300w, https:\/\/radiorevelacionfm.cl\/wp-content\/uploads\/2023\/03\/330280626_178167698355000_4827315827207042163_n-1_optimized-1-1030x464.jpg 1030w, https:\/\/radiorevelacionfm.cl\/wp-content\/uploads\/2023\/03\/330280626_178167698355000_4827315827207042163_n-1_optimized-1-768x346.jpg 768w, https:\/\/radiorevelacionfm.cl\/wp-content\/uploads\/2023\/03\/330280626_178167698355000_4827315827207042163_n-1_optimized-1-705x317.jpg 705w, https:\/\/radiorevelacionfm.cl\/wp-content\/uploads\/2023\/03\/330280626_178167698355000_4827315827207042163_n-1_optimized-1-450x203.jpg 450w, https:\/\/radiorevelacionfm.cl\/wp-content\/uploads\/2023\/03\/330280626_178167698355000_4827315827207042163_n-1_optimized-1-600x270.jpg 600w\" sizes=\"(max-width: 1333px) 100vw, 1333px\" \/><\/div><\/div><\/div><\/div><div class=\"flex_column av_one_full  flex_column_div av-zero-column-padding first  avia-builder-el-2  el_after_av_one_full  el_before_av_one_full  column-top-margin\" style='border-radius:0px; '><section class=\"av_textblock_section \"  itemscope=\"itemscope\" itemtype=\"https:\/\/schema.org\/BlogPosting\" itemprop=\"blogPost\" ><div class='avia_textblock  '   itemprop=\"text\" ><p style=\"text-align: center;\"><span style=\"font-size: 18pt;\"><strong>Directora nacional de JUNAEB visita escuelas Gabriela Mistral y Despertar en Puerto Ays\u00e9n<\/strong><\/span><\/p>\n<div id=\"gtx-trans\" style=\"position: absolute; left: -50px; top: 4.31534px;\">\n<div class=\"gtx-trans-icon\"><\/div>\n<\/div>\n<\/div><\/section><\/div><div class=\"flex_column av_one_full  flex_column_div av-zero-column-padding first  avia-builder-el-4  el_after_av_one_full  el_before_av_hr  column-top-margin\" style='border-radius:0px; '><section class=\"av_textblock_section \"  itemscope=\"itemscope\" itemtype=\"https:\/\/schema.org\/BlogPosting\" itemprop=\"blogPost\" ><div class='avia_textblock  '   itemprop=\"text\" ><p style=\"text-align: justify;\">Conocer en terreno el funcionamiento del programa de alimentaci\u00f3n escolar, PAE, as\u00ed como realizar la entrega de computadores a estudiantes en el marco de las Becas TIC, fue el objetivo de la visita que este jueves llevo a cabo la directora nacional de la Junta de Auxilio Escolar y Becas, JUNAEB, Camila Rubio, en su paso por Puerto Ays\u00e9n.<\/p>\n<p style=\"text-align: justify;\">De esta manera, el itinerario inici\u00f3 en la escuela Poetisa Gabriela Mistral, donde lleg\u00f3 acompa\u00f1ada del director regional de la instituci\u00f3n Manuel Vivar y seremi de Educaci\u00f3n, Isabel Garrido, siendo recibidos por el alcalde aysenino, Julio Uribe y el director del establecimiento, Marceo Marchant.<\/p>\n<p style=\"text-align: justify;\">En la instancia, recorrieron la escuela y conversaron con la comunidad escolar, para luego dirigirse hasta el sector Comedor y verificar la implementaci\u00f3n del PAE 2023.<\/p>\n<p style=\"text-align: justify;\">Posteriormente, la comitiva se traslad\u00f3 hasta la escuela Despertar, en el sector sur de la ciudad, donde se realiz\u00f3 la ceremonia de entrega de computadores port\u00e1tiles, en el marco de las Becas TIC, a los estudiantes Benjam\u00edn Andrade, Yeray Gonz\u00e1lez, Cristian Aldea y Juan Gatica, quienes se mostraron felices por esta importante adquisici\u00f3n.<\/p>\n<p style=\"text-align: justify;\">\u201cNos pone felices visitar la regi\u00f3n, que nos haya acompa\u00f1ado el alcalde, que nos mostr\u00f3 su compromiso con la educaci\u00f3n a trav\u00e9s de las distintas iniciativas y programas que est\u00e1n implementando. Vimos c\u00f3mo esta funcionando el programa de alimentaci\u00f3n escolar. Igualmente, la entrega de cuatro computadores, que adem\u00e1s est\u00e1 complementado por un set de herramientas que van a permitir la accesibilidad de una mejor manera para sacar el m\u00e1ximo de provecho\u201d, manifest\u00f3 la directora nacional.<\/p>\n<p style=\"text-align: justify;\">La autoridad dio cuenta de la relevancia del programa Becas TIC, que este 2023 significar\u00e1 la entrega total de 144 mil pc en todo el territorio nacional. \u201cEs muy importante ver en terreno las necesidades, as\u00ed como entregar estos computadores, que tienen como objetivo disminuir la brecha, poder acercarnos, aumentar la conectividad y claro, generando inclusi\u00f3n territorial desde las escuelas\u201d.<\/p>\n<p style=\"text-align: justify;\">Por su parte, el alcalde Julio Uribe, relev\u00f3 que \u201cestas alianzas son fundamentales. Trabajar en equipo, interinstitucionalmente. Esos lazos que se forman son maravillosos porque significan que se pueden conseguir mejores y mayores beneficios para nuestros estudiantes\u201d.<\/p>\n<p style=\"text-align: justify;\">\u201cCreo que esta es una instancia imperdible para mostrar nuestros establecimientos, las condiciones en que se encuentran. El trabajo que hemos estado realizando, el cual la directora ha destacado. Y tener la oportunidad de contarle respecto a las tareas pendientes y desaf\u00edos, como son hoy los cupos de las becas y la necesidad de una alimentaci\u00f3n especial para nuestros ni\u00f1os con TEA dada su sensibilidad con algunos alimentos\u201d, explic\u00f3.<\/p>\n<p style=\"text-align: justify;\">Finalmente, la seremi de educaci\u00f3n, Isabel Garrido, enfatiz\u00f3 el importante rol que cumple JUNAEB en el \u00e1mbito educacional. \u201cEsta es una instituci\u00f3n esencial para resguardar la continuidad de los procesos educativos, que es asegurar que los ni\u00f1os tengan todas las condiciones para poder estudiar y enfocarse s\u00f3lo en eso de manera \u00f3ptima, lo cual va de la mano con nuestro objetivo este 2023, que es la reactivaci\u00f3n educativa\u201d, cerr\u00f3.<\/p>\n<\/div><\/section><\/div><div  style='height:50px' class='hr hr-invisible   avia-builder-el-6  el_after_av_one_full  el_before_av_social_share '><span class='hr-inner ' ><span class='hr-inner-style'><\/span><\/span><\/div><\/p>\n<div  class='av-social-sharing-box  avia-builder-el-7  el_after_av_hr  el_before_av_hr  '><div class='av-share-box'><h5 class='av-share-link-description av-no-toc '>Compartir esta noticia<\/h5><ul class='av-share-box-list noLightbox'><li class='av-share-link av-social-link-facebook' ><a target=\"_blank\" aria-label=\"Compartir en Facebook\" href='https:\/\/www.facebook.com\/sharer.php?u=https:\/\/radiorevelacionfm.cl\/?p=29315&#038;t=Directora%20nacional%20de%20JUNAEB%20visita%20escuelas%20Gabriela%20Mistral%20y%20Despertar%20en%20Puerto%20Ays%C3%A9n' aria-hidden='false' data-av_icon='\ue8f3' data-av_iconfont='entypo-fontello' title='' data-avia-related-tooltip='Compartir en Facebook' rel=\"noopener\"><span class='avia_hidden_link_text'>Compartir en Facebook<\/span><\/a><\/li><li class='av-share-link av-social-link-twitter' ><a target=\"_blank\" aria-label=\"Compartir en Twitter\" href='https:\/\/twitter.com\/share?text=Directora%20nacional%20de%20JUNAEB%20visita%20escuelas%20Gabriela%20Mistral%20y%20Despertar%20en%20Puerto%20Ays%C3%A9n&#038;url=https:\/\/radiorevelacionfm.cl\/?p=29315' aria-hidden='false' data-av_icon='\ue8f1' data-av_iconfont='entypo-fontello' title='' data-avia-related-tooltip='Compartir en Twitter' rel=\"noopener\"><span class='avia_hidden_link_text'>Compartir en Twitter<\/span><\/a><\/li><li class='av-share-link av-social-link-whatsapp' ><a target=\"_blank\" aria-label=\"Compartir en Whatsapp\" href='https:\/\/api.whatsapp.com\/send?text=https:\/\/radiorevelacionfm.cl\/?p=29315' aria-hidden='false' data-av_icon='\uf232' data-av_iconfont='entypo-fontello' title='' data-avia-related-tooltip='Compartir en Whatsapp' rel=\"noopener\"><span class='avia_hidden_link_text'>Compartir en Whatsapp<\/span><\/a><\/li><li class='av-share-link av-social-link-linkedin' ><a target=\"_blank\" aria-label=\"Compartir en LinkedIn\" href='https:\/\/linkedin.com\/shareArticle?mini=true&#038;title=Directora%20nacional%20de%20JUNAEB%20visita%20escuelas%20Gabriela%20Mistral%20y%20Despertar%20en%20Puerto%20Ays%C3%A9n&#038;url=https:\/\/radiorevelacionfm.cl\/?p=29315' aria-hidden='false' data-av_icon='\ue8fc' data-av_iconfont='entypo-fontello' title='' data-avia-related-tooltip='Compartir en LinkedIn' rel=\"noopener\"><span class='avia_hidden_link_text'>Compartir en LinkedIn<\/span><\/a><\/li><li class='av-share-link av-social-link-mail' ><a  aria-label=\"Compartir por correo\" href='mailto:?subject=Directora%20nacional%20de%20JUNAEB%20visita%20escuelas%20Gabriela%20Mistral%20y%20Despertar%20en%20Puerto%20Ays%C3%A9n&#038;body=https:\/\/radiorevelacionfm.cl\/?p=29315' aria-hidden='false' data-av_icon='\ue805' data-av_iconfont='entypo-fontello' title='' data-avia-related-tooltip='Compartir por correo'><span class='avia_hidden_link_text'>Compartir por correo<\/span><\/a><\/li><\/ul><\/div><\/div>\n<div  style='height:50px' class='hr hr-invisible   avia-builder-el-8  el_after_av_social_share  el_before_av_comments_list '><span class='hr-inner ' ><span class='hr-inner-style'><\/span><\/span><\/div>\n<div  class='av-buildercomment  av-blog-meta-html-info-disabled av-blog-meta-tag-disabled  '><\/div>\n","protected":false},"excerpt":{"rendered":"","protected":false},"author":1,"featured_media":29316,"comment_status":"open","ping_status":"open","sticky":false,"template":"","format":"standard","meta":{"footnotes":""},"categories":[38],"tags":[],"class_list":["post-29315","post","type-post","status-publish","format-standard","has-post-thumbnail","hentry","category-regional"],"jetpack_featured_media_url":"https:\/\/radiorevelacionfm.cl\/wp-content\/uploads\/2023\/03\/330280626_178167698355000_4827315827207042163_n-1_optimized-1.jpg","_links":{"self":[{"href":"https:\/\/radiorevelacionfm.cl\/index.php?rest_route=\/wp\/v2\/posts\/29315","targetHints":{"allow":["GET"]}}],"collection":[{"href":"https:\/\/radiorevelacionfm.cl\/index.php?rest_route=\/wp\/v2\/posts"}],"about":[{"href":"https:\/\/radiorevelacionfm.cl\/index.php?rest_route=\/wp\/v2\/types\/post"}],"author":[{"embeddable":true,"href":"https:\/\/radiorevelacionfm.cl\/index.php?rest_route=\/wp\/v2\/users\/1"}],"replies":[{"embeddable":true,"href":"https:\/\/radiorevelacionfm.cl\/index.php?rest_route=%2Fwp%2Fv2%2Fcomments&post=29315"}],"version-history":[{"count":1,"href":"https:\/\/radiorevelacionfm.cl\/index.php?rest_route=\/wp\/v2\/posts\/29315\/revisions"}],"predecessor-version":[{"id":29317,"href":"https:\/\/radiorevelacionfm.cl\/index.php?rest_route=\/wp\/v2\/posts\/29315\/revisions\/29317"}],"wp:featuredmedia":[{"embeddable":true,"href":"https:\/\/radiorevelacionfm.cl\/index.php?rest_route=\/wp\/v2\/media\/29316"}],"wp:attachment":[{"href":"https:\/\/radiorevelacionfm.cl\/index.php?rest_route=%2Fwp%2Fv2%2Fmedia&parent=29315"}],"wp:term":[{"taxonomy":"category","embeddable":true,"href":"https:\/\/radiorevelacionfm.cl\/index.php?rest_route=%2Fwp%2Fv2%2Fcategories&post=29315"},{"taxonomy":"post_tag","embeddable":true,"href":"https:\/\/radiorevelacionfm.cl\/index.php?rest_route=%2Fwp%2Fv2%2Ftags&post=29315"}],"curies":[{"name":"wp","href":"https:\/\/api.w.org\/{rel}","templated":true}]}}