{"id":29303,"date":"2023-03-23T19:21:54","date_gmt":"2023-03-23T22:21:54","guid":{"rendered":"https:\/\/radiorevelacionfm.cl\/?p=29303"},"modified":"2023-03-23T19:21:54","modified_gmt":"2023-03-23T22:21:54","slug":"desarticulan-organizacion-criminal-que-pretendia-internar-cocaina-y-marihuana-a-la-region-de-aysen","status":"publish","type":"post","link":"https:\/\/radiorevelacionfm.cl\/?p=29303","title":{"rendered":"Desarticulan organizaci\u00f3n criminal que pretend\u00eda internar coca\u00edna y marihuana a la regi\u00f3n de Ays\u00e9n"},"content":{"rendered":"<div class=\"flex_column av_one_full  flex_column_div av-zero-column-padding first  avia-builder-el-0  el_before_av_one_full  avia-builder-el-first  \" style='border-radius:0px; '><div  class='avia-image-container  av-styling-    avia-builder-el-1  avia-builder-el-no-sibling  avia-align-center '  itemprop=\"image\" itemscope=\"itemscope\" itemtype=\"https:\/\/schema.org\/ImageObject\"  ><div class='avia-image-container-inner'><div class='avia-image-overlay-wrap'><img decoding=\"async\" class='wp-image-29304 avia-img-lazy-loading-not-29304 avia_image' src=\"https:\/\/radiorevelacionfm.cl\/wp-content\/uploads\/2023\/03\/ec7ec98d-12a4-41e5-a4b6-80293ab0f2c2-1_optimized.jpg\" alt='' title='ec7ec98d-12a4-41e5-a4b6-80293ab0f2c2-(1)_optimized' height=\"600\" width=\"701\"  itemprop=\"thumbnailUrl\" srcset=\"https:\/\/radiorevelacionfm.cl\/wp-content\/uploads\/2023\/03\/ec7ec98d-12a4-41e5-a4b6-80293ab0f2c2-1_optimized.jpg 701w, https:\/\/radiorevelacionfm.cl\/wp-content\/uploads\/2023\/03\/ec7ec98d-12a4-41e5-a4b6-80293ab0f2c2-1_optimized-300x257.jpg 300w, https:\/\/radiorevelacionfm.cl\/wp-content\/uploads\/2023\/03\/ec7ec98d-12a4-41e5-a4b6-80293ab0f2c2-1_optimized-600x514.jpg 600w\" sizes=\"(max-width: 701px) 100vw, 701px\" \/><\/div><\/div><\/div><\/div><div class=\"flex_column av_one_full  flex_column_div av-zero-column-padding first  avia-builder-el-2  el_after_av_one_full  el_before_av_one_full  column-top-margin\" style='border-radius:0px; '><section class=\"av_textblock_section \"  itemscope=\"itemscope\" itemtype=\"https:\/\/schema.org\/BlogPosting\" itemprop=\"blogPost\" ><div class='avia_textblock  '   itemprop=\"text\" ><p style=\"text-align: center;\"><strong><span style=\"font-size: 18pt;\">Desarticulan organizaci\u00f3n criminal que pretend\u00eda internar coca\u00edna y marihuana a la regi\u00f3n de Ays\u00e9n<\/span><\/strong><\/p>\n<div id=\"gtx-trans\" style=\"position: absolute; left: -50px; top: 4.31534px;\">\n<div class=\"gtx-trans-icon\"><\/div>\n<\/div>\n<\/div><\/section><\/div><div class=\"flex_column av_one_full  flex_column_div av-zero-column-padding first  avia-builder-el-4  el_after_av_one_full  el_before_av_hr  column-top-margin\" style='border-radius:0px; '><section class=\"av_textblock_section \"  itemscope=\"itemscope\" itemtype=\"https:\/\/schema.org\/BlogPosting\" itemprop=\"blogPost\" ><div class='avia_textblock  '   itemprop=\"text\" ><p class=\"v1MsoNormal\" style=\"text-align: justify;\">Un equipo multidisciplinario de Carabineros integrado por la Secci\u00f3n OS-7, GOPE, 5ta. Comisar\u00eda C.O.P -apoyados por un can detector de drogas- y personal territorial, lograron desarticular una organizaci\u00f3n criminal que pretend\u00eda internar coca\u00edna y marihuana a la regi\u00f3n de Ays\u00e9n.<\/p>\n<p class=\"v1MsoNormal\" style=\"text-align: justify;\">La diligencia culmin\u00f3 con dos personas nacionales (uno de ellos con cuatro aprehensiones previas por robo y otros delitos) y un dominicano ingresado de manera ilegal a nuestro pa\u00eds.<\/p>\n<p class=\"v1MsoNormal\" style=\"text-align: justify;\"><b>Control carretero<\/b><\/p>\n<p class=\"v1MsoNormal\" style=\"text-align: justify;\">El procedimiento se origin\u00f3 tras un control vehicular con apoyo del can detector de drogas de la Secci\u00f3n OS-7 \u00abGazu\u00bb, ocasi\u00f3n en que dicho ejemplar detect\u00f3 la presencia de sustancias il\u00edcitas en el m\u00f3vil.<\/p>\n<p class=\"v1MsoNormal\" style=\"text-align: justify;\"><b>Indagatorias<\/b><\/p>\n<p class=\"v1MsoNormal\" style=\"text-align: justify;\">Los sujetos ingresaron a la regi\u00f3n a trav\u00e9s de la barcaza procedente desde la localidad de Hornopir\u00e9n (regi\u00f3n de Los Lagos), efectuando una fiscalizaci\u00f3n con apoyo de Carabineros de la Tenencia La Junta.<\/p>\n<p class=\"v1MsoNormal\" style=\"text-align: justify;\">Tras la revisi\u00f3n, el dispositivo -apoyado por las capacidades olfativas del can detector de drogas \u00abGazu\u00bb- se logr\u00f3 establecer que los sujetos ocultaban entre sus pertenencias dos paquetes contenedores de clorhidrato de coca\u00edna y marihuana.<\/p>\n<p class=\"v1MsoNormal\" style=\"text-align: justify;\">El procedimiento, desarrollado en coordinaci\u00f3n con la Fiscal\u00eda, contempl\u00f3 la materializaci\u00f3n de una orden de entrada y registro a dos inmuebles en la ciudad de Coyhaique, asociados a los imputados, diligencia materializada con apoyo del GOPE y de la 5ta. Comisar\u00eda de Control del Orden P\u00fablico (C.O.P).<\/p>\n<p class=\"v1MsoNormal\" style=\"text-align: justify;\">Dicha diligencia permiti\u00f3 sacar de circulaci\u00f3n 526 gramos de clorhidrato de coca\u00edna y 309 gramos de marihuana, paralelamente, carabineros incaut\u00f3 tres tel\u00e9fonos celulares y el veh\u00edculo en que se movilizaban.<\/p>\n<p class=\"v1MsoNormal\" style=\"text-align: justify;\"><b>Labor a\u00f1o 2022<\/b><\/p>\n<p class=\"v1MsoNormal\" style=\"text-align: justify;\">Cabe consignar que durante el transcurso del a\u00f1o 2022, Carabineros de dotaci\u00f3n de la Secci\u00f3n OS-7 Ays\u00e9n en conjunto con el Ministerio P\u00fablico -y el trabajo de los canes detectores de drogas Dala y Gazu- detuvo a 123 personas por delitos contemplados en la Ley de Drogas N\u00b0 20.000, logrando desbaratar 5 organizaciones y bandas criminales dedicadas al tr\u00e1fico de drogas que operaban en la regi\u00f3n de Ays\u00e9n.<\/p>\n<p class=\"v1MsoNormal\" style=\"text-align: justify;\">Producto de las diversas intervenciones, el personal especializado desarroll\u00f3 durante el a\u00f1o reci\u00e9n pasado, un total de 68 allanamientos, logrando sacar de circulaci\u00f3n 150 mil dosis de clorhidrato de coca\u00edna, marihuana, plantas de cannabis sativa, ketamina, 25i-NBOMe, hongos alucin\u00f3genos y f\u00e1rmacos, por un aval\u00fao de 880 millones de pesos aproximadamente.<\/p>\n<\/div><\/section><\/div><div  style='height:50px' class='hr hr-invisible   avia-builder-el-6  el_after_av_one_full  el_before_av_social_share '><span class='hr-inner ' ><span class='hr-inner-style'><\/span><\/span><\/div><\/p>\n<div  class='av-social-sharing-box  avia-builder-el-7  el_after_av_hr  el_before_av_hr  '><div class='av-share-box'><h5 class='av-share-link-description av-no-toc '>Compartir esta noticia<\/h5><ul class='av-share-box-list noLightbox'><li class='av-share-link av-social-link-facebook' ><a target=\"_blank\" aria-label=\"Compartir en Facebook\" href='https:\/\/www.facebook.com\/sharer.php?u=https:\/\/radiorevelacionfm.cl\/?p=29303&#038;t=Desarticulan%20organizaci%C3%B3n%20criminal%20que%20pretend%C3%ADa%20internar%20coca%C3%ADna%20y%20marihuana%20a%20la%20regi%C3%B3n%20de%20Ays%C3%A9n' aria-hidden='false' data-av_icon='\ue8f3' data-av_iconfont='entypo-fontello' title='' data-avia-related-tooltip='Compartir en Facebook' rel=\"noopener\"><span class='avia_hidden_link_text'>Compartir en Facebook<\/span><\/a><\/li><li class='av-share-link av-social-link-twitter' ><a target=\"_blank\" aria-label=\"Compartir en Twitter\" href='https:\/\/twitter.com\/share?text=Desarticulan%20organizaci%C3%B3n%20criminal%20que%20pretend%C3%ADa%20internar%20coca%C3%ADna%20y%20marihuana%20a%20la%20regi%C3%B3n%20de%20Ays%C3%A9n&#038;url=https:\/\/radiorevelacionfm.cl\/?p=29303' aria-hidden='false' data-av_icon='\ue8f1' data-av_iconfont='entypo-fontello' title='' data-avia-related-tooltip='Compartir en Twitter' rel=\"noopener\"><span class='avia_hidden_link_text'>Compartir en Twitter<\/span><\/a><\/li><li class='av-share-link av-social-link-whatsapp' ><a target=\"_blank\" aria-label=\"Compartir en Whatsapp\" href='https:\/\/api.whatsapp.com\/send?text=https:\/\/radiorevelacionfm.cl\/?p=29303' aria-hidden='false' data-av_icon='\uf232' data-av_iconfont='entypo-fontello' title='' data-avia-related-tooltip='Compartir en Whatsapp' rel=\"noopener\"><span class='avia_hidden_link_text'>Compartir en Whatsapp<\/span><\/a><\/li><li class='av-share-link av-social-link-linkedin' ><a target=\"_blank\" aria-label=\"Compartir en LinkedIn\" href='https:\/\/linkedin.com\/shareArticle?mini=true&#038;title=Desarticulan%20organizaci%C3%B3n%20criminal%20que%20pretend%C3%ADa%20internar%20coca%C3%ADna%20y%20marihuana%20a%20la%20regi%C3%B3n%20de%20Ays%C3%A9n&#038;url=https:\/\/radiorevelacionfm.cl\/?p=29303' aria-hidden='false' data-av_icon='\ue8fc' data-av_iconfont='entypo-fontello' title='' data-avia-related-tooltip='Compartir en LinkedIn' rel=\"noopener\"><span class='avia_hidden_link_text'>Compartir en LinkedIn<\/span><\/a><\/li><li class='av-share-link av-social-link-mail' ><a  aria-label=\"Compartir por correo\" href='mailto:?subject=Desarticulan%20organizaci%C3%B3n%20criminal%20que%20pretend%C3%ADa%20internar%20coca%C3%ADna%20y%20marihuana%20a%20la%20regi%C3%B3n%20de%20Ays%C3%A9n&#038;body=https:\/\/radiorevelacionfm.cl\/?p=29303' aria-hidden='false' data-av_icon='\ue805' data-av_iconfont='entypo-fontello' title='' data-avia-related-tooltip='Compartir por correo'><span class='avia_hidden_link_text'>Compartir por correo<\/span><\/a><\/li><\/ul><\/div><\/div>\n<div  style='height:50px' class='hr hr-invisible   avia-builder-el-8  el_after_av_social_share  el_before_av_comments_list '><span class='hr-inner ' ><span class='hr-inner-style'><\/span><\/span><\/div>\n<div  class='av-buildercomment  av-blog-meta-html-info-disabled av-blog-meta-tag-disabled  '><\/div>\n","protected":false},"excerpt":{"rendered":"","protected":false},"author":1,"featured_media":29304,"comment_status":"open","ping_status":"open","sticky":false,"template":"","format":"standard","meta":{"footnotes":""},"categories":[36],"tags":[],"class_list":["post-29303","post","type-post","status-publish","format-standard","has-post-thumbnail","hentry","category-policial"],"jetpack_featured_media_url":"https:\/\/radiorevelacionfm.cl\/wp-content\/uploads\/2023\/03\/ec7ec98d-12a4-41e5-a4b6-80293ab0f2c2-1_optimized.jpg","_links":{"self":[{"href":"https:\/\/radiorevelacionfm.cl\/index.php?rest_route=\/wp\/v2\/posts\/29303","targetHints":{"allow":["GET"]}}],"collection":[{"href":"https:\/\/radiorevelacionfm.cl\/index.php?rest_route=\/wp\/v2\/posts"}],"about":[{"href":"https:\/\/radiorevelacionfm.cl\/index.php?rest_route=\/wp\/v2\/types\/post"}],"author":[{"embeddable":true,"href":"https:\/\/radiorevelacionfm.cl\/index.php?rest_route=\/wp\/v2\/users\/1"}],"replies":[{"embeddable":true,"href":"https:\/\/radiorevelacionfm.cl\/index.php?rest_route=%2Fwp%2Fv2%2Fcomments&post=29303"}],"version-history":[{"count":1,"href":"https:\/\/radiorevelacionfm.cl\/index.php?rest_route=\/wp\/v2\/posts\/29303\/revisions"}],"predecessor-version":[{"id":29305,"href":"https:\/\/radiorevelacionfm.cl\/index.php?rest_route=\/wp\/v2\/posts\/29303\/revisions\/29305"}],"wp:featuredmedia":[{"embeddable":true,"href":"https:\/\/radiorevelacionfm.cl\/index.php?rest_route=\/wp\/v2\/media\/29304"}],"wp:attachment":[{"href":"https:\/\/radiorevelacionfm.cl\/index.php?rest_route=%2Fwp%2Fv2%2Fmedia&parent=29303"}],"wp:term":[{"taxonomy":"category","embeddable":true,"href":"https:\/\/radiorevelacionfm.cl\/index.php?rest_route=%2Fwp%2Fv2%2Fcategories&post=29303"},{"taxonomy":"post_tag","embeddable":true,"href":"https:\/\/radiorevelacionfm.cl\/index.php?rest_route=%2Fwp%2Fv2%2Ftags&post=29303"}],"curies":[{"name":"wp","href":"https:\/\/api.w.org\/{rel}","templated":true}]}}