{"id":29298,"date":"2023-03-23T19:09:01","date_gmt":"2023-03-23T22:09:01","guid":{"rendered":"https:\/\/radiorevelacionfm.cl\/?p=29298"},"modified":"2023-03-23T19:09:01","modified_gmt":"2023-03-23T22:09:01","slug":"en-abril-transbordador-la-tehuelche-detendra-operaciones-para-instalar-nuevo-bote-de-rescate-y-pescante","status":"publish","type":"post","link":"https:\/\/radiorevelacionfm.cl\/?p=29298","title":{"rendered":"En abril transbordador La Tehuelche detendr\u00e1 operaciones para instalar nuevo bote de rescate y pescante"},"content":{"rendered":"<div class=\"flex_column av_one_full  flex_column_div av-zero-column-padding first  avia-builder-el-0  el_before_av_one_full  avia-builder-el-first  \" style='border-radius:0px; '><div  class='avia-image-container  av-styling-    avia-builder-el-1  avia-builder-el-no-sibling  avia-align-center '  itemprop=\"image\" itemscope=\"itemscope\" itemtype=\"https:\/\/schema.org\/ImageObject\"  ><div class='avia-image-container-inner'><div class='avia-image-overlay-wrap'><img decoding=\"async\" class='wp-image-29299 avia-img-lazy-loading-not-29299 avia_image' src=\"https:\/\/radiorevelacionfm.cl\/wp-content\/uploads\/2023\/03\/NAVE-LATEHUELCHE-1-1.jpg\" alt='' title='NAVE-LATEHUELCHE (1) (1)' height=\"600\" width=\"1065\"  itemprop=\"thumbnailUrl\" srcset=\"https:\/\/radiorevelacionfm.cl\/wp-content\/uploads\/2023\/03\/NAVE-LATEHUELCHE-1-1.jpg 1065w, https:\/\/radiorevelacionfm.cl\/wp-content\/uploads\/2023\/03\/NAVE-LATEHUELCHE-1-1-300x169.jpg 300w, https:\/\/radiorevelacionfm.cl\/wp-content\/uploads\/2023\/03\/NAVE-LATEHUELCHE-1-1-1030x580.jpg 1030w, https:\/\/radiorevelacionfm.cl\/wp-content\/uploads\/2023\/03\/NAVE-LATEHUELCHE-1-1-768x433.jpg 768w, https:\/\/radiorevelacionfm.cl\/wp-content\/uploads\/2023\/03\/NAVE-LATEHUELCHE-1-1-705x397.jpg 705w, https:\/\/radiorevelacionfm.cl\/wp-content\/uploads\/2023\/03\/NAVE-LATEHUELCHE-1-1-600x338.jpg 600w\" sizes=\"(max-width: 1065px) 100vw, 1065px\" \/><\/div><\/div><\/div><\/div><div class=\"flex_column av_one_full  flex_column_div av-zero-column-padding first  avia-builder-el-2  el_after_av_one_full  el_before_av_one_full  column-top-margin\" style='border-radius:0px; '><section class=\"av_textblock_section \"  itemscope=\"itemscope\" itemtype=\"https:\/\/schema.org\/BlogPosting\" itemprop=\"blogPost\" ><div class='avia_textblock  '   itemprop=\"text\" ><p style=\"text-align: center;\"><strong><span style=\"font-size: 18pt;\">En abril transbordador La Tehuelche detendr\u00e1 operaciones para instalar nuevo bote de rescate y pescante<\/span><\/strong><\/p>\n<div id=\"gtx-trans\" style=\"position: absolute; left: -50px; top: 4.31534px;\">\n<div class=\"gtx-trans-icon\"><\/div>\n<\/div>\n<\/div><\/section><\/div><div class=\"flex_column av_one_full  flex_column_div av-zero-column-padding first  avia-builder-el-4  el_after_av_one_full  el_before_av_hr  column-top-margin\" style='border-radius:0px; '><section class=\"av_textblock_section \"  itemscope=\"itemscope\" itemtype=\"https:\/\/schema.org\/BlogPosting\" itemprop=\"blogPost\" ><div class='avia_textblock  '   itemprop=\"text\" ><p style=\"text-align: justify;\">El Director Regional de Obras Portuarias del Ministerio de Obras P\u00fablicas, \u00c1lvaro D\u00edaz Contreras, inform\u00f3 que el transbordador La Tehuelche detendr\u00e1 sus operaciones entre el 10 y el 19 de abril 2023 para instalar un nuevo bote de rescate y pescante -y prescindir del existente- con el objetivo de dar cumplimiento con la actualizaci\u00f3n de la normativa de seguridad que se exige para las naves mayores.<\/p>\n<p style=\"text-align: justify;\">\u201cRespecto a los trabajos que vamos a realizar en la Barcaza La Tehuelche, la que establece la conectividad en el Lago General Carrera, vamos a instalar un bote de rescate que fue importado desde Vietnam y que se demor\u00f3 bastantes meses en llegar al pa\u00eds y posteriormente a la regi\u00f3n de Ays\u00e9n, pero que hoy ya lo tenemos disponible para su instalaci\u00f3n, as\u00ed que se coordinaron los trabajos conjuntamente con el Ministerio de Transportes y Telecomunicaciones, y con el operador de la nave para poder realizarlos en el mes de abril,\u00a0 una vez que haya finalizado completamente la temporada alta de turismo, y tambi\u00e9n la semana Santa, en donde tambi\u00e9n la comunidad puede requerir\u00a0 viajar\u201d indic\u00f3 el Director Regional de Obras Portuarias del MOP<\/p>\n<p style=\"text-align: justify;\">De esta forma, agreg\u00f3 \u00c1lvaro D\u00edaz, \u201clas obras consistir\u00e1n en sacar el bote actual con su gr\u00faa y posteriormente instalar un bote de rescate y pescante para posteriormente realizar todas las pruebas de izado que se requieren hacer a este tipo de instalaciones en una nave. Tambi\u00e9n, vamos a cumplir labores de inspecci\u00f3n rutinarias y de mantenimiento de algunos equipos de la embarcaci\u00f3n, los que cada cierto tiempo se deben efectuar como son la mantenci\u00f3n de los motores el\u00e9ctricos, los circuitos el\u00e9ctricos de poder y de control; verificar las bombas hidr\u00e1ulicas con sus correspondientes circuitos y calibrar algunos instrumentos que sirven de indicadores en el tablero principal, por lo tanto estos son trabajos de mantenimiento. La embarcaci\u00f3n no presenta fallas, la comunidad debe estar tranquila, porque hoy las inspecciones a nuestras embarcaciones son m\u00e1s rigurosas y vamos a exigir que se realicen los mantenimientos correspondientes en las fechas acordadas, as\u00ed que esta no ser\u00e1 la \u00fanica vez en que la barcaza estar\u00e1 unos d\u00edas sin operar, porque estimamos que por lo menos una vez al a\u00f1o vamos a realizar estas labores de mantenimiento m\u00e1s espec\u00edfico\u201d.<\/p>\n<p style=\"text-align: justify;\">Una vez finalizados todos los trabajos, se efectuar\u00e1 la inspecci\u00f3n del Ingeniero Naval de la Direcci\u00f3n Regional de Obras Portuarias, con el objetivo de constatar el cumplimiento de las exigencias de seguridad vigentes, dando t\u00e9rmino al contrato Carena a Flote del Transbordador La Tehuelche.<\/p>\n<p style=\"text-align: justify;\">Con relaci\u00f3n a la nave que reemplazar\u00e1 a La Tehuelche los diez d\u00edas indicados, la Direcci\u00f3n Regional de Obras Portuarias se ha coordinado con el Ministerio de Transportes y Telecomunicaciones y el operador de la nave.\u00a0 De acuerdo a lo indicado por el Ministerio de Transportes y Telecomunicaciones, la embarcaci\u00f3n que la reemplazar\u00e1 en la entrega de continuidad en la conectividad ser\u00e1 la Barcaza Chelenco. El itinerario, forma de venta de los pasajes y los horarios de los viajes es informaci\u00f3n que dar\u00e1 a conocer en los pr\u00f3ximos d\u00edas el Ministerio de Transportes y Telecomunicaciones.<\/p>\n<p style=\"text-align: justify;\"><strong><u>DISE\u00d1O DE NUEVA EMBARCACI\u00d3N PARA EL LAGO GENERAL CARRERA<\/u><\/strong><\/p>\n<p style=\"text-align: justify;\">La Direcci\u00f3n Regional de Obras Portuarias del MOP est\u00e1 llevando a cabo una asesor\u00eda conjuntamente con la Universidad Austral de Chile, en donde esa casa de estudios\u00a0 est\u00e1 desarrollando el Dise\u00f1o de anteproyecto de la nueva nave para el Lago General Carrera, la que considera\u00a0 definir la forma del casco, el sistema de propulsi\u00f3n y \u00a0la estabilidad de la nave, y la primera semana de abril van a realizar algunos ensayos en el canal de pruebas que la Universidad Austral tiene en Valdivia, por lo tanto se\u00f1al\u00f3 \u00c1lvaro D\u00edaz \u201cla \u00faltima semana del mes de abril nuestra Direcci\u00f3n junto a Acad\u00e9micos de la Universidad vamos a estar en condiciones de poder efectuar una reuni\u00f3n de participaci\u00f3n ciudadana en Chile Chico en donde vamos a informar a la comunidad el resultado de este proceso que comenz\u00f3 en el mes de septiembre del a\u00f1o pasado y en donde ya pudimos considerar en el Dise\u00f1o de esta nueva nave bastantes requerimientos\u00a0 y necesidades que nos manifestaron los principales usuarios de este medio de transporte los que pudimos plasmar en este Dise\u00f1o\u00a0 de ante proyecto, por lo tanto en Chile Chico vamos a presentar el resultado final de todo este proceso y vamos tener una maqueta tridimensional para que la comunidad pueda verla y conozca esta nueva embarcaci\u00f3n, finalizando con ello la asesor\u00eda que nos prest\u00f3 la Universidad Austral de Chile y nosotros podamos continuar con el proceso con el Dise\u00f1o definitivo y construcci\u00f3n de esta nave con el objetivo final de que la nueva embarcaci\u00f3n est\u00e9 operando en el lago General Carrera el a\u00f1o 2026\u201d.<\/p>\n<\/div><\/section><\/div><div  style='height:50px' class='hr hr-invisible   avia-builder-el-6  el_after_av_one_full  el_before_av_social_share '><span class='hr-inner ' ><span class='hr-inner-style'><\/span><\/span><\/div><\/p>\n<div  class='av-social-sharing-box  avia-builder-el-7  el_after_av_hr  el_before_av_hr  '><div class='av-share-box'><h5 class='av-share-link-description av-no-toc '>Compartir esta noticia<\/h5><ul class='av-share-box-list noLightbox'><li class='av-share-link av-social-link-facebook' ><a target=\"_blank\" aria-label=\"Compartir en Facebook\" href='https:\/\/www.facebook.com\/sharer.php?u=https:\/\/radiorevelacionfm.cl\/?p=29298&#038;t=En%20abril%20transbordador%20La%20Tehuelche%20detendr%C3%A1%20operaciones%20para%20instalar%20nuevo%20bote%20de%20rescate%20y%20pescante' aria-hidden='false' data-av_icon='\ue8f3' data-av_iconfont='entypo-fontello' title='' data-avia-related-tooltip='Compartir en Facebook' rel=\"noopener\"><span class='avia_hidden_link_text'>Compartir en Facebook<\/span><\/a><\/li><li class='av-share-link av-social-link-twitter' ><a target=\"_blank\" aria-label=\"Compartir en Twitter\" href='https:\/\/twitter.com\/share?text=En%20abril%20transbordador%20La%20Tehuelche%20detendr%C3%A1%20operaciones%20para%20instalar%20nuevo%20bote%20de%20rescate%20y%20pescante&#038;url=https:\/\/radiorevelacionfm.cl\/?p=29298' aria-hidden='false' data-av_icon='\ue8f1' data-av_iconfont='entypo-fontello' title='' data-avia-related-tooltip='Compartir en Twitter' rel=\"noopener\"><span class='avia_hidden_link_text'>Compartir en Twitter<\/span><\/a><\/li><li class='av-share-link av-social-link-whatsapp' ><a target=\"_blank\" aria-label=\"Compartir en Whatsapp\" href='https:\/\/api.whatsapp.com\/send?text=https:\/\/radiorevelacionfm.cl\/?p=29298' aria-hidden='false' data-av_icon='\uf232' data-av_iconfont='entypo-fontello' title='' data-avia-related-tooltip='Compartir en Whatsapp' rel=\"noopener\"><span class='avia_hidden_link_text'>Compartir en Whatsapp<\/span><\/a><\/li><li class='av-share-link av-social-link-linkedin' ><a target=\"_blank\" aria-label=\"Compartir en LinkedIn\" href='https:\/\/linkedin.com\/shareArticle?mini=true&#038;title=En%20abril%20transbordador%20La%20Tehuelche%20detendr%C3%A1%20operaciones%20para%20instalar%20nuevo%20bote%20de%20rescate%20y%20pescante&#038;url=https:\/\/radiorevelacionfm.cl\/?p=29298' aria-hidden='false' data-av_icon='\ue8fc' data-av_iconfont='entypo-fontello' title='' data-avia-related-tooltip='Compartir en LinkedIn' rel=\"noopener\"><span class='avia_hidden_link_text'>Compartir en LinkedIn<\/span><\/a><\/li><li class='av-share-link av-social-link-mail' ><a  aria-label=\"Compartir por correo\" href='mailto:?subject=En%20abril%20transbordador%20La%20Tehuelche%20detendr%C3%A1%20operaciones%20para%20instalar%20nuevo%20bote%20de%20rescate%20y%20pescante&#038;body=https:\/\/radiorevelacionfm.cl\/?p=29298' aria-hidden='false' data-av_icon='\ue805' data-av_iconfont='entypo-fontello' title='' data-avia-related-tooltip='Compartir por correo'><span class='avia_hidden_link_text'>Compartir por correo<\/span><\/a><\/li><\/ul><\/div><\/div>\n<div  style='height:50px' class='hr hr-invisible   avia-builder-el-8  el_after_av_social_share  el_before_av_comments_list '><span class='hr-inner ' ><span class='hr-inner-style'><\/span><\/span><\/div>\n<div  class='av-buildercomment  av-blog-meta-html-info-disabled av-blog-meta-tag-disabled  '><\/div>\n","protected":false},"excerpt":{"rendered":"","protected":false},"author":1,"featured_media":29299,"comment_status":"open","ping_status":"open","sticky":false,"template":"","format":"standard","meta":{"footnotes":""},"categories":[38],"tags":[],"class_list":["post-29298","post","type-post","status-publish","format-standard","has-post-thumbnail","hentry","category-regional"],"jetpack_featured_media_url":"https:\/\/radiorevelacionfm.cl\/wp-content\/uploads\/2023\/03\/NAVE-LATEHUELCHE-1-1.jpg","_links":{"self":[{"href":"https:\/\/radiorevelacionfm.cl\/index.php?rest_route=\/wp\/v2\/posts\/29298","targetHints":{"allow":["GET"]}}],"collection":[{"href":"https:\/\/radiorevelacionfm.cl\/index.php?rest_route=\/wp\/v2\/posts"}],"about":[{"href":"https:\/\/radiorevelacionfm.cl\/index.php?rest_route=\/wp\/v2\/types\/post"}],"author":[{"embeddable":true,"href":"https:\/\/radiorevelacionfm.cl\/index.php?rest_route=\/wp\/v2\/users\/1"}],"replies":[{"embeddable":true,"href":"https:\/\/radiorevelacionfm.cl\/index.php?rest_route=%2Fwp%2Fv2%2Fcomments&post=29298"}],"version-history":[{"count":2,"href":"https:\/\/radiorevelacionfm.cl\/index.php?rest_route=\/wp\/v2\/posts\/29298\/revisions"}],"predecessor-version":[{"id":29302,"href":"https:\/\/radiorevelacionfm.cl\/index.php?rest_route=\/wp\/v2\/posts\/29298\/revisions\/29302"}],"wp:featuredmedia":[{"embeddable":true,"href":"https:\/\/radiorevelacionfm.cl\/index.php?rest_route=\/wp\/v2\/media\/29299"}],"wp:attachment":[{"href":"https:\/\/radiorevelacionfm.cl\/index.php?rest_route=%2Fwp%2Fv2%2Fmedia&parent=29298"}],"wp:term":[{"taxonomy":"category","embeddable":true,"href":"https:\/\/radiorevelacionfm.cl\/index.php?rest_route=%2Fwp%2Fv2%2Fcategories&post=29298"},{"taxonomy":"post_tag","embeddable":true,"href":"https:\/\/radiorevelacionfm.cl\/index.php?rest_route=%2Fwp%2Fv2%2Ftags&post=29298"}],"curies":[{"name":"wp","href":"https:\/\/api.w.org\/{rel}","templated":true}]}}