{"id":29295,"date":"2023-03-24T09:06:09","date_gmt":"2023-03-24T12:06:09","guid":{"rendered":"https:\/\/radiorevelacionfm.cl\/?p=29295"},"modified":"2023-03-24T09:06:09","modified_gmt":"2023-03-24T12:06:09","slug":"realizan-lanzamiento-del-fondo-nacional-para-organizaciones-de-adultos-mayores","status":"publish","type":"post","link":"https:\/\/radiorevelacionfm.cl\/?p=29295","title":{"rendered":"Realizan lanzamiento del Fondo Nacional para organizaciones de Adultos Mayores"},"content":{"rendered":"<div class=\"flex_column av_one_full  flex_column_div av-zero-column-padding first  avia-builder-el-0  el_before_av_one_full  avia-builder-el-first  \" style='border-radius:0px; '><div  class='avia-image-container  av-styling-    avia-builder-el-1  avia-builder-el-no-sibling  avia-align-center '  itemprop=\"image\" itemscope=\"itemscope\" itemtype=\"https:\/\/schema.org\/ImageObject\"  ><div class='avia-image-container-inner'><div class='avia-image-overlay-wrap'><img decoding=\"async\" class='wp-image-29296 avia-img-lazy-loading-not-29296 avia_image' src=\"https:\/\/radiorevelacionfm.cl\/wp-content\/uploads\/2023\/03\/autoridades-entregan-manual-de-apoyo-1-1.jpg\" alt='' title='autoridades entregan manual de apoyo (1) (1)' height=\"600\" width=\"800\"  itemprop=\"thumbnailUrl\" srcset=\"https:\/\/radiorevelacionfm.cl\/wp-content\/uploads\/2023\/03\/autoridades-entregan-manual-de-apoyo-1-1.jpg 800w, https:\/\/radiorevelacionfm.cl\/wp-content\/uploads\/2023\/03\/autoridades-entregan-manual-de-apoyo-1-1-300x225.jpg 300w, https:\/\/radiorevelacionfm.cl\/wp-content\/uploads\/2023\/03\/autoridades-entregan-manual-de-apoyo-1-1-768x576.jpg 768w, https:\/\/radiorevelacionfm.cl\/wp-content\/uploads\/2023\/03\/autoridades-entregan-manual-de-apoyo-1-1-705x529.jpg 705w, https:\/\/radiorevelacionfm.cl\/wp-content\/uploads\/2023\/03\/autoridades-entregan-manual-de-apoyo-1-1-600x450.jpg 600w\" sizes=\"(max-width: 800px) 100vw, 800px\" \/><\/div><\/div><\/div><\/div><div class=\"flex_column av_one_full  flex_column_div av-zero-column-padding first  avia-builder-el-2  el_after_av_one_full  el_before_av_one_full  column-top-margin\" style='border-radius:0px; '><section class=\"av_textblock_section \"  itemscope=\"itemscope\" itemtype=\"https:\/\/schema.org\/BlogPosting\" itemprop=\"blogPost\" ><div class='avia_textblock  '   itemprop=\"text\" ><p style=\"text-align: center;\"><strong><span style=\"font-size: 18pt;\">Realizan lanzamiento del Fondo Nacional para organizaciones de Adultos Mayores <\/span><\/strong><\/p>\n<div id=\"gtx-trans\" style=\"position: absolute; left: -50px; top: 4.31534px;\">\n<div class=\"gtx-trans-icon\"><\/div>\n<\/div>\n<\/div><\/section><\/div><div class=\"flex_column av_one_full  flex_column_div av-zero-column-padding first  avia-builder-el-4  el_after_av_one_full  el_before_av_hr  column-top-margin\" style='border-radius:0px; '><section class=\"av_textblock_section \"  itemscope=\"itemscope\" itemtype=\"https:\/\/schema.org\/BlogPosting\" itemprop=\"blogPost\" ><div class='avia_textblock  '   itemprop=\"text\" ><p style=\"text-align: justify;\">Con el prop\u00f3sito de informar a los clubes y organizaciones de Adultos mayores la apertura del Fondo Nacional del Adulto Mayor 2023 \u201cHern\u00e1n Zapata Far\u00edas\u201d, Autoridades Regionales y consejeros de Senama invitaron a postular a esta iniciativa que busca contribuir a la promoci\u00f3n, protecci\u00f3n de los derechos y la participaci\u00f3n social de las personas mayores.<\/p>\n<p style=\"text-align: justify;\">El lanzamiento se llev\u00f3 a cabo con la participaci\u00f3n del Delegado Presidencial Regional (S) Samuel Navarro, la Seremi de Desarrollo Social, Karina Acevedo, el Coordinador Regional de Senama, Rodrigo Quilodr\u00e1n y representantes del Consejo Asesor de Mayores. Desde el 24 de marzo, las organizaciones, clubes y uniones comunales de adultos mayores podr\u00e1n postular al fondo concursable, a trav\u00e9s de la p\u00e1gina Web: <a href=\"http:\/\/www.senama.gob.cl\">www.senama.gob.cl<\/a>; y finaliza el 12 de mayo a las 23:59 horas.<\/p>\n<p style=\"text-align: justify;\">Con respecto al Fondo Nacional del adulto Mayor, el Delegado Presidencial, indic\u00f3: \u201ccreemos que es muy potente que las organizaciones en forma aut\u00f3noma puedan desarrollar actividades que sean en beneficio de sus integrantes, este es un fondo muy importante que tiene adem\u00e1s una composici\u00f3n, de\u00a0 distribuci\u00f3n regional, es para todas las provincias, para todas aquellas comunas donde hay organizaciones de adultos mayores. En este sentido hacemos el llamado a las municipalidades para que puedan apoyar a las organizaciones de adultos mayores, en el dise\u00f1o y en la elaboraci\u00f3n de los proyectos, para poder optar a estos recursos, si bien es cierto, los recursos pueden estar un poco limitados, es un esfuerzo que estamos haciendo permanentemente como Gobierno de apoyar el desarrollo, sobre todo para mejorar la calidad de vida de los adultos mayores\u201d.<\/p>\n<p style=\"text-align: justify;\">El Fondo Nacional del Adulto Mayor este 2023 considera $21 millones de pesos para la provincia de Coyhaique; Ays\u00e9n $11 millones; General Carrera $4 millones y Capit\u00e1n Prat $2 millones. La distribuci\u00f3n regional de esta iniciativa se aprob\u00f3 en el Comit\u00e9 Regional del Adulto Mayor, instancia que es presidida por la Seremi de Desarrollo Social y Familia e integrantes del Gabinete Regional y Consejeros de Senama.<\/p>\n<p style=\"text-align: justify;\">Para el representante del Consejo Asesor de personas Mayores de la Comuna de Cisnes, Eduardo C\u00e1rdenas, el Fondo es \u201ces un apoyo muy importante para las bases, para los comit\u00e9s de pensionados, y para los adultos mayores como es el caso nuestro. Nosotros hemos postulado a varios proyectos de estos fondos, y hemos salido favorecidos porque estamos bien organizados, estamos trabajando bien. Este fondo concursable de Senama hac\u00eda tiempo que no lo ten\u00edamos, porque no se hab\u00eda presentado, bueno la pandemia, estuvo de por medio, esperamos ahora concursar, y ojal\u00e1 que nos vaya bien\u201d, coment\u00f3.<\/p>\n<p style=\"text-align: justify;\">Karina Acevedo, destac\u00f3 que el a\u00f1o 2022, el total de iniciativas ejecutadas fueron 67 y aprovech\u00f3 la instancia de invitar a participar a los adultos mayores. \u201cEste es un fondo muy esperado por todas las organizaciones, nosotros hemos constatado en el territorio que se convocan para hacer reuniones comunales, para hacer actividades por grupo, para potenciar cada grupo, para hacer talleres, baile, cada uno decide en el \u00e1rea que quiere realizarlo. Es es el fondo que es esperado por ellos, para que puedan definir como organizaci\u00f3n c\u00f3mo se convocan a esta actividad\u201d.<\/p>\n<p style=\"text-align: justify;\"><strong>\u00a0<\/strong><\/p>\n<\/div><\/section><\/div><div  style='height:50px' class='hr hr-invisible   avia-builder-el-6  el_after_av_one_full  el_before_av_social_share '><span class='hr-inner ' ><span class='hr-inner-style'><\/span><\/span><\/div><\/p>\n<div  class='av-social-sharing-box  avia-builder-el-7  el_after_av_hr  el_before_av_hr  '><div class='av-share-box'><h5 class='av-share-link-description av-no-toc '>Compartir esta noticia<\/h5><ul class='av-share-box-list noLightbox'><li class='av-share-link av-social-link-facebook' ><a target=\"_blank\" aria-label=\"Compartir en Facebook\" href='https:\/\/www.facebook.com\/sharer.php?u=https:\/\/radiorevelacionfm.cl\/?p=29295&#038;t=Realizan%20lanzamiento%20del%20Fondo%20Nacional%20para%20organizaciones%20de%20Adultos%20Mayores' aria-hidden='false' data-av_icon='\ue8f3' data-av_iconfont='entypo-fontello' title='' data-avia-related-tooltip='Compartir en Facebook' rel=\"noopener\"><span class='avia_hidden_link_text'>Compartir en Facebook<\/span><\/a><\/li><li class='av-share-link av-social-link-twitter' ><a target=\"_blank\" aria-label=\"Compartir en Twitter\" href='https:\/\/twitter.com\/share?text=Realizan%20lanzamiento%20del%20Fondo%20Nacional%20para%20organizaciones%20de%20Adultos%20Mayores&#038;url=https:\/\/radiorevelacionfm.cl\/?p=29295' aria-hidden='false' data-av_icon='\ue8f1' data-av_iconfont='entypo-fontello' title='' data-avia-related-tooltip='Compartir en Twitter' rel=\"noopener\"><span class='avia_hidden_link_text'>Compartir en Twitter<\/span><\/a><\/li><li class='av-share-link av-social-link-whatsapp' ><a target=\"_blank\" aria-label=\"Compartir en Whatsapp\" href='https:\/\/api.whatsapp.com\/send?text=https:\/\/radiorevelacionfm.cl\/?p=29295' aria-hidden='false' data-av_icon='\uf232' data-av_iconfont='entypo-fontello' title='' data-avia-related-tooltip='Compartir en Whatsapp' rel=\"noopener\"><span class='avia_hidden_link_text'>Compartir en Whatsapp<\/span><\/a><\/li><li class='av-share-link av-social-link-linkedin' ><a target=\"_blank\" aria-label=\"Compartir en LinkedIn\" href='https:\/\/linkedin.com\/shareArticle?mini=true&#038;title=Realizan%20lanzamiento%20del%20Fondo%20Nacional%20para%20organizaciones%20de%20Adultos%20Mayores&#038;url=https:\/\/radiorevelacionfm.cl\/?p=29295' aria-hidden='false' data-av_icon='\ue8fc' data-av_iconfont='entypo-fontello' title='' data-avia-related-tooltip='Compartir en LinkedIn' rel=\"noopener\"><span class='avia_hidden_link_text'>Compartir en LinkedIn<\/span><\/a><\/li><li class='av-share-link av-social-link-mail' ><a  aria-label=\"Compartir por correo\" href='mailto:?subject=Realizan%20lanzamiento%20del%20Fondo%20Nacional%20para%20organizaciones%20de%20Adultos%20Mayores&#038;body=https:\/\/radiorevelacionfm.cl\/?p=29295' aria-hidden='false' data-av_icon='\ue805' data-av_iconfont='entypo-fontello' title='' data-avia-related-tooltip='Compartir por correo'><span class='avia_hidden_link_text'>Compartir por correo<\/span><\/a><\/li><\/ul><\/div><\/div>\n<div  style='height:50px' class='hr hr-invisible   avia-builder-el-8  el_after_av_social_share  el_before_av_comments_list '><span class='hr-inner ' ><span class='hr-inner-style'><\/span><\/span><\/div>\n<div  class='av-buildercomment  av-blog-meta-html-info-disabled av-blog-meta-tag-disabled  '><\/div>\n","protected":false},"excerpt":{"rendered":"","protected":false},"author":1,"featured_media":29296,"comment_status":"open","ping_status":"open","sticky":false,"template":"","format":"standard","meta":{"footnotes":""},"categories":[38],"tags":[],"class_list":["post-29295","post","type-post","status-publish","format-standard","has-post-thumbnail","hentry","category-regional"],"jetpack_featured_media_url":"https:\/\/radiorevelacionfm.cl\/wp-content\/uploads\/2023\/03\/autoridades-entregan-manual-de-apoyo-1-1.jpg","_links":{"self":[{"href":"https:\/\/radiorevelacionfm.cl\/index.php?rest_route=\/wp\/v2\/posts\/29295","targetHints":{"allow":["GET"]}}],"collection":[{"href":"https:\/\/radiorevelacionfm.cl\/index.php?rest_route=\/wp\/v2\/posts"}],"about":[{"href":"https:\/\/radiorevelacionfm.cl\/index.php?rest_route=\/wp\/v2\/types\/post"}],"author":[{"embeddable":true,"href":"https:\/\/radiorevelacionfm.cl\/index.php?rest_route=\/wp\/v2\/users\/1"}],"replies":[{"embeddable":true,"href":"https:\/\/radiorevelacionfm.cl\/index.php?rest_route=%2Fwp%2Fv2%2Fcomments&post=29295"}],"version-history":[{"count":2,"href":"https:\/\/radiorevelacionfm.cl\/index.php?rest_route=\/wp\/v2\/posts\/29295\/revisions"}],"predecessor-version":[{"id":29308,"href":"https:\/\/radiorevelacionfm.cl\/index.php?rest_route=\/wp\/v2\/posts\/29295\/revisions\/29308"}],"wp:featuredmedia":[{"embeddable":true,"href":"https:\/\/radiorevelacionfm.cl\/index.php?rest_route=\/wp\/v2\/media\/29296"}],"wp:attachment":[{"href":"https:\/\/radiorevelacionfm.cl\/index.php?rest_route=%2Fwp%2Fv2%2Fmedia&parent=29295"}],"wp:term":[{"taxonomy":"category","embeddable":true,"href":"https:\/\/radiorevelacionfm.cl\/index.php?rest_route=%2Fwp%2Fv2%2Fcategories&post=29295"},{"taxonomy":"post_tag","embeddable":true,"href":"https:\/\/radiorevelacionfm.cl\/index.php?rest_route=%2Fwp%2Fv2%2Ftags&post=29295"}],"curies":[{"name":"wp","href":"https:\/\/api.w.org\/{rel}","templated":true}]}}