{"id":29276,"date":"2023-03-24T11:07:48","date_gmt":"2023-03-24T14:07:48","guid":{"rendered":"https:\/\/radiorevelacionfm.cl\/?p=29276"},"modified":"2023-03-24T11:07:48","modified_gmt":"2023-03-24T14:07:48","slug":"en-coyhaique-se-realizara-la-xvi-version-de-las-jornadas-patagonicas-de-derecho-penal","status":"publish","type":"post","link":"https:\/\/radiorevelacionfm.cl\/?p=29276","title":{"rendered":"En Coyhaique se realizar\u00e1 la XVI versi\u00f3n de las Jornadas Patag\u00f3nicas de Derecho Penal"},"content":{"rendered":"<div class=\"flex_column av_one_full  flex_column_div av-zero-column-padding first  avia-builder-el-0  el_before_av_one_full  avia-builder-el-first  \" style='border-radius:0px; '><div  class='avia-image-container  av-styling-    avia-builder-el-1  avia-builder-el-no-sibling  avia-align-center '  itemprop=\"image\" itemscope=\"itemscope\" itemtype=\"https:\/\/schema.org\/ImageObject\"  ><div class='avia-image-container-inner'><div class='avia-image-overlay-wrap'><img decoding=\"async\" class='wp-image-29277 avia-img-lazy-loading-not-29277 avia_image' src=\"https:\/\/radiorevelacionfm.cl\/wp-content\/uploads\/2023\/03\/afiche-jdp-2023-actualizado-01-03-2023-1_optimized.jpg\" alt='' title='afiche-jdp-2023-actualizado-01-03-2023-(1)_optimized' height=\"599\" width=\"464\"  itemprop=\"thumbnailUrl\" srcset=\"https:\/\/radiorevelacionfm.cl\/wp-content\/uploads\/2023\/03\/afiche-jdp-2023-actualizado-01-03-2023-1_optimized.jpg 464w, https:\/\/radiorevelacionfm.cl\/wp-content\/uploads\/2023\/03\/afiche-jdp-2023-actualizado-01-03-2023-1_optimized-232x300.jpg 232w\" sizes=\"(max-width: 464px) 100vw, 464px\" \/><\/div><\/div><\/div><\/div>\n<div class=\"flex_column av_one_full  flex_column_div av-zero-column-padding first  avia-builder-el-2  el_after_av_one_full  el_before_av_one_full  column-top-margin\" style='border-radius:0px; '><section class=\"av_textblock_section \"  itemscope=\"itemscope\" itemtype=\"https:\/\/schema.org\/BlogPosting\" itemprop=\"blogPost\" ><div class='avia_textblock  '   itemprop=\"text\" ><p style=\"text-align: center;\"><span style=\"font-size: 18pt;\"><b>En Coyhaique se realizar\u00e1 la XVI versi\u00f3n de las Jornadas Patag\u00f3nicas de Derecho Penal<\/b><\/span><\/p>\n<div id=\"gtx-trans\" style=\"position: absolute; left: -50px; top: 4.31534px;\">\n<div class=\"gtx-trans-icon\"><\/div>\n<\/div>\n<\/div><\/section><\/div><div class=\"flex_column av_one_full  flex_column_div av-zero-column-padding first  avia-builder-el-4  el_after_av_one_full  el_before_av_hr  column-top-margin\" style='border-radius:0px; '><section class=\"av_textblock_section \"  itemscope=\"itemscope\" itemtype=\"https:\/\/schema.org\/BlogPosting\" itemprop=\"blogPost\" ><div class='avia_textblock  '   itemprop=\"text\" ><p class=\"v1MsoNormal\" style=\"text-align: justify;\">El pr\u00f3ximo jueves 30 y viernes 31 de marzo, la Fiscal\u00eda Regional de Ays\u00e9n realizar\u00e1 la XVI versi\u00f3n de las Jornadas Patag\u00f3nicas de Derecho Penal, con la asistencia de abogadas y abogados de todo Chile, seg\u00fan inform\u00f3 el Fiscal Regional, Carlos Palma Guerra.<\/p>\n<p class=\"v1MsoNormal\" style=\"text-align: justify;\">Hasta el momento, se registran m\u00e1s de 130 inscritos para este evento acad\u00e9mico que tendr\u00e1 lugar en el auditorio del Museo Regional de Ays\u00e9n.<\/p>\n<p class=\"v1MsoNormal\" style=\"text-align: justify;\">Este a\u00f1o, seg\u00fan explic\u00f3 el Fiscal Regional, Carlos Palma, el tema principal se denomina \u00abCuestiones actuales de derecho penal parte especial\u00bb.<\/p>\n<p class=\"v1MsoNormal\" style=\"text-align: justify;\">PROGRAMACI\u00d3N<\/p>\n<p class=\"v1MsoNormal\" style=\"text-align: justify;\">El programa comienza el jueves 30 a las 15.30 horas, con la exposici\u00f3n de la profesora Mar\u00eda Elena Santib\u00e1\u00f1ez de la Pontificia Universidad Cat\u00f3lica. Ella abordar\u00e1 la \u201cInterpretaci\u00f3n actual de la incapacidad para oponerse como modalidad t\u00edpica de los delitos de violaci\u00f3n y abuso sexual. Avances y desaf\u00edos\u201d.<\/p>\n<p class=\"v1MsoNormal\" style=\"text-align: justify;\">Luego, el Dr. H\u00e9ctor Hern\u00e1ndez de la Universidad Diego Portales, expondr\u00e1 sobre la \u201cCorrupci\u00f3n de parlamentarios\u201d.<\/p>\n<p class=\"v1MsoNormal\" style=\"text-align: justify;\">El viernes 31 de marzo, a las 09.30 horas, el Dr. Guillermo Oliver de la Pontificia Universidad Cat\u00f3lica de Valpara\u00edso, disertar\u00e1 sobre el \u00abAn\u00e1lisis de algunas de las \u00faltimas modificaciones a la regulaci\u00f3n de los delitos de cohecho y de hurto y robo\u00bb.<\/p>\n<p class=\"v1MsoNormal\" style=\"text-align: justify;\">Posteriormente, la Dra. Mar\u00eda In\u00e9s Horvitz de la Universidad de Chile, analizar\u00e1 la \u00abEstructura t\u00edpica del delito de fraude al fisco como uno de administraci\u00f3n desleal de patrimonio ajeno.\u201d<\/p>\n<p class=\"v1MsoNormal\" style=\"text-align: justify;\">En la tarde, el Dr. Luis Emilio Rojas de la\u00a0 Universidad Alberto Hurtado, abordar\u00e1 la \u00abEstructura y alcance del nuevo tipo penal de administraci\u00f3n desleal\u201d y cerrar\u00e1 estas XVI Jornadas Patag\u00f3nicas de Derecho Penal, el Dr. Juan Pablo Ma\u00f1alich de la Universidad de Chile.<\/p>\n<p class=\"v1MsoNormal\" style=\"text-align: justify;\">\u201cEsta actividad acad\u00e9mica aborda temas de inter\u00e9s para el mundo penal, por lo cual dejamos abierta la invitaci\u00f3n a todas las abogadas y abogados de Chile y el extranjero. Sin duda, ser\u00e1 una excelente oportunidad para aprender y compartir conocimientos en la Patagonia\u201d, concluy\u00f3 el Fiscal Regional, Carlos Palma.<\/p>\n<p class=\"v1MsoNormal\" style=\"text-align: justify;\">Las abogadas y abogados interesados en participar, pueden inscribirse directamente en el link: \u00a0<a href=\"https:\/\/acortar.link\/6nuaCV\" target=\"_blank\" rel=\"noopener noreferrer\">https:\/\/acortar.link\/6nuaCV<\/a><\/p>\n<\/div><\/section><\/div><\/p>\n<div  style='height:50px' class='hr hr-invisible   avia-builder-el-6  el_after_av_one_full  el_before_av_social_share '><span class='hr-inner ' ><span class='hr-inner-style'><\/span><\/span><\/div>\n<div  class='av-social-sharing-box  avia-builder-el-7  el_after_av_hr  el_before_av_hr  '><div class='av-share-box'><h5 class='av-share-link-description av-no-toc '>Compartir esta noticia<\/h5><ul class='av-share-box-list noLightbox'><li class='av-share-link av-social-link-facebook' ><a target=\"_blank\" aria-label=\"Compartir en Facebook\" href='https:\/\/www.facebook.com\/sharer.php?u=https:\/\/radiorevelacionfm.cl\/?p=29276&#038;t=En%20Coyhaique%20se%20realizar%C3%A1%20la%20XVI%20versi%C3%B3n%20de%20las%20Jornadas%20Patag%C3%B3nicas%20de%20Derecho%20Penal' aria-hidden='false' data-av_icon='\ue8f3' data-av_iconfont='entypo-fontello' title='' data-avia-related-tooltip='Compartir en Facebook' rel=\"noopener\"><span class='avia_hidden_link_text'>Compartir en Facebook<\/span><\/a><\/li><li class='av-share-link av-social-link-twitter' ><a target=\"_blank\" aria-label=\"Compartir en Twitter\" href='https:\/\/twitter.com\/share?text=En%20Coyhaique%20se%20realizar%C3%A1%20la%20XVI%20versi%C3%B3n%20de%20las%20Jornadas%20Patag%C3%B3nicas%20de%20Derecho%20Penal&#038;url=https:\/\/radiorevelacionfm.cl\/?p=29276' aria-hidden='false' data-av_icon='\ue8f1' data-av_iconfont='entypo-fontello' title='' data-avia-related-tooltip='Compartir en Twitter' rel=\"noopener\"><span class='avia_hidden_link_text'>Compartir en Twitter<\/span><\/a><\/li><li class='av-share-link av-social-link-whatsapp' ><a target=\"_blank\" aria-label=\"Compartir en Whatsapp\" href='https:\/\/api.whatsapp.com\/send?text=https:\/\/radiorevelacionfm.cl\/?p=29276' aria-hidden='false' data-av_icon='\uf232' data-av_iconfont='entypo-fontello' title='' data-avia-related-tooltip='Compartir en Whatsapp' rel=\"noopener\"><span class='avia_hidden_link_text'>Compartir en Whatsapp<\/span><\/a><\/li><li class='av-share-link av-social-link-linkedin' ><a target=\"_blank\" aria-label=\"Compartir en LinkedIn\" href='https:\/\/linkedin.com\/shareArticle?mini=true&#038;title=En%20Coyhaique%20se%20realizar%C3%A1%20la%20XVI%20versi%C3%B3n%20de%20las%20Jornadas%20Patag%C3%B3nicas%20de%20Derecho%20Penal&#038;url=https:\/\/radiorevelacionfm.cl\/?p=29276' aria-hidden='false' data-av_icon='\ue8fc' data-av_iconfont='entypo-fontello' title='' data-avia-related-tooltip='Compartir en LinkedIn' rel=\"noopener\"><span class='avia_hidden_link_text'>Compartir en LinkedIn<\/span><\/a><\/li><li class='av-share-link av-social-link-mail' ><a  aria-label=\"Compartir por correo\" href='mailto:?subject=En%20Coyhaique%20se%20realizar%C3%A1%20la%20XVI%20versi%C3%B3n%20de%20las%20Jornadas%20Patag%C3%B3nicas%20de%20Derecho%20Penal&#038;body=https:\/\/radiorevelacionfm.cl\/?p=29276' aria-hidden='false' data-av_icon='\ue805' data-av_iconfont='entypo-fontello' title='' data-avia-related-tooltip='Compartir por correo'><span class='avia_hidden_link_text'>Compartir por correo<\/span><\/a><\/li><\/ul><\/div><\/div>\n<div  style='height:50px' class='hr hr-invisible   avia-builder-el-8  el_after_av_social_share  el_before_av_comments_list '><span class='hr-inner ' ><span class='hr-inner-style'><\/span><\/span><\/div>\n<div  class='av-buildercomment  av-blog-meta-html-info-disabled av-blog-meta-tag-disabled  '><\/div>\n","protected":false},"excerpt":{"rendered":"","protected":false},"author":1,"featured_media":29278,"comment_status":"open","ping_status":"open","sticky":false,"template":"","format":"standard","meta":{"footnotes":""},"categories":[38],"tags":[],"class_list":["post-29276","post","type-post","status-publish","format-standard","has-post-thumbnail","hentry","category-regional"],"jetpack_featured_media_url":"https:\/\/radiorevelacionfm.cl\/wp-content\/uploads\/2023\/03\/afiche-jdp-2023-actualizado-01-03-2023v2-1_optimized-1.jpg","_links":{"self":[{"href":"https:\/\/radiorevelacionfm.cl\/index.php?rest_route=\/wp\/v2\/posts\/29276","targetHints":{"allow":["GET"]}}],"collection":[{"href":"https:\/\/radiorevelacionfm.cl\/index.php?rest_route=\/wp\/v2\/posts"}],"about":[{"href":"https:\/\/radiorevelacionfm.cl\/index.php?rest_route=\/wp\/v2\/types\/post"}],"author":[{"embeddable":true,"href":"https:\/\/radiorevelacionfm.cl\/index.php?rest_route=\/wp\/v2\/users\/1"}],"replies":[{"embeddable":true,"href":"https:\/\/radiorevelacionfm.cl\/index.php?rest_route=%2Fwp%2Fv2%2Fcomments&post=29276"}],"version-history":[{"count":2,"href":"https:\/\/radiorevelacionfm.cl\/index.php?rest_route=\/wp\/v2\/posts\/29276\/revisions"}],"predecessor-version":[{"id":29314,"href":"https:\/\/radiorevelacionfm.cl\/index.php?rest_route=\/wp\/v2\/posts\/29276\/revisions\/29314"}],"wp:featuredmedia":[{"embeddable":true,"href":"https:\/\/radiorevelacionfm.cl\/index.php?rest_route=\/wp\/v2\/media\/29278"}],"wp:attachment":[{"href":"https:\/\/radiorevelacionfm.cl\/index.php?rest_route=%2Fwp%2Fv2%2Fmedia&parent=29276"}],"wp:term":[{"taxonomy":"category","embeddable":true,"href":"https:\/\/radiorevelacionfm.cl\/index.php?rest_route=%2Fwp%2Fv2%2Fcategories&post=29276"},{"taxonomy":"post_tag","embeddable":true,"href":"https:\/\/radiorevelacionfm.cl\/index.php?rest_route=%2Fwp%2Fv2%2Ftags&post=29276"}],"curies":[{"name":"wp","href":"https:\/\/api.w.org\/{rel}","templated":true}]}}