{"id":2927,"date":"2021-02-24T15:32:19","date_gmt":"2021-02-24T18:32:19","guid":{"rendered":"https:\/\/radiorevelacionfm.cl\/?p=2927"},"modified":"2021-02-24T18:58:16","modified_gmt":"2021-02-24T21:58:16","slug":"en-aysen-colegio-kalem-implementa-protocolos-y-se-prepara-para-asegurar-el-retorno-a-clases","status":"publish","type":"post","link":"https:\/\/radiorevelacionfm.cl\/?p=2927","title":{"rendered":"En Ays\u00e9n Colegio Kalem implementa protocolos y se prepara para asegurar el retorno a clases"},"content":{"rendered":"<div class=\"flex_column av_one_full  flex_column_div av-zero-column-padding first  avia-builder-el-0  el_before_av_one_full  avia-builder-el-first  \" style='border-radius:0px; '><div  class='avia-image-container  av-styling-    avia-builder-el-1  avia-builder-el-no-sibling  avia-align-center '  itemprop=\"image\" itemscope=\"itemscope\" itemtype=\"https:\/\/schema.org\/ImageObject\"  ><div class='avia-image-container-inner'><div class='avia-image-overlay-wrap'><img decoding=\"async\" class='wp-image-0 avia-img-lazy-loading-not-0 avia_image' src=\"https:\/\/radiorevelacionfm.cl\/wp-content\/uploads\/2021\/02\/1-14-5.jpg\" alt='' title=''   itemprop=\"thumbnailUrl\"  \/><\/div><\/div><\/div><\/div>\n<div class=\"flex_column av_one_full  flex_column_div av-zero-column-padding first  avia-builder-el-2  el_after_av_one_full  el_before_av_one_full  column-top-margin\" style='border-radius:0px; '><section class=\"av_textblock_section \"  itemscope=\"itemscope\" itemtype=\"https:\/\/schema.org\/BlogPosting\" itemprop=\"blogPost\" ><div class='avia_textblock  '   itemprop=\"text\" ><p style=\"text-align: center;\"><strong><span style=\"font-size: 18pt;\">En Ays\u00e9n Colegio Kalem implementa protocolos y se prepara para asegurar el retorno a clases<\/span><\/strong><\/p>\n<div id=\"gtx-trans\" style=\"position: absolute; left: -50px; top: 4.31534px;\">\n<div class=\"gtx-trans-icon\"><\/div>\n<\/div>\n<\/div><\/section><\/div>\n<div class=\"flex_column av_one_full  flex_column_div av-zero-column-padding first  avia-builder-el-4  el_after_av_one_full  el_before_av_hr  column-top-margin\" style='border-radius:0px; '><section class=\"av_textblock_section \"  itemscope=\"itemscope\" itemtype=\"https:\/\/schema.org\/BlogPosting\" itemprop=\"blogPost\" ><div class='avia_textblock  '   itemprop=\"text\" ><p style=\"text-align: justify;\">Gobernador, Seremi de Educaci\u00f3n y Directora Regional de la Superintendencia de Educaci\u00f3n inspeccionaron recinto de educaci\u00f3n.<\/p>\n<p style=\"text-align: justify;\">La tarde de este martes las autoridades de Gobierno recorrieron las instalaciones del Colegio KALEM de Puerto Ays\u00e9n en compa\u00f1\u00eda de la Directora de este centro educativo Marcela Jaramillo, comprobando en terreno la buena disposici\u00f3n que han demostrado por querer realizar este retorno voluntario y progresivo anunciado por el Presidente Sebasti\u00e1n Pi\u00f1era.<\/p>\n<p style=\"text-align: justify;\">El Gobernador Manuel Ortiz una vez finalizado el recorrido por cada una de las dependencias tuvo buenas palabras por lo bien que se ha trabajado en materia sanitaria para este retorno gradual a clases \u201cvoy a partir felicitando al equipo directivo del colegio KALEM por todas las medidas que han ido tomando en este proceso tan extra\u00f1o para el mundo entero, hemos recorrido cada uno de los lugares donde hemos visto que los protocolos que present\u00f3 el colegio se cumplen a cabalidad en cada uno de los sectores que van a transitar los alumnos\/as en este nuevo inicio del a\u00f1o escolar a contar de este primero de marzo\u201d.<\/p>\n<p style=\"text-align: justify;\">Del trabajo que ha venido desarrollando el Ministerio de Educaci\u00f3n para poder presentar este Plan Paso a Paso para el retorno en este a\u00f1o especial Sergio Becerra Seremi de Educaci\u00f3n indicaba \u201cel Ministerio durante el a\u00f1o pasado entreg\u00f3 la normativa de manera virtual como asesorando directamente a los establecimientos para ayudar a hacer este nuevo plan que consiste en una parte acad\u00e9mica y una parte sanitaria que debe priorizar los objetivos fundamentales para este a\u00f1o especial que vamos a enfrentar\u201d.<\/p>\n<p style=\"text-align: justify;\">En tanto la Directora Regional de la Superintendencia de Educaci\u00f3n Pamela Adriazola agregaba \u201crecordamos que este retorno a clases presencial es voluntario, por lo tanto cada familia deber\u00e1 evaluar si env\u00eda o no a su hijo\/a al establecimiento de educaci\u00f3n y para eso la SUPEREDUC va a estar acompa\u00f1ando y orientando a los establecimientos en el cumplimiento de los protocolos\u201d.<\/p>\n<\/div><\/section><\/div><div  style='height:50px' class='hr hr-invisible   avia-builder-el-6  el_after_av_one_full  el_before_av_social_share '><span class='hr-inner ' ><span class='hr-inner-style'><\/span><\/span><\/div><\/p>\n<div  class='av-social-sharing-box  avia-builder-el-7  el_after_av_hr  el_before_av_hr  '><div class='av-share-box'><h5 class='av-share-link-description av-no-toc '>Compartir esta noticia<\/h5><ul class='av-share-box-list noLightbox'><li class='av-share-link av-social-link-facebook' ><a target=\"_blank\" aria-label=\"Compartir en Facebook\" href='https:\/\/www.facebook.com\/sharer.php?u=https:\/\/radiorevelacionfm.cl\/?p=2927&#038;t=En%20Ays%C3%A9n%20Colegio%20Kalem%20implementa%20protocolos%20y%20se%20prepara%20para%20asegurar%20el%20retorno%20a%20clases' aria-hidden='false' data-av_icon='\ue8f3' data-av_iconfont='entypo-fontello' title='' data-avia-related-tooltip='Compartir en Facebook' rel=\"noopener\"><span class='avia_hidden_link_text'>Compartir en Facebook<\/span><\/a><\/li><li class='av-share-link av-social-link-twitter' ><a target=\"_blank\" aria-label=\"Compartir en Twitter\" href='https:\/\/twitter.com\/share?text=En%20Ays%C3%A9n%20Colegio%20Kalem%20implementa%20protocolos%20y%20se%20prepara%20para%20asegurar%20el%20retorno%20a%20clases&#038;url=https:\/\/radiorevelacionfm.cl\/?p=2927' aria-hidden='false' data-av_icon='\ue8f1' data-av_iconfont='entypo-fontello' title='' data-avia-related-tooltip='Compartir en Twitter' rel=\"noopener\"><span class='avia_hidden_link_text'>Compartir en Twitter<\/span><\/a><\/li><li class='av-share-link av-social-link-whatsapp' ><a target=\"_blank\" aria-label=\"Compartir en Whatsapp\" href='https:\/\/api.whatsapp.com\/send?text=https:\/\/radiorevelacionfm.cl\/?p=2927' aria-hidden='false' data-av_icon='\uf232' data-av_iconfont='entypo-fontello' title='' data-avia-related-tooltip='Compartir en Whatsapp' rel=\"noopener\"><span class='avia_hidden_link_text'>Compartir en Whatsapp<\/span><\/a><\/li><li class='av-share-link av-social-link-linkedin' ><a target=\"_blank\" aria-label=\"Compartir en LinkedIn\" href='https:\/\/linkedin.com\/shareArticle?mini=true&#038;title=En%20Ays%C3%A9n%20Colegio%20Kalem%20implementa%20protocolos%20y%20se%20prepara%20para%20asegurar%20el%20retorno%20a%20clases&#038;url=https:\/\/radiorevelacionfm.cl\/?p=2927' aria-hidden='false' data-av_icon='\ue8fc' data-av_iconfont='entypo-fontello' title='' data-avia-related-tooltip='Compartir en LinkedIn' rel=\"noopener\"><span class='avia_hidden_link_text'>Compartir en LinkedIn<\/span><\/a><\/li><li class='av-share-link av-social-link-mail' ><a  aria-label=\"Compartir por correo\" href='mailto:?subject=En%20Ays%C3%A9n%20Colegio%20Kalem%20implementa%20protocolos%20y%20se%20prepara%20para%20asegurar%20el%20retorno%20a%20clases&#038;body=https:\/\/radiorevelacionfm.cl\/?p=2927' aria-hidden='false' data-av_icon='\ue805' data-av_iconfont='entypo-fontello' title='' data-avia-related-tooltip='Compartir por correo'><span class='avia_hidden_link_text'>Compartir por correo<\/span><\/a><\/li><\/ul><\/div><\/div>\n<div  style='height:50px' class='hr hr-invisible   avia-builder-el-8  el_after_av_social_share  el_before_av_comments_list '><span class='hr-inner ' ><span class='hr-inner-style'><\/span><\/span><\/div>\n<div  class='av-buildercomment  av-blog-meta-html-info-disabled av-blog-meta-tag-disabled  '><\/div>\n","protected":false},"excerpt":{"rendered":"","protected":false},"author":1,"featured_media":0,"comment_status":"open","ping_status":"open","sticky":false,"template":"","format":"standard","meta":{"footnotes":""},"categories":[49],"tags":[],"class_list":["post-2927","post","type-post","status-publish","format-standard","hentry","category-educacion"],"jetpack_featured_media_url":"","_links":{"self":[{"href":"https:\/\/radiorevelacionfm.cl\/index.php?rest_route=\/wp\/v2\/posts\/2927","targetHints":{"allow":["GET"]}}],"collection":[{"href":"https:\/\/radiorevelacionfm.cl\/index.php?rest_route=\/wp\/v2\/posts"}],"about":[{"href":"https:\/\/radiorevelacionfm.cl\/index.php?rest_route=\/wp\/v2\/types\/post"}],"author":[{"embeddable":true,"href":"https:\/\/radiorevelacionfm.cl\/index.php?rest_route=\/wp\/v2\/users\/1"}],"replies":[{"embeddable":true,"href":"https:\/\/radiorevelacionfm.cl\/index.php?rest_route=%2Fwp%2Fv2%2Fcomments&post=2927"}],"version-history":[{"count":2,"href":"https:\/\/radiorevelacionfm.cl\/index.php?rest_route=\/wp\/v2\/posts\/2927\/revisions"}],"predecessor-version":[{"id":2940,"href":"https:\/\/radiorevelacionfm.cl\/index.php?rest_route=\/wp\/v2\/posts\/2927\/revisions\/2940"}],"wp:attachment":[{"href":"https:\/\/radiorevelacionfm.cl\/index.php?rest_route=%2Fwp%2Fv2%2Fmedia&parent=2927"}],"wp:term":[{"taxonomy":"category","embeddable":true,"href":"https:\/\/radiorevelacionfm.cl\/index.php?rest_route=%2Fwp%2Fv2%2Fcategories&post=2927"},{"taxonomy":"post_tag","embeddable":true,"href":"https:\/\/radiorevelacionfm.cl\/index.php?rest_route=%2Fwp%2Fv2%2Ftags&post=2927"}],"curies":[{"name":"wp","href":"https:\/\/api.w.org\/{rel}","templated":true}]}}