{"id":29268,"date":"2023-03-23T10:06:27","date_gmt":"2023-03-23T13:06:27","guid":{"rendered":"https:\/\/radiorevelacionfm.cl\/?p=29268"},"modified":"2023-03-23T10:06:27","modified_gmt":"2023-03-23T13:06:27","slug":"jornada-de-capacitacion-ind-nols-patagonia-apunta-al-desarrollo-del-senderismo-regional","status":"publish","type":"post","link":"https:\/\/radiorevelacionfm.cl\/?p=29268","title":{"rendered":"Jornada de Capacitaci\u00f3n IND &#8211; NOLS Patagonia apunta al desarrollo del senderismo regional"},"content":{"rendered":"<div class=\"flex_column av_one_full  flex_column_div av-zero-column-padding first  avia-builder-el-0  el_before_av_one_full  avia-builder-el-first  \" style='border-radius:0px; '><div  class='avia-image-container  av-styling-    avia-builder-el-1  avia-builder-el-no-sibling  avia-align-center '  itemprop=\"image\" itemscope=\"itemscope\" itemtype=\"https:\/\/schema.org\/ImageObject\"  ><div class='avia-image-container-inner'><div class='avia-image-overlay-wrap'><img decoding=\"async\" class='wp-image-29269 avia-img-lazy-loading-not-29269 avia_image' src=\"https:\/\/radiorevelacionfm.cl\/wp-content\/uploads\/2023\/03\/5-61-1-1.jpg\" alt='' title='5 (61) (1) (1)' height=\"600\" width=\"800\"  itemprop=\"thumbnailUrl\" srcset=\"https:\/\/radiorevelacionfm.cl\/wp-content\/uploads\/2023\/03\/5-61-1-1.jpg 800w, https:\/\/radiorevelacionfm.cl\/wp-content\/uploads\/2023\/03\/5-61-1-1-300x225.jpg 300w, https:\/\/radiorevelacionfm.cl\/wp-content\/uploads\/2023\/03\/5-61-1-1-768x576.jpg 768w, https:\/\/radiorevelacionfm.cl\/wp-content\/uploads\/2023\/03\/5-61-1-1-705x529.jpg 705w, https:\/\/radiorevelacionfm.cl\/wp-content\/uploads\/2023\/03\/5-61-1-1-600x450.jpg 600w\" sizes=\"(max-width: 800px) 100vw, 800px\" \/><\/div><\/div><\/div><\/div><div class=\"flex_column av_one_full  flex_column_div av-zero-column-padding first  avia-builder-el-2  el_after_av_one_full  el_before_av_one_full  column-top-margin\" style='border-radius:0px; '><section class=\"av_textblock_section \"  itemscope=\"itemscope\" itemtype=\"https:\/\/schema.org\/BlogPosting\" itemprop=\"blogPost\" ><div class='avia_textblock  '   itemprop=\"text\" ><p style=\"text-align: center;\"><strong><span style=\"font-size: 18pt;\">Jornada de Capacitaci\u00f3n IND &#8211; NOLS Patagonia apunta al desarrollo del senderismo regional<\/span><\/strong><\/p>\n<div id=\"gtx-trans\" style=\"position: absolute; left: -50px; top: 4.31534px;\">\n<div class=\"gtx-trans-icon\"><\/div>\n<\/div>\n<\/div><\/section><\/div><div class=\"flex_column av_one_full  flex_column_div av-zero-column-padding first  avia-builder-el-4  el_after_av_one_full  el_before_av_hr  column-top-margin\" style='border-radius:0px; '><section class=\"av_textblock_section \"  itemscope=\"itemscope\" itemtype=\"https:\/\/schema.org\/BlogPosting\" itemprop=\"blogPost\" ><div class='avia_textblock  '   itemprop=\"text\" ><p class=\"v1MsoNormal\" style=\"text-align: justify;\"><span style=\"color: #000000;\">La jornada de asesor\u00eda fue ejecutada en las instalaciones NOLS Patagonia (National Outdoor Leadership School), escuela con amplia trayectoria dictando cursos desde c\u00f3mo preparar una mochila, calcular las raciones de comida exactas para una expedici\u00f3n, cursos de kayak, hasta t\u00e9cnicas para salvarle la vida a alguien en caso de emergencia y que cuenta con una base de operaciones en Coyhaique.<\/span><\/p>\n<p class=\"v1MsoNormal\" style=\"text-align: justify;\"><span style=\"color: #000000;\">Sobre esta iniciativa, la Seremi Mar\u00eda Eugenia Dur\u00e1n Jara, quien asisti\u00f3 al inicio de este taller, sostuvo \u00abEsta asesor\u00eda que realiza la escuela NOLS Patagonia a nuestras funcionarias y funcionarios IND de los programas Crecer en Movimiento y Deporte de Participaci\u00f3n Social, es muy relevante ya que a trav\u00e9s de este v\u00ednculo podemos fortalecer el servicio que entregamos como cartera de deportes a la ciudadan\u00eda y dise\u00f1ar actividades con mayor pertinencia regional lo que permitir\u00e1 ampliar la participaci\u00f3n de las personas de todas las edades en actividades al aire libre en parques y reservas de nuestra regi\u00f3n de acuerdo con el programa de gobierno del Presidente Gabriel Boric, otorgando m\u00e1s acceso a la actividad f\u00edsica, democratizando la cobertura, con ofertas gratuitas como lo son las 12 salidas que se realizar\u00e1n durante todo el a\u00f1o.\u00bb.<\/span><\/p>\n<p style=\"text-align: justify;\"><span style=\"color: #000000;\">Por su parte Magaly Cort\u00e9s, encargada del departamento de Deporte y Participaci\u00f3n Social IND Ays\u00e9n, se\u00f1al\u00f3,\u00a0\u00abestamos muy contentos con esta capacitaci\u00f3n en la escuela NOLS Patagonia, gracias a ello vamos a poder comenzar a desarrollar la l\u00ednea de senderismo de una manera responsable, segura, m\u00e1s cercana a nuestra poblaci\u00f3n, con pasos metodol\u00f3gicos;\u00a0ha sido una instancia muy educativa, muy entretenida, abordando adem\u00e1s\u00a0 los principios del No Deje Rastro\u00bb, asimismo la profesional IND agreg\u00f3 que \u00abla primera actividad de senderismo ser\u00e1 este 31 de marzo dirigida a adultos\u00a0 j\u00f3venes en la Reserva Huemules \u00ab.<\/span><\/p>\n<p class=\"v1MsoNormal\" style=\"text-align: justify;\"><span style=\"color: #000000;\">Durante la tarde,\u00a0las y los funcionarios del IND\u00a0 recorrieron\u00a0el sendero No Deje Rastro, circuito que ense\u00f1a a disfrutar de la naturaleza sin da\u00f1arla, para posteriormente finalizar la jornada con una evaluaci\u00f3n de los conocimientos adquiridos.<\/span><\/p>\n<\/div><\/section><\/div><div  style='height:50px' class='hr hr-invisible   avia-builder-el-6  el_after_av_one_full  el_before_av_social_share '><span class='hr-inner ' ><span class='hr-inner-style'><\/span><\/span><\/div><\/p>\n<div  class='av-social-sharing-box  avia-builder-el-7  el_after_av_hr  el_before_av_hr  '><div class='av-share-box'><h5 class='av-share-link-description av-no-toc '>Compartir esta noticia<\/h5><ul class='av-share-box-list noLightbox'><li class='av-share-link av-social-link-facebook' ><a target=\"_blank\" aria-label=\"Compartir en Facebook\" href='https:\/\/www.facebook.com\/sharer.php?u=https:\/\/radiorevelacionfm.cl\/?p=29268&#038;t=Jornada%20de%20Capacitaci%C3%B3n%20IND%20%E2%80%93%20NOLS%20Patagonia%20apunta%20al%20desarrollo%20del%20senderismo%20regional' aria-hidden='false' data-av_icon='\ue8f3' data-av_iconfont='entypo-fontello' title='' data-avia-related-tooltip='Compartir en Facebook' rel=\"noopener\"><span class='avia_hidden_link_text'>Compartir en Facebook<\/span><\/a><\/li><li class='av-share-link av-social-link-twitter' ><a target=\"_blank\" aria-label=\"Compartir en Twitter\" href='https:\/\/twitter.com\/share?text=Jornada%20de%20Capacitaci%C3%B3n%20IND%20%E2%80%93%20NOLS%20Patagonia%20apunta%20al%20desarrollo%20del%20senderismo%20regional&#038;url=https:\/\/radiorevelacionfm.cl\/?p=29268' aria-hidden='false' data-av_icon='\ue8f1' data-av_iconfont='entypo-fontello' title='' data-avia-related-tooltip='Compartir en Twitter' rel=\"noopener\"><span class='avia_hidden_link_text'>Compartir en Twitter<\/span><\/a><\/li><li class='av-share-link av-social-link-whatsapp' ><a target=\"_blank\" aria-label=\"Compartir en Whatsapp\" href='https:\/\/api.whatsapp.com\/send?text=https:\/\/radiorevelacionfm.cl\/?p=29268' aria-hidden='false' data-av_icon='\uf232' data-av_iconfont='entypo-fontello' title='' data-avia-related-tooltip='Compartir en Whatsapp' rel=\"noopener\"><span class='avia_hidden_link_text'>Compartir en Whatsapp<\/span><\/a><\/li><li class='av-share-link av-social-link-linkedin' ><a target=\"_blank\" aria-label=\"Compartir en LinkedIn\" href='https:\/\/linkedin.com\/shareArticle?mini=true&#038;title=Jornada%20de%20Capacitaci%C3%B3n%20IND%20%E2%80%93%20NOLS%20Patagonia%20apunta%20al%20desarrollo%20del%20senderismo%20regional&#038;url=https:\/\/radiorevelacionfm.cl\/?p=29268' aria-hidden='false' data-av_icon='\ue8fc' data-av_iconfont='entypo-fontello' title='' data-avia-related-tooltip='Compartir en LinkedIn' rel=\"noopener\"><span class='avia_hidden_link_text'>Compartir en LinkedIn<\/span><\/a><\/li><li class='av-share-link av-social-link-mail' ><a  aria-label=\"Compartir por correo\" href='mailto:?subject=Jornada%20de%20Capacitaci%C3%B3n%20IND%20%E2%80%93%20NOLS%20Patagonia%20apunta%20al%20desarrollo%20del%20senderismo%20regional&#038;body=https:\/\/radiorevelacionfm.cl\/?p=29268' aria-hidden='false' data-av_icon='\ue805' data-av_iconfont='entypo-fontello' title='' data-avia-related-tooltip='Compartir por correo'><span class='avia_hidden_link_text'>Compartir por correo<\/span><\/a><\/li><\/ul><\/div><\/div>\n<div  style='height:50px' class='hr hr-invisible   avia-builder-el-8  el_after_av_social_share  el_before_av_comments_list '><span class='hr-inner ' ><span class='hr-inner-style'><\/span><\/span><\/div>\n<div  class='av-buildercomment  av-blog-meta-html-info-disabled av-blog-meta-tag-disabled  '><\/div>\n","protected":false},"excerpt":{"rendered":"","protected":false},"author":1,"featured_media":29269,"comment_status":"open","ping_status":"open","sticky":false,"template":"","format":"standard","meta":{"footnotes":""},"categories":[40],"tags":[],"class_list":["post-29268","post","type-post","status-publish","format-standard","has-post-thumbnail","hentry","category-deportes"],"jetpack_featured_media_url":"https:\/\/radiorevelacionfm.cl\/wp-content\/uploads\/2023\/03\/5-61-1-1.jpg","_links":{"self":[{"href":"https:\/\/radiorevelacionfm.cl\/index.php?rest_route=\/wp\/v2\/posts\/29268","targetHints":{"allow":["GET"]}}],"collection":[{"href":"https:\/\/radiorevelacionfm.cl\/index.php?rest_route=\/wp\/v2\/posts"}],"about":[{"href":"https:\/\/radiorevelacionfm.cl\/index.php?rest_route=\/wp\/v2\/types\/post"}],"author":[{"embeddable":true,"href":"https:\/\/radiorevelacionfm.cl\/index.php?rest_route=\/wp\/v2\/users\/1"}],"replies":[{"embeddable":true,"href":"https:\/\/radiorevelacionfm.cl\/index.php?rest_route=%2Fwp%2Fv2%2Fcomments&post=29268"}],"version-history":[{"count":2,"href":"https:\/\/radiorevelacionfm.cl\/index.php?rest_route=\/wp\/v2\/posts\/29268\/revisions"}],"predecessor-version":[{"id":29271,"href":"https:\/\/radiorevelacionfm.cl\/index.php?rest_route=\/wp\/v2\/posts\/29268\/revisions\/29271"}],"wp:featuredmedia":[{"embeddable":true,"href":"https:\/\/radiorevelacionfm.cl\/index.php?rest_route=\/wp\/v2\/media\/29269"}],"wp:attachment":[{"href":"https:\/\/radiorevelacionfm.cl\/index.php?rest_route=%2Fwp%2Fv2%2Fmedia&parent=29268"}],"wp:term":[{"taxonomy":"category","embeddable":true,"href":"https:\/\/radiorevelacionfm.cl\/index.php?rest_route=%2Fwp%2Fv2%2Fcategories&post=29268"},{"taxonomy":"post_tag","embeddable":true,"href":"https:\/\/radiorevelacionfm.cl\/index.php?rest_route=%2Fwp%2Fv2%2Ftags&post=29268"}],"curies":[{"name":"wp","href":"https:\/\/api.w.org\/{rel}","templated":true}]}}