{"id":29261,"date":"2023-03-24T09:56:02","date_gmt":"2023-03-24T12:56:02","guid":{"rendered":"https:\/\/radiorevelacionfm.cl\/?p=29261"},"modified":"2023-03-24T09:56:02","modified_gmt":"2023-03-24T12:56:02","slug":"relator-de-naciones-unidas-los-efectos-del-cambio-climatico-en-la-patagonia-fuerzan-a-una-reaccion-internacional","status":"publish","type":"post","link":"https:\/\/radiorevelacionfm.cl\/?p=29261","title":{"rendered":"Relator de Naciones Unidas: \u00abLos efectos del cambio clim\u00e1tico en la Patagonia fuerzan a una reacci\u00f3n internacional\u00bb"},"content":{"rendered":"<div class=\"flex_column av_one_full  flex_column_div av-zero-column-padding first  avia-builder-el-0  el_before_av_one_full  avia-builder-el-first  \" style='border-radius:0px; '><div  class='avia-image-container  av-styling-    avia-builder-el-1  avia-builder-el-no-sibling  avia-align-center '  itemprop=\"image\" itemscope=\"itemscope\" itemtype=\"https:\/\/schema.org\/ImageObject\"  ><div class='avia-image-container-inner'><div class='avia-image-overlay-wrap'><img decoding=\"async\" class='wp-image-29262 avia-img-lazy-loading-not-29262 avia_image' src=\"https:\/\/radiorevelacionfm.cl\/wp-content\/uploads\/2023\/03\/Con-Pedro-Arrojo-1-1.jpg\" alt='' title='Con Pedro Arrojo (1) (1)' height=\"600\" width=\"800\"  itemprop=\"thumbnailUrl\" srcset=\"https:\/\/radiorevelacionfm.cl\/wp-content\/uploads\/2023\/03\/Con-Pedro-Arrojo-1-1.jpg 800w, https:\/\/radiorevelacionfm.cl\/wp-content\/uploads\/2023\/03\/Con-Pedro-Arrojo-1-1-300x225.jpg 300w, https:\/\/radiorevelacionfm.cl\/wp-content\/uploads\/2023\/03\/Con-Pedro-Arrojo-1-1-768x576.jpg 768w, https:\/\/radiorevelacionfm.cl\/wp-content\/uploads\/2023\/03\/Con-Pedro-Arrojo-1-1-705x529.jpg 705w, https:\/\/radiorevelacionfm.cl\/wp-content\/uploads\/2023\/03\/Con-Pedro-Arrojo-1-1-600x450.jpg 600w\" sizes=\"(max-width: 800px) 100vw, 800px\" \/><\/div><\/div><\/div><\/div>\n<div class=\"flex_column av_one_full  flex_column_div av-zero-column-padding first  avia-builder-el-2  el_after_av_one_full  el_before_av_one_full  column-top-margin\" style='border-radius:0px; '><section class=\"av_textblock_section \"  itemscope=\"itemscope\" itemtype=\"https:\/\/schema.org\/BlogPosting\" itemprop=\"blogPost\" ><div class='avia_textblock  '   itemprop=\"text\" ><p style=\"text-align: center;\"><span style=\"font-size: 18pt;\"><b><span lang=\"ES\">Relator de Naciones Unidas: \u00abLos efectos del cambio clim<\/span><\/b><b><span lang=\"X-NONE\">\u00e1tico en la Patagonia fuerzan a una reacci\u00f3n internacional\u00bb<\/span><\/b><\/span><\/p>\n<div id=\"gtx-trans\" style=\"position: absolute; left: -50px; top: 4.31534px;\">\n<div class=\"gtx-trans-icon\"><\/div>\n<\/div>\n<\/div><\/section><\/div><div class=\"flex_column av_one_full  flex_column_div av-zero-column-padding first  avia-builder-el-4  el_after_av_one_full  el_before_av_hr  column-top-margin\" style='border-radius:0px; '><section class=\"av_textblock_section \"  itemscope=\"itemscope\" itemtype=\"https:\/\/schema.org\/BlogPosting\" itemprop=\"blogPost\" ><div class='avia_textblock  '   itemprop=\"text\" ><p class=\"v1MsoNormal\" style=\"text-align: justify;\"><span lang=\"ES\">En el caso de la Patagonia, \u00ablos problemas que el cambio clim<\/span><span lang=\"X-NONE\">\u00e1tico ha puesto sobre la mesa\u00a0<\/span><span lang=\"ES\">nos fuerza a tomar atenci\u00f3n por parte de la propia gente del territorio, pero tambi\u00e9n, por las grandes afecciones globales, tiene que haber una reacci\u00f3n internacional<\/span><span lang=\"ES\">\u00ab.<\/span><\/p>\n<p class=\"v1MsoNormal\" style=\"text-align: justify;\"><span lang=\"ES\">Con estas palabras, el Relator Especial sobre los Derechos Humanos al Agua Potable y al Saneamiento de las Naciones Unidas, el espa\u00f1ol Pedro Arrojo, contextualiz<\/span><span lang=\"X-NONE\">\u00f3 la cita que esta semana sostuvo con la delegaci\u00f3n de la Corporaci\u00f3n Privada para el Desarrollo de Ays\u00e9n (CODESA) que participa en la Conferencia Mundial del Agua de la ONU, que se inici\u00f3 este mi\u00e9rcoles en Nueva York.<\/span><\/p>\n<p class=\"v1MsoNormal\" style=\"text-align: justify;\"><span lang=\"X-NONE\">Arrojo, quien visit\u00f3 la regi\u00f3n en 2009 en el marco de la causa \u00abPatagonia sin Represas\u00bb, se reuni\u00f3 con Erwin Sandoval Gallardo, presidente de CODESA, quien participa en dicho espacio multilateral junto a Miriam Chible Contreras y Patricio Segura Ortiz, directores y ex presidentes de la organizaci\u00f3n. La cita se materializ\u00f3 gracias a las gestiones del obispo de Ays\u00e9n Luis Infanti de la Mora, autor de la \u00abCarta del Agua\u00bb.<\/span><\/p>\n<p class=\"v1MsoNormal\" style=\"text-align: justify;\"><span lang=\"X-NONE\">\u00abPara la Patagonia, como todas las zonas en donde la vida o el ciclo del agua se mueve sobre la base de la realidad glacial, en su calidad de pulm\u00f3n h\u00eddrico del territorio,\u00a0\u00a0el cambio clim\u00e1tico es una amenaza de muerte de primer grado\u00bb puntualiz\u00f3.<\/span><\/p>\n<p class=\"v1MsoNormal\" style=\"text-align: justify;\"><span lang=\"X-NONE\">Por ello, agreg\u00f3, \u00ab<\/span><span lang=\"ES\">no es aceptable que este riesgo se acelere o profundice por la ambici<\/span><span lang=\"X-NONE\">\u00f3n\u00a0<\/span><span lang=\"ES\">mercantilista, que se pongan en peligro o destruyan bofedales, humedales en altura que pasan a ser los pulmones que quedan en las cabeceras de cuenca, lo que queda una vez que los glaciares se funden.\u00a0\u00a0Eso es un crimen.\u00a0\u00a0Un crimen contra la humanidad que afecta a los pobladores directamente afectados sobre el territorio y tambi<\/span><span lang=\"X-NONE\">\u00e9n a\u00a0<\/span><span lang=\"ES\">los que viven a lo largo de las cuencas<\/span><span lang=\"X-NONE\">\u00ab.\u00a0<\/span><\/p>\n<p class=\"v1MsoNormal\" style=\"text-align: justify;\"><span lang=\"X-NONE\">En este sentido, las palabras del relator coinciden con los temas que la delegaci\u00f3n impulsa en la Conferencia sobre el Agua: la protecci\u00f3n de turberas\/sphagnum (musgo pomp\u00f3n), en l\u00ednea con la agenda internacional y las obligaciones de Chile frente al cambio clim\u00e1tico; y el\u00a0<a href=\"https:\/\/sdgs.un.org\/partnerships\/patagonia-world-heritage-site-way-protect-water-and-face-climate-global-crisis\" target=\"_blank\" rel=\"noopener noreferrer\">compromiso de la organizaci\u00f3n<\/a>\u00a0en el marco de la Agenda por el Agua en torno a las Metas para el Desarrollo Sostenible, que es\u00a0\u00a0Patagonia como \u00abSitio Patrimonio Natural de la Humanidad\u00bb de la UNESCO.\u00a0<\/span><\/p>\n<p class=\"v1MsoNormal\" style=\"text-align: justify;\"><span lang=\"X-NONE\">Dentro de las actividades que se han llevado adelante se incluyen reuniones con Monti Aguirre de International Rivers, Constanza Prieto de Earth Law Center, adem\u00e1s de la firma y participaci\u00f3n este martes en el lanzamiento del\u00a0<a href=\"https:\/\/laredvida.org\/blog\/manifiesto-ante-la-conferencia-del-agua-de-la-onu-2023\/\" target=\"_blank\" rel=\"noopener noreferrer\">Manifiesto por la Justicia H\u00eddrica<\/a>\u00a0(que es un texto multinacional de organizaciones se puede\u00a0<a href=\"https:\/\/framaforms.org\/endorse-water-justice-manifesto-suscribe-el-manifiesto-por-la-justicia-hidrica-1677087019\" target=\"_blank\" rel=\"noopener noreferrer\">suscribir online<\/a>\u00a0y que ser\u00e1 entregado a los estados participantes en la conferencia).<\/span><\/p>\n<p class=\"v1MsoNormal\" style=\"text-align: justify;\"><span lang=\"X-NONE\">\u00abEstamos aqu\u00ed en representaci\u00f3n de nuestro territorio. Ha sido una semana intensa, d\u00edas de muchas reuniones. Hemos desarrollado ya los dos eventos paralelos organizados en el marco del programa oficial de la Conferencia de Naciones Unidas\u00bb explic\u00f3 Sandoval.\u00a0\u00a0Apunt\u00f3 que \u00abel d\u00eda lunes nos reunimos con el relator precisamente para hablar de los desaf\u00edos que enfrenta nuestro\u00a0\u00a0territorio, nuestro pa\u00eds en esta materia tan importante para el presente y el futuro. Buscamos relevar los valores ambientales de Ays\u00e9n y tambi\u00e9n empujar, en este marco multilateral, acciones para enfrentar los desaf\u00edos que vamos a vivir en el futuro\u00bb.<\/span><\/p>\n<p class=\"v1MsoNormal\" style=\"text-align: justify;\"><span lang=\"X-NONE\">Los dos encuentros paralelos (side event) virtuales organizados por CODESA a principios de semana con dirigentes nacionales y extranjeros se enfocaron en la \u00ab<a href=\"https:\/\/www.facebook.com\/watch\/live\/?ref=watch_permalink&amp;v=729315302185039\" target=\"_blank\" rel=\"noopener noreferrer\">Patagonia, territorio esencial para la Sostenibilidad Mundial del Agua<\/a>\u00bb y a la \u00ab<a href=\"https:\/\/www.facebook.com\/CodesaAysen\/videos\/1353692765411733\" target=\"_blank\" rel=\"noopener noreferrer\">Red por los R\u00edos Libres en Chile: Una experiencia sustentada en el compromiso<\/a>\u00ab, que quedaron grabados para su consulta posterior.\u00a0\u00a0Han colaborado en la realizaci\u00f3n de estos conversatorios, organizaciones como Ecosistemas, Agrupaci\u00f3n Ays\u00e9n Reserva de Vida, Ngenko, FIMA, Chile Sustentable, Fundaci\u00f3n Tanti, OPSAL, Malen Leubu, Semilla de Lirqu\u00e9n, Earth Law Center, International Rivers, Corporaci\u00f3n Costa Carrera y Corporaci\u00f3n Chelenko.<\/span><\/p>\n<\/div><\/section><\/div><\/p>\n<div  style='height:50px' class='hr hr-invisible   avia-builder-el-6  el_after_av_one_full  el_before_av_social_share '><span class='hr-inner ' ><span class='hr-inner-style'><\/span><\/span><\/div>\n<div  class='av-social-sharing-box  avia-builder-el-7  el_after_av_hr  el_before_av_hr  '><div class='av-share-box'><h5 class='av-share-link-description av-no-toc '>Compartir esta noticia<\/h5><ul class='av-share-box-list noLightbox'><li class='av-share-link av-social-link-facebook' ><a target=\"_blank\" aria-label=\"Compartir en Facebook\" href='https:\/\/www.facebook.com\/sharer.php?u=https:\/\/radiorevelacionfm.cl\/?p=29261&#038;t=Relator%20de%20Naciones%20Unidas%3A%20%C2%ABLos%20efectos%20del%20cambio%20clim%C3%A1tico%20en%20la%20Patagonia%20fuerzan%20a%20una%20reacci%C3%B3n%20internacional%C2%BB' aria-hidden='false' data-av_icon='\ue8f3' data-av_iconfont='entypo-fontello' title='' data-avia-related-tooltip='Compartir en Facebook' rel=\"noopener\"><span class='avia_hidden_link_text'>Compartir en Facebook<\/span><\/a><\/li><li class='av-share-link av-social-link-twitter' ><a target=\"_blank\" aria-label=\"Compartir en Twitter\" href='https:\/\/twitter.com\/share?text=Relator%20de%20Naciones%20Unidas%3A%20%C2%ABLos%20efectos%20del%20cambio%20clim%C3%A1tico%20en%20la%20Patagonia%20fuerzan%20a%20una%20reacci%C3%B3n%20internacional%C2%BB&#038;url=https:\/\/radiorevelacionfm.cl\/?p=29261' aria-hidden='false' data-av_icon='\ue8f1' data-av_iconfont='entypo-fontello' title='' data-avia-related-tooltip='Compartir en Twitter' rel=\"noopener\"><span class='avia_hidden_link_text'>Compartir en Twitter<\/span><\/a><\/li><li class='av-share-link av-social-link-whatsapp' ><a target=\"_blank\" aria-label=\"Compartir en Whatsapp\" href='https:\/\/api.whatsapp.com\/send?text=https:\/\/radiorevelacionfm.cl\/?p=29261' aria-hidden='false' data-av_icon='\uf232' data-av_iconfont='entypo-fontello' title='' data-avia-related-tooltip='Compartir en Whatsapp' rel=\"noopener\"><span class='avia_hidden_link_text'>Compartir en Whatsapp<\/span><\/a><\/li><li class='av-share-link av-social-link-linkedin' ><a target=\"_blank\" aria-label=\"Compartir en LinkedIn\" href='https:\/\/linkedin.com\/shareArticle?mini=true&#038;title=Relator%20de%20Naciones%20Unidas%3A%20%C2%ABLos%20efectos%20del%20cambio%20clim%C3%A1tico%20en%20la%20Patagonia%20fuerzan%20a%20una%20reacci%C3%B3n%20internacional%C2%BB&#038;url=https:\/\/radiorevelacionfm.cl\/?p=29261' aria-hidden='false' data-av_icon='\ue8fc' data-av_iconfont='entypo-fontello' title='' data-avia-related-tooltip='Compartir en LinkedIn' rel=\"noopener\"><span class='avia_hidden_link_text'>Compartir en LinkedIn<\/span><\/a><\/li><li class='av-share-link av-social-link-mail' ><a  aria-label=\"Compartir por correo\" href='mailto:?subject=Relator%20de%20Naciones%20Unidas%3A%20%C2%ABLos%20efectos%20del%20cambio%20clim%C3%A1tico%20en%20la%20Patagonia%20fuerzan%20a%20una%20reacci%C3%B3n%20internacional%C2%BB&#038;body=https:\/\/radiorevelacionfm.cl\/?p=29261' aria-hidden='false' data-av_icon='\ue805' data-av_iconfont='entypo-fontello' title='' data-avia-related-tooltip='Compartir por correo'><span class='avia_hidden_link_text'>Compartir por correo<\/span><\/a><\/li><\/ul><\/div><\/div>\n<div  style='height:50px' class='hr hr-invisible   avia-builder-el-8  el_after_av_social_share  el_before_av_comments_list '><span class='hr-inner ' ><span class='hr-inner-style'><\/span><\/span><\/div>\n<div  class='av-buildercomment  av-blog-meta-html-info-disabled av-blog-meta-tag-disabled  '><\/div>\n","protected":false},"excerpt":{"rendered":"","protected":false},"author":1,"featured_media":29262,"comment_status":"open","ping_status":"open","sticky":false,"template":"","format":"standard","meta":{"footnotes":""},"categories":[39],"tags":[],"class_list":["post-29261","post","type-post","status-publish","format-standard","has-post-thumbnail","hentry","category-medio-ambiente"],"jetpack_featured_media_url":"https:\/\/radiorevelacionfm.cl\/wp-content\/uploads\/2023\/03\/Con-Pedro-Arrojo-1-1.jpg","_links":{"self":[{"href":"https:\/\/radiorevelacionfm.cl\/index.php?rest_route=\/wp\/v2\/posts\/29261","targetHints":{"allow":["GET"]}}],"collection":[{"href":"https:\/\/radiorevelacionfm.cl\/index.php?rest_route=\/wp\/v2\/posts"}],"about":[{"href":"https:\/\/radiorevelacionfm.cl\/index.php?rest_route=\/wp\/v2\/types\/post"}],"author":[{"embeddable":true,"href":"https:\/\/radiorevelacionfm.cl\/index.php?rest_route=\/wp\/v2\/users\/1"}],"replies":[{"embeddable":true,"href":"https:\/\/radiorevelacionfm.cl\/index.php?rest_route=%2Fwp%2Fv2%2Fcomments&post=29261"}],"version-history":[{"count":3,"href":"https:\/\/radiorevelacionfm.cl\/index.php?rest_route=\/wp\/v2\/posts\/29261\/revisions"}],"predecessor-version":[{"id":29312,"href":"https:\/\/radiorevelacionfm.cl\/index.php?rest_route=\/wp\/v2\/posts\/29261\/revisions\/29312"}],"wp:featuredmedia":[{"embeddable":true,"href":"https:\/\/radiorevelacionfm.cl\/index.php?rest_route=\/wp\/v2\/media\/29262"}],"wp:attachment":[{"href":"https:\/\/radiorevelacionfm.cl\/index.php?rest_route=%2Fwp%2Fv2%2Fmedia&parent=29261"}],"wp:term":[{"taxonomy":"category","embeddable":true,"href":"https:\/\/radiorevelacionfm.cl\/index.php?rest_route=%2Fwp%2Fv2%2Fcategories&post=29261"},{"taxonomy":"post_tag","embeddable":true,"href":"https:\/\/radiorevelacionfm.cl\/index.php?rest_route=%2Fwp%2Fv2%2Ftags&post=29261"}],"curies":[{"name":"wp","href":"https:\/\/api.w.org\/{rel}","templated":true}]}}