{"id":29257,"date":"2023-03-23T09:17:25","date_gmt":"2023-03-23T12:17:25","guid":{"rendered":"https:\/\/radiorevelacionfm.cl\/?p=29257"},"modified":"2023-03-23T09:17:25","modified_gmt":"2023-03-23T12:17:25","slug":"con-charlas-a-estudiantes-direccion-de-aguas-del-mop-celebra-el-dia-mundial-del-agua","status":"publish","type":"post","link":"https:\/\/radiorevelacionfm.cl\/?p=29257","title":{"rendered":"Con charlas a estudiantes direcci\u00f3n de aguas del MOP celebra el D\u00eda Mundial del Agua"},"content":{"rendered":"<div class=\"flex_column av_one_full  flex_column_div av-zero-column-padding first  avia-builder-el-0  el_before_av_one_full  avia-builder-el-first  \" style='border-radius:0px; '><div  class='avia-image-container  av-styling-    avia-builder-el-1  avia-builder-el-no-sibling  avia-align-center '  itemprop=\"image\" itemscope=\"itemscope\" itemtype=\"https:\/\/schema.org\/ImageObject\"  ><div class='avia-image-container-inner'><div class='avia-image-overlay-wrap'><img decoding=\"async\" class='wp-image-29258 avia-img-lazy-loading-not-29258 avia_image' src=\"https:\/\/radiorevelacionfm.cl\/wp-content\/uploads\/2023\/03\/cuatro-dga-1-1_optimized.jpg\" alt='' title='cuatro-dga-(1)-(1)_optimized' height=\"600\" width=\"900\"  itemprop=\"thumbnailUrl\" srcset=\"https:\/\/radiorevelacionfm.cl\/wp-content\/uploads\/2023\/03\/cuatro-dga-1-1_optimized.jpg 900w, https:\/\/radiorevelacionfm.cl\/wp-content\/uploads\/2023\/03\/cuatro-dga-1-1_optimized-300x200.jpg 300w, https:\/\/radiorevelacionfm.cl\/wp-content\/uploads\/2023\/03\/cuatro-dga-1-1_optimized-768x512.jpg 768w, https:\/\/radiorevelacionfm.cl\/wp-content\/uploads\/2023\/03\/cuatro-dga-1-1_optimized-705x470.jpg 705w, https:\/\/radiorevelacionfm.cl\/wp-content\/uploads\/2023\/03\/cuatro-dga-1-1_optimized-600x400.jpg 600w\" sizes=\"(max-width: 900px) 100vw, 900px\" \/><\/div><\/div><\/div><\/div><div class=\"flex_column av_one_full  flex_column_div av-zero-column-padding first  avia-builder-el-2  el_after_av_one_full  el_before_av_one_full  column-top-margin\" style='border-radius:0px; '><section class=\"av_textblock_section \"  itemscope=\"itemscope\" itemtype=\"https:\/\/schema.org\/BlogPosting\" itemprop=\"blogPost\" ><div class='avia_textblock  '   itemprop=\"text\" ><p style=\"text-align: center;\"><strong><span style=\"font-size: 18pt;\">Con charlas a estudiantes direcci\u00f3n de aguas del MOP celebra el D\u00eda Mundial del Agua<\/span><\/strong><\/p>\n<div id=\"gtx-trans\" style=\"position: absolute; left: -50px; top: 4.31534px;\">\n<div class=\"gtx-trans-icon\"><\/div>\n<\/div>\n<\/div><\/section><\/div><div class=\"flex_column av_one_full  flex_column_div av-zero-column-padding first  avia-builder-el-4  el_after_av_one_full  el_before_av_hr  column-top-margin\" style='border-radius:0px; '><section class=\"av_textblock_section \"  itemscope=\"itemscope\" itemtype=\"https:\/\/schema.org\/BlogPosting\" itemprop=\"blogPost\" ><div class='avia_textblock  '   itemprop=\"text\" ><p style=\"text-align: justify;\">En el marco de la celebraci\u00f3n del D\u00eda Mundial del Agua, el Secretario Regional Ministerial de Obras P\u00fablicas Patricio Sanhueza Ulloa, destac\u00f3 la realizaci\u00f3n de charlas que el equipo de la Direcci\u00f3n General de Aguas en la regi\u00f3n de Ays\u00e9n (DGA) efectu\u00f3 a los alumnos de educaci\u00f3n parvularia del Colegio El Camino de la Fuente respecto al ciclo del agua y propiedades del agua y a los estudiantes de ense\u00f1anza media del Liceo San Felipe Benicio, a quienes se les invit\u00f3 a reflexionar y dialogar acerca del agua, las reformas \u00a0que trae el nuevo C\u00f3digo de Aguas y la protecci\u00f3n del recurso.<\/p>\n<p style=\"text-align: justify;\">Sobre el particular, el SEREMI del MOP indic\u00f3 que \u201cinstancias como estas nos permiten entregar al futuro de Chile que son nuestras ni\u00f1as, ni\u00f1os y adolescentes informaci\u00f3n en materias relativas al agua, junto con destacar las acciones en las que como gobierno hemos avanzado, como son el acceso al agua como un derecho humano y en la administraci\u00f3n, fiscalizaci\u00f3n y regulaci\u00f3n del recurso h\u00eddrico a trav\u00e9s de nuestra Direcci\u00f3n General de Aguas en nuestra regi\u00f3n, as\u00ed como tambi\u00e9n en su saneamiento a trav\u00e9s del equipo de la Direcci\u00f3n Regional de Obras Hidr\u00e1ulicas, quienes mediante la construcci\u00f3n de Servicios Sanitarios Rurales \u00a0ya han beneficiado con el abastecimiento de agua potable a m\u00e1s de un cuarto de la poblaci\u00f3n regional quienes se abastecen de agua potable directamente a sus hogares, lo que para nosotros y nuestro gobierno es muy importante, porque con ello estamos entregando equidad e igualdad de oportunidades al sector rural, y apoyando en forma significativa el bienestar de las personas\u201d.<\/p>\n<p style=\"text-align: justify;\">Para la Jefa de la UTP P\u00e1rvulos del Colegio El Camino de la Fuente, Mar\u00eda Julia Mart\u00ednez Cabezas acciones como estas permiten que los p\u00e1rvulos puedan vivir en forma m\u00e1s cercana la experiencia del ciclo del agua, indicando al respecto que \u201cel colegio tiene un sello medio ambiental y le damos mucho realce a estas tem\u00e1ticas del D\u00eda del Agua, el D\u00eda de la Tierra y del Medio Ambiente y con los p\u00e1rvulos nos interesa siempre que ellos aprendan a trav\u00e9s de experiencias concretas como la presentaci\u00f3n de una maqueta o experimento porque son s\u00faper significativas para ellos y finalmente son las que generan un aprendizaje significativo\u201d.<\/p>\n<p style=\"text-align: justify;\">Estas actividades para el equipo de la Direcci\u00f3n General de Aguas en la regi\u00f3n de Ays\u00e9n fueron muy enriquecedoras, porque les permiti\u00f3 compartir esta experiencia con los ni\u00f1os y ni\u00f1as, poder mostrarles los experimentos, y dialogar con los j\u00f3venes acerca de la importancia del recurso h\u00eddrico y que pudieran experimentar de cerca el ciclo del agua, entre otros generando un espacio de retroalimentaci\u00f3n y di\u00e1logo que aporta para conocer y cuidar nuestros recursos h\u00eddricos.<\/p>\n<p style=\"text-align: justify;\">As\u00ed tambi\u00e9n lo refrend\u00f3 el Director de la Direcci\u00f3n General de Aguas en la regi\u00f3n de Ays\u00e9n, H\u00e9ctor Cort\u00e9s Gaete, quien relev\u00f3 este D\u00eda Mundial del Agua como una instancia para que las nuevas generaciones conozcan el recurso h\u00eddrico y lo hagan propio, junto con destacar los principales ejes de gesti\u00f3n en los que est\u00e1n trabajando en el marco de la Reforma al C\u00f3digo de aguas.<\/p>\n<p style=\"text-align: justify;\">\u201cNuestro gobierno con las modificaciones que se hicieron al C\u00f3digo de Aguas hace m\u00e1s justo el uso del agua, porque el mercado deja de ser importante y se da un hito relevante como es pensar el consumo del agua como prioritario para las personas. Esto es notable porque lo que estamos haciendo es democratizar el acceso al agua para todas las personas y establece una forma en que efectivamente la oportunidad de acceder al recurso h\u00eddrico es de una manera m\u00e1s justa, lo que es fundamental, porque se establece un orden de prelaci\u00f3n para el uso del agua en donde se recalca su uso para el consumo humano, de subsistencia y saneamiento, as\u00ed que este es un medio para que las personas eliminen brechas respecto de oportunidades en la vida\u201d, asegur\u00f3 H\u00e9ctor Cort\u00e9s Gaete.<\/p>\n<p style=\"text-align: justify;\">A esto se suma \u2013indic\u00f3 el directivo del MOP- \u201cque estamos fortaleciendo la organizaci\u00f3n de las personas en torno al uso del agua, as\u00ed que vamos a reforzar el equipo con la contrataci\u00f3n de un nuevo funcionario para asesorar en el \u00e1rea de las Organizaciones de Usuarios, porque tenemos como prioridad tambi\u00e9n que las personas se organicen en torno al agua y con ello puedan acceder a algunos beneficios que les entrega el Estado. Hoy ya estamos trabajando en diversos sectores con las comunidades entreg\u00e1ndoles orientaci\u00f3n sobre este proceso. As\u00ed tambi\u00e9n, en el \u00e1rea de Glaciolog\u00eda y Nieves, en donde estamos desarrollando un programa de monitoreo de glaciares en la zona sur, en la provincia de los glaciares con financiamiento del Gobierno Regional y en donde hemos instalado estaciones con registro de temperatura y radiaci\u00f3n solar y tambi\u00e9n hemos generado algunas rutas para poder transitar, recoger informaci\u00f3n y proyectarla y\/o crear por ejemplo modelos hidrol\u00f3gicos y proyectar sus efectos. Este trabajo nos ha permitido tambi\u00e9n generar lazos de asociatividad con otras \u00e1reas de inter\u00e9s como la actividad tur\u00edstica y de reconocimiento, quienes pueden ver en l\u00ednea los datos de diversa \u00edndole que en cada sector de la regi\u00f3n recopilamos y que les sirven a los turistas antes de efectuar viajes a los glaciares por ejemplo, incorporando desde esa perspectiva esos territorios al conocimiento de la comunidad\u201d.<\/p>\n<p style=\"text-align: justify;\">Hoy la Direcci\u00f3n General de Aguas en la regi\u00f3n de Ays\u00e9n cuenta con 76 estaciones hidrometeorologicas y este a\u00f1o junto con\u00a0 efectuar la mantenci\u00f3n de estas estaciones tambi\u00e9n, proyectan construir una estaci\u00f3n fluviom\u00e9trica en la desembocadura del R\u00edo\u00a0 Bravo, con lo que marcar\u00e1n un importante hito, porque al finalizar la construcci\u00f3n de esta estructura la regi\u00f3n de Ays\u00e9n dispondr\u00e1 de la totalidad de estaciones de este tipo, las que permiten contar con informaci\u00f3n del balance h\u00eddrico y saber con certeza cu\u00e1nta agua tenemos, cu\u00e1nta agua est\u00e1 disponible y cu\u00e1les son las caracter\u00edsticas de la cuenca y su comportamiento. Tambi\u00e9n, otras \u00e1reas de inter\u00e9s de la DGA es el fortalecimiento de las tareas de Fiscalizaci\u00f3n, orientado a la modificaci\u00f3n de cauces, la extracci\u00f3n de recursos h\u00eddricos no autorizadas, la verificaci\u00f3n de los caudales ecol\u00f3gicos, la patente por no uso del agua, y la inscripci\u00f3n de los derechos de aprovechamiento de aguas en los Conservadores de Bienes Ra\u00edces y adem\u00e1s, que estos derechos est\u00e9n inscritos en el Catastro P\u00fablico de Aguas de la DGA antes del 06 de octubre del a\u00f1o en curso, por lo tanto hacemos un llamado a la comunidad para que realice esta gesti\u00f3n con el fin de que sus derechos de agua no caduquen.<\/p>\n<\/div><\/section><\/div><div  style='height:50px' class='hr hr-invisible   avia-builder-el-6  el_after_av_one_full  el_before_av_social_share '><span class='hr-inner ' ><span class='hr-inner-style'><\/span><\/span><\/div><\/p>\n<div  class='av-social-sharing-box  avia-builder-el-7  el_after_av_hr  el_before_av_hr  '><div class='av-share-box'><h5 class='av-share-link-description av-no-toc '>Compartir esta noticia<\/h5><ul class='av-share-box-list noLightbox'><li class='av-share-link av-social-link-facebook' ><a target=\"_blank\" aria-label=\"Compartir en Facebook\" href='https:\/\/www.facebook.com\/sharer.php?u=https:\/\/radiorevelacionfm.cl\/?p=29257&#038;t=Con%20charlas%20a%20estudiantes%20direcci%C3%B3n%20de%20aguas%20del%20MOP%20celebra%20el%20D%C3%ADa%20Mundial%20del%20Agua' aria-hidden='false' data-av_icon='\ue8f3' data-av_iconfont='entypo-fontello' title='' data-avia-related-tooltip='Compartir en Facebook' rel=\"noopener\"><span class='avia_hidden_link_text'>Compartir en Facebook<\/span><\/a><\/li><li class='av-share-link av-social-link-twitter' ><a target=\"_blank\" aria-label=\"Compartir en Twitter\" href='https:\/\/twitter.com\/share?text=Con%20charlas%20a%20estudiantes%20direcci%C3%B3n%20de%20aguas%20del%20MOP%20celebra%20el%20D%C3%ADa%20Mundial%20del%20Agua&#038;url=https:\/\/radiorevelacionfm.cl\/?p=29257' aria-hidden='false' data-av_icon='\ue8f1' data-av_iconfont='entypo-fontello' title='' data-avia-related-tooltip='Compartir en Twitter' rel=\"noopener\"><span class='avia_hidden_link_text'>Compartir en Twitter<\/span><\/a><\/li><li class='av-share-link av-social-link-whatsapp' ><a target=\"_blank\" aria-label=\"Compartir en Whatsapp\" href='https:\/\/api.whatsapp.com\/send?text=https:\/\/radiorevelacionfm.cl\/?p=29257' aria-hidden='false' data-av_icon='\uf232' data-av_iconfont='entypo-fontello' title='' data-avia-related-tooltip='Compartir en Whatsapp' rel=\"noopener\"><span class='avia_hidden_link_text'>Compartir en Whatsapp<\/span><\/a><\/li><li class='av-share-link av-social-link-linkedin' ><a target=\"_blank\" aria-label=\"Compartir en LinkedIn\" href='https:\/\/linkedin.com\/shareArticle?mini=true&#038;title=Con%20charlas%20a%20estudiantes%20direcci%C3%B3n%20de%20aguas%20del%20MOP%20celebra%20el%20D%C3%ADa%20Mundial%20del%20Agua&#038;url=https:\/\/radiorevelacionfm.cl\/?p=29257' aria-hidden='false' data-av_icon='\ue8fc' data-av_iconfont='entypo-fontello' title='' data-avia-related-tooltip='Compartir en LinkedIn' rel=\"noopener\"><span class='avia_hidden_link_text'>Compartir en LinkedIn<\/span><\/a><\/li><li class='av-share-link av-social-link-mail' ><a  aria-label=\"Compartir por correo\" href='mailto:?subject=Con%20charlas%20a%20estudiantes%20direcci%C3%B3n%20de%20aguas%20del%20MOP%20celebra%20el%20D%C3%ADa%20Mundial%20del%20Agua&#038;body=https:\/\/radiorevelacionfm.cl\/?p=29257' aria-hidden='false' data-av_icon='\ue805' data-av_iconfont='entypo-fontello' title='' data-avia-related-tooltip='Compartir por correo'><span class='avia_hidden_link_text'>Compartir por correo<\/span><\/a><\/li><\/ul><\/div><\/div>\n<div  style='height:50px' class='hr hr-invisible   avia-builder-el-8  el_after_av_social_share  el_before_av_comments_list '><span class='hr-inner ' ><span class='hr-inner-style'><\/span><\/span><\/div>\n<div  class='av-buildercomment  av-blog-meta-html-info-disabled av-blog-meta-tag-disabled  '><\/div>\n","protected":false},"excerpt":{"rendered":"","protected":false},"author":1,"featured_media":29258,"comment_status":"open","ping_status":"open","sticky":false,"template":"","format":"standard","meta":{"footnotes":""},"categories":[38],"tags":[],"class_list":["post-29257","post","type-post","status-publish","format-standard","has-post-thumbnail","hentry","category-regional"],"jetpack_featured_media_url":"https:\/\/radiorevelacionfm.cl\/wp-content\/uploads\/2023\/03\/cuatro-dga-1-1_optimized.jpg","_links":{"self":[{"href":"https:\/\/radiorevelacionfm.cl\/index.php?rest_route=\/wp\/v2\/posts\/29257","targetHints":{"allow":["GET"]}}],"collection":[{"href":"https:\/\/radiorevelacionfm.cl\/index.php?rest_route=\/wp\/v2\/posts"}],"about":[{"href":"https:\/\/radiorevelacionfm.cl\/index.php?rest_route=\/wp\/v2\/types\/post"}],"author":[{"embeddable":true,"href":"https:\/\/radiorevelacionfm.cl\/index.php?rest_route=\/wp\/v2\/users\/1"}],"replies":[{"embeddable":true,"href":"https:\/\/radiorevelacionfm.cl\/index.php?rest_route=%2Fwp%2Fv2%2Fcomments&post=29257"}],"version-history":[{"count":2,"href":"https:\/\/radiorevelacionfm.cl\/index.php?rest_route=\/wp\/v2\/posts\/29257\/revisions"}],"predecessor-version":[{"id":29265,"href":"https:\/\/radiorevelacionfm.cl\/index.php?rest_route=\/wp\/v2\/posts\/29257\/revisions\/29265"}],"wp:featuredmedia":[{"embeddable":true,"href":"https:\/\/radiorevelacionfm.cl\/index.php?rest_route=\/wp\/v2\/media\/29258"}],"wp:attachment":[{"href":"https:\/\/radiorevelacionfm.cl\/index.php?rest_route=%2Fwp%2Fv2%2Fmedia&parent=29257"}],"wp:term":[{"taxonomy":"category","embeddable":true,"href":"https:\/\/radiorevelacionfm.cl\/index.php?rest_route=%2Fwp%2Fv2%2Fcategories&post=29257"},{"taxonomy":"post_tag","embeddable":true,"href":"https:\/\/radiorevelacionfm.cl\/index.php?rest_route=%2Fwp%2Fv2%2Ftags&post=29257"}],"curies":[{"name":"wp","href":"https:\/\/api.w.org\/{rel}","templated":true}]}}