{"id":29244,"date":"2023-03-23T10:37:35","date_gmt":"2023-03-23T13:37:35","guid":{"rendered":"https:\/\/radiorevelacionfm.cl\/?p=29244"},"modified":"2023-03-23T10:37:35","modified_gmt":"2023-03-23T13:37:35","slug":"comunidad-de-aysen-inaugura-mejoras-a-sala-tanatologica-del-sml","status":"publish","type":"post","link":"https:\/\/radiorevelacionfm.cl\/?p=29244","title":{"rendered":"Comunidad de Ays\u00e9n inaugura mejoras a sala tanatol\u00f3gica del SML"},"content":{"rendered":"<div class=\"flex_column av_one_full  flex_column_div av-zero-column-padding first  avia-builder-el-0  el_before_av_one_full  avia-builder-el-first  \" style='border-radius:0px; '><div  class='avia-image-container  av-styling-    avia-builder-el-1  avia-builder-el-no-sibling  avia-align-center '  itemprop=\"image\" itemscope=\"itemscope\" itemtype=\"https:\/\/schema.org\/ImageObject\"  ><div class='avia-image-container-inner'><div class='avia-image-overlay-wrap'><img decoding=\"async\" class='wp-image-29272 avia-img-lazy-loading-not-29272 avia_image' src=\"https:\/\/radiorevelacionfm.cl\/wp-content\/uploads\/2023\/03\/foto-inauguraciOn-1_optimized.jpg\" alt='' title='foto-inauguraci\u00d3n-(1)_optimized' height=\"600\" width=\"800\"  itemprop=\"thumbnailUrl\" srcset=\"https:\/\/radiorevelacionfm.cl\/wp-content\/uploads\/2023\/03\/foto-inauguraciOn-1_optimized.jpg 800w, https:\/\/radiorevelacionfm.cl\/wp-content\/uploads\/2023\/03\/foto-inauguraciOn-1_optimized-300x225.jpg 300w, https:\/\/radiorevelacionfm.cl\/wp-content\/uploads\/2023\/03\/foto-inauguraciOn-1_optimized-768x576.jpg 768w, https:\/\/radiorevelacionfm.cl\/wp-content\/uploads\/2023\/03\/foto-inauguraciOn-1_optimized-705x529.jpg 705w, https:\/\/radiorevelacionfm.cl\/wp-content\/uploads\/2023\/03\/foto-inauguraciOn-1_optimized-600x450.jpg 600w\" sizes=\"(max-width: 800px) 100vw, 800px\" \/><\/div><\/div><\/div><\/div><div class=\"flex_column av_one_full  flex_column_div av-zero-column-padding first  avia-builder-el-2  el_after_av_one_full  el_before_av_one_full  column-top-margin\" style='border-radius:0px; '><section class=\"av_textblock_section \"  itemscope=\"itemscope\" itemtype=\"https:\/\/schema.org\/BlogPosting\" itemprop=\"blogPost\" ><div class='avia_textblock  '   itemprop=\"text\" ><p style=\"text-align: center;\"><strong><span style=\"font-size: 18pt;\">Comunidad de Ays\u00e9n inaugura mejoras a sala tanatol\u00f3gica del SML<\/span><\/strong><\/p>\n<div id=\"gtx-trans\" style=\"position: absolute; left: -50px; top: 4.31534px;\">\n<div class=\"gtx-trans-icon\"><\/div>\n<\/div>\n<\/div><\/section><\/div><div class=\"flex_column av_one_full  flex_column_div av-zero-column-padding first  avia-builder-el-4  el_after_av_one_full  el_before_av_hr  column-top-margin\" style='border-radius:0px; '><section class=\"av_textblock_section \"  itemscope=\"itemscope\" itemtype=\"https:\/\/schema.org\/BlogPosting\" itemprop=\"blogPost\" ><div class='avia_textblock  '   itemprop=\"text\" ><p style=\"text-align: justify;\"><em>Autoridades nacionales y locales celebran el acondicionamiento de sala tanatol\u00f3gica de la comuna. Nuevo equipamiento, zonas para deudos y entrega de fallecidos, y mejoras para \u00e1reas periciales entre los avances entregados a la comunidad.<\/em><\/p>\n<p style=\"text-align: justify;\">\u201cEstamos muy contentos. Esta era una deuda con la comunidad a la que ten\u00edamos que responder\u201d, se\u00f1al\u00f3 la directora regional del Servicio M\u00e9dico Legal (SML) de Ays\u00e9n, Catherine Sandoval, tras la inauguraci\u00f3n de las importantes mejoras realizadas a la sala de tanatolog\u00eda operativa en la comuna de Puerto Ays\u00e9n, emplazada actualmente en el Cesfam local, las que permitir\u00e1n que los deudos cuenten con una sala adecuada para la espera y un lugar establecido para la entrega de fallecidos, adem\u00e1s de modernizaciones del sistema el\u00e9ctrico e iluminaci\u00f3n, mejor climatizaci\u00f3n y nuevo equipamiento.<\/p>\n<p style=\"text-align: justify;\">El proyecto fue entregado a la comunidad con una emotiva y concurrida ceremonia a la que asistieron el director nacional (s) del Servicio, Cristi\u00e1n Bahamonde, la subdirectora m\u00e9dica (s), Dra. Marisol Prado, la gobernadora regional Andrea Mac\u00edas, el Delegado Presidencial subrogante y Seremi de Justicia y Derechos Humanos, Samuel Navarro, entre otros representantes de instituciones regionales junto a funcionarios, funcionarias y colaboradores del SML.<\/p>\n<p style=\"text-align: justify;\">El director nacional(s) del SML agradeci\u00f3 la concurrencia de la comunidad y explic\u00f3 la importancia de que en todo el pa\u00eds se pueda dar una respuesta oportuna a los usuarios: \u201cPara nosotros como autoridades nacionales nos era muy importante estar ac\u00e1 en esta jornada para entregar una se\u00f1al de la importancia que cada rinc\u00f3n de Chile tiene para esta instituci\u00f3n, nunca debemos olvidar que detr\u00e1s de cada caso hay familiares que esperan encontrar alguna tranquilidad. Que el proceso sea expedito es un elemento m\u00ednimo de reparaci\u00f3n al sufrimiento de los deudos, y es a lo que estamos llamados como funcionarios p\u00fablicos\u201d, se\u00f1al\u00f3 Bahamonde.<\/p>\n<p style=\"text-align: justify;\">A su turno, la Dra. Prado explic\u00f3 que \u201cestas mejoras ser\u00e1n fundamentales para poder entregar mejores condiciones a los deudos, con la dignidad y buen trato que requieren quienes deben enfrentar el dif\u00edcil momento de la p\u00e9rdida de un familiar, pero tambi\u00e9n con nuestros funcionarios y funcionarias, quienes merecen realizar su labor pericial en buenas condiciones laborales\u201d.<\/p>\n<p style=\"text-align: justify;\">En tanto, el seremi de Justicia y Derechos Humanos, Samuel Navarro, se\u00f1al\u00f3 en su saludo que \u201clas condiciones de los trabajadores y trabajadoras del sector Justicia ha sido una de nuestras preocupaciones, y hemos ido avanzando, paso a paso, pero sin descanso\u201d. El tambi\u00e9n delegado presidencial(s) celebr\u00f3 la inauguraci\u00f3n de las remodelaciones: \u201cEste proyecto nos causa mucho orgullo y claro que tenemos proyectos m\u00e1s ambiciosos, como tener una oficina provincial del SML que est\u00e9 a la altura de lo que los habitantes de la comuna de Ays\u00e9n merecen\u201d.<\/p>\n<p style=\"text-align: justify;\">Respecto de los nuevos desaf\u00edos de la regi\u00f3n en materia de nuevos proyectos que apunten a mejorar el acceso a la Justicia y de servicio a la ciudadan\u00eda, la gobernadora regional de Ays\u00e9n, Andrea Mac\u00edas P. dijo que en esta zona del pa\u00eds \u201ca\u00fan existen dificultades con localidades que quedan alejadas de la capital regional que no pueden acceder a los servicios que se prestan, y es ah\u00ed donde no me cabe la menor duda que el gobierno regional y su consejo van a estar muy dispuestos a colaborar\u201d.<\/p>\n<p style=\"text-align: justify;\">El proyecto contempl\u00f3 la renovaci\u00f3n y mantenimiento completo de la infraestructura y equipamiento de la sala, el que incluye la adquisici\u00f3n de un tecle el\u00e9ctrico alza cuerpos, y una nueva c\u00e1mara de conservaci\u00f3n de fallecidos, trabajos que fueron posibles gracias a los Fondos del Plan Maestro del Servicio M\u00e9dico Legal, con un costo cercano a los 115 millones de pesos. Durante el a\u00f1o 2022 Bienes Nacionales entreg\u00f3 un terreno de 2500 metros cuadrados para la construcci\u00f3n futura de un nuevo edificio para el SML de Puerto Ays\u00e9n.<\/p>\n<\/div><\/section><\/div><div  style='height:50px' class='hr hr-invisible   avia-builder-el-6  el_after_av_one_full  el_before_av_social_share '><span class='hr-inner ' ><span class='hr-inner-style'><\/span><\/span><\/div><\/p>\n<div  class='av-social-sharing-box  avia-builder-el-7  el_after_av_hr  el_before_av_hr  '><div class='av-share-box'><h5 class='av-share-link-description av-no-toc '>Compartir esta noticia<\/h5><ul class='av-share-box-list noLightbox'><li class='av-share-link av-social-link-facebook' ><a target=\"_blank\" aria-label=\"Compartir en Facebook\" href='https:\/\/www.facebook.com\/sharer.php?u=https:\/\/radiorevelacionfm.cl\/?p=29244&#038;t=Comunidad%20de%20Ays%C3%A9n%20inaugura%20mejoras%20a%20sala%20tanatol%C3%B3gica%20del%20SML' aria-hidden='false' data-av_icon='\ue8f3' data-av_iconfont='entypo-fontello' title='' data-avia-related-tooltip='Compartir en Facebook' rel=\"noopener\"><span class='avia_hidden_link_text'>Compartir en Facebook<\/span><\/a><\/li><li class='av-share-link av-social-link-twitter' ><a target=\"_blank\" aria-label=\"Compartir en Twitter\" href='https:\/\/twitter.com\/share?text=Comunidad%20de%20Ays%C3%A9n%20inaugura%20mejoras%20a%20sala%20tanatol%C3%B3gica%20del%20SML&#038;url=https:\/\/radiorevelacionfm.cl\/?p=29244' aria-hidden='false' data-av_icon='\ue8f1' data-av_iconfont='entypo-fontello' title='' data-avia-related-tooltip='Compartir en Twitter' rel=\"noopener\"><span class='avia_hidden_link_text'>Compartir en Twitter<\/span><\/a><\/li><li class='av-share-link av-social-link-whatsapp' ><a target=\"_blank\" aria-label=\"Compartir en Whatsapp\" href='https:\/\/api.whatsapp.com\/send?text=https:\/\/radiorevelacionfm.cl\/?p=29244' aria-hidden='false' data-av_icon='\uf232' data-av_iconfont='entypo-fontello' title='' data-avia-related-tooltip='Compartir en Whatsapp' rel=\"noopener\"><span class='avia_hidden_link_text'>Compartir en Whatsapp<\/span><\/a><\/li><li class='av-share-link av-social-link-linkedin' ><a target=\"_blank\" aria-label=\"Compartir en LinkedIn\" href='https:\/\/linkedin.com\/shareArticle?mini=true&#038;title=Comunidad%20de%20Ays%C3%A9n%20inaugura%20mejoras%20a%20sala%20tanatol%C3%B3gica%20del%20SML&#038;url=https:\/\/radiorevelacionfm.cl\/?p=29244' aria-hidden='false' data-av_icon='\ue8fc' data-av_iconfont='entypo-fontello' title='' data-avia-related-tooltip='Compartir en LinkedIn' rel=\"noopener\"><span class='avia_hidden_link_text'>Compartir en LinkedIn<\/span><\/a><\/li><li class='av-share-link av-social-link-mail' ><a  aria-label=\"Compartir por correo\" href='mailto:?subject=Comunidad%20de%20Ays%C3%A9n%20inaugura%20mejoras%20a%20sala%20tanatol%C3%B3gica%20del%20SML&#038;body=https:\/\/radiorevelacionfm.cl\/?p=29244' aria-hidden='false' data-av_icon='\ue805' data-av_iconfont='entypo-fontello' title='' data-avia-related-tooltip='Compartir por correo'><span class='avia_hidden_link_text'>Compartir por correo<\/span><\/a><\/li><\/ul><\/div><\/div>\n<div  style='height:50px' class='hr hr-invisible   avia-builder-el-8  el_after_av_social_share  el_before_av_comments_list '><span class='hr-inner ' ><span class='hr-inner-style'><\/span><\/span><\/div>\n<div  class='av-buildercomment  av-blog-meta-html-info-disabled av-blog-meta-tag-disabled  '><\/div>\n","protected":false},"excerpt":{"rendered":"","protected":false},"author":1,"featured_media":29272,"comment_status":"open","ping_status":"open","sticky":false,"template":"","format":"standard","meta":{"footnotes":""},"categories":[38],"tags":[],"class_list":["post-29244","post","type-post","status-publish","format-standard","has-post-thumbnail","hentry","category-regional"],"jetpack_featured_media_url":"https:\/\/radiorevelacionfm.cl\/wp-content\/uploads\/2023\/03\/foto-inauguraciOn-1_optimized.jpg","_links":{"self":[{"href":"https:\/\/radiorevelacionfm.cl\/index.php?rest_route=\/wp\/v2\/posts\/29244","targetHints":{"allow":["GET"]}}],"collection":[{"href":"https:\/\/radiorevelacionfm.cl\/index.php?rest_route=\/wp\/v2\/posts"}],"about":[{"href":"https:\/\/radiorevelacionfm.cl\/index.php?rest_route=\/wp\/v2\/types\/post"}],"author":[{"embeddable":true,"href":"https:\/\/radiorevelacionfm.cl\/index.php?rest_route=\/wp\/v2\/users\/1"}],"replies":[{"embeddable":true,"href":"https:\/\/radiorevelacionfm.cl\/index.php?rest_route=%2Fwp%2Fv2%2Fcomments&post=29244"}],"version-history":[{"count":3,"href":"https:\/\/radiorevelacionfm.cl\/index.php?rest_route=\/wp\/v2\/posts\/29244\/revisions"}],"predecessor-version":[{"id":29274,"href":"https:\/\/radiorevelacionfm.cl\/index.php?rest_route=\/wp\/v2\/posts\/29244\/revisions\/29274"}],"wp:featuredmedia":[{"embeddable":true,"href":"https:\/\/radiorevelacionfm.cl\/index.php?rest_route=\/wp\/v2\/media\/29272"}],"wp:attachment":[{"href":"https:\/\/radiorevelacionfm.cl\/index.php?rest_route=%2Fwp%2Fv2%2Fmedia&parent=29244"}],"wp:term":[{"taxonomy":"category","embeddable":true,"href":"https:\/\/radiorevelacionfm.cl\/index.php?rest_route=%2Fwp%2Fv2%2Fcategories&post=29244"},{"taxonomy":"post_tag","embeddable":true,"href":"https:\/\/radiorevelacionfm.cl\/index.php?rest_route=%2Fwp%2Fv2%2Ftags&post=29244"}],"curies":[{"name":"wp","href":"https:\/\/api.w.org\/{rel}","templated":true}]}}