{"id":29241,"date":"2023-03-24T12:36:00","date_gmt":"2023-03-24T15:36:00","guid":{"rendered":"https:\/\/radiorevelacionfm.cl\/?p=29241"},"modified":"2023-03-24T12:36:00","modified_gmt":"2023-03-24T15:36:00","slug":"edelaysen-y-autoridades-de-cochrane-se-reunen-para-coordinar-trabajo-en-conjunto","status":"publish","type":"post","link":"https:\/\/radiorevelacionfm.cl\/?p=29241","title":{"rendered":"Edelaysen y autoridades de Cochrane se re\u00fanen para coordinar trabajo en conjunto"},"content":{"rendered":"<div class=\"flex_column av_one_full  flex_column_div av-zero-column-padding first  avia-builder-el-0  el_before_av_one_full  avia-builder-el-first  \" style='border-radius:0px; '><div  class='avia-image-container  av-styling-    avia-builder-el-1  avia-builder-el-no-sibling  avia-align-center '  itemprop=\"image\" itemscope=\"itemscope\" itemtype=\"https:\/\/schema.org\/ImageObject\"  ><div class='avia-image-container-inner'><div class='avia-image-overlay-wrap'><img decoding=\"async\" class='wp-image-29242 avia-img-lazy-loading-not-29242 avia_image' src=\"https:\/\/radiorevelacionfm.cl\/wp-content\/uploads\/2023\/03\/visita-cochrane-1-1_optimized.jpg\" alt='' title='visita-cochrane-(1)-(1)_optimized' height=\"600\" width=\"913\"  itemprop=\"thumbnailUrl\" srcset=\"https:\/\/radiorevelacionfm.cl\/wp-content\/uploads\/2023\/03\/visita-cochrane-1-1_optimized.jpg 913w, https:\/\/radiorevelacionfm.cl\/wp-content\/uploads\/2023\/03\/visita-cochrane-1-1_optimized-300x197.jpg 300w, https:\/\/radiorevelacionfm.cl\/wp-content\/uploads\/2023\/03\/visita-cochrane-1-1_optimized-768x505.jpg 768w, https:\/\/radiorevelacionfm.cl\/wp-content\/uploads\/2023\/03\/visita-cochrane-1-1_optimized-705x463.jpg 705w, https:\/\/radiorevelacionfm.cl\/wp-content\/uploads\/2023\/03\/visita-cochrane-1-1_optimized-600x394.jpg 600w\" sizes=\"(max-width: 913px) 100vw, 913px\" \/><\/div><\/div><\/div><\/div><div class=\"flex_column av_one_full  flex_column_div av-zero-column-padding first  avia-builder-el-2  el_after_av_one_full  el_before_av_one_full  column-top-margin\" style='border-radius:0px; '><section class=\"av_textblock_section \"  itemscope=\"itemscope\" itemtype=\"https:\/\/schema.org\/BlogPosting\" itemprop=\"blogPost\" ><div class='avia_textblock  '   itemprop=\"text\" ><p style=\"text-align: center;\"><strong><span style=\"font-size: 18pt;\">Edelaysen y autoridades de Cochrane se re\u00fanen para coordinar trabajo en conjunto<\/span><\/strong><\/p>\n<div id=\"gtx-trans\" style=\"position: absolute; left: -50px; top: 4.31534px;\">\n<div class=\"gtx-trans-icon\"><\/div>\n<\/div>\n<\/div><\/section><\/div><div class=\"flex_column av_one_full  flex_column_div av-zero-column-padding first  avia-builder-el-4  el_after_av_one_full  el_before_av_hr  column-top-margin\" style='border-radius:0px; '><section class=\"av_textblock_section \"  itemscope=\"itemscope\" itemtype=\"https:\/\/schema.org\/BlogPosting\" itemprop=\"blogPost\" ><div class='avia_textblock  '   itemprop=\"text\" ><p style=\"text-align: justify;\">Ejecutivos de la empresa el\u00e9ctrica Edelaysen se trasladaron a la comuna de Cochrane para dialogar con las autoridades locales sobre la calidad del servicio el\u00e9ctrico y coordinar acciones en conjunto para trabajar proactivamente ante cortes imprevistos del servicio, como el que ocurri\u00f3 por faenas viales en la zona y que dej\u00f3 sin suministro el\u00e9ctrico a la comuna por algunas horas.<\/p>\n<p style=\"text-align: justify;\">La empresa Conpax program\u00f3 en febrero pasado tronaduras como parte de las faenas que se desarrollan en la comuna para la pavimentaci\u00f3n de los 7 kil\u00f3metros de la Ruta 7.<\/p>\n<p style=\"text-align: justify;\">En tal sentido, Patricio Raimilla jefe de Servicio al Cliente de Edelaysen mencion\u00f3 que \u201ceste tipo de coordinaciones siempre han existido y lo hemos desarrollado en un \u00e1mbito colaborativo y de bien com\u00fan. Lamentablemente ocurri\u00f3 una situaci\u00f3n imprevista en las faenas de la constructora, motiv\u00e1ndonos a visitar de manera presencial a las autoridades locales y representantes tanto de vialidad como de la constructora. Con ello, reforzamos nuestro inter\u00e9s en entregar energ\u00eda continua y de calidad a los vecinos de Cochrane\u201d.<\/p>\n<p style=\"text-align: justify;\">Durante esta reuni\u00f3n en terreno, el ejecutivo sostuvo reuniones con la delegada presidencial provincial Marta Montiel, con el alcalde de la comuna de Cochrane Jorge Calder\u00f3n y con la empresa vial encargada de la pavimentaci\u00f3n de la comuna.<\/p>\n<p style=\"text-align: justify;\">\u201cMuy destacable la presencia en terreno de Edelaysen. El conocer c\u00f3mo se est\u00e1 desarrollando todo este proyecto y si bien, ha habido distintas instancias que a todos como usuarios y tambi\u00e9n nosotros como autoridades nos preocupan, es importante que exista una informaci\u00f3n fluida en funci\u00f3n principalmente de dar respuesta a la ciudadan\u00eda\u201d, indic\u00f3 la delegada presidencial.<\/p>\n<p style=\"text-align: justify;\">Por su parte, el alcalde de Cochrane Jorge Calder\u00f3n, agradeci\u00f3 a Edelaysen: \u201cvaloramos por cierto la voluntad expresada por parte de su directivo de poder seguir estableciendo coordinaciones que permitan mejorar el servicio que prestan en la comuna de optimizar los tiempos de respuesta ante eventuales situaciones ocurridas como la de hace algunos d\u00edas atr\u00e1s y al mismo tiempo valoramos la necesidad de seguir estableciendo coordinaciones tanto con el municipio como con los distintos clientes para minimizar los impactos que se producen cada vez que tenemos corte de suministro\u201d.<\/p>\n<p style=\"text-align: justify;\">Ambas reuniones permitieron establecer coordinaciones conjuntas ante eventuales cortes de energ\u00eda.<\/p>\n<p style=\"text-align: justify;\">El ejecutivo de Edelaysen, puntualiz\u00f3 que \u201ccomo empresa responsable del servicio el\u00e9ctrico en Cochrane, reafirmamos nuestro compromiso de trabajar de manera conjunta con las autoridades locales y la comunidad en general para brindar un servicio de calidad y eficiente\u201d.<\/p>\n<\/div><\/section><\/div><div  style='height:50px' class='hr hr-invisible   avia-builder-el-6  el_after_av_one_full  el_before_av_social_share '><span class='hr-inner ' ><span class='hr-inner-style'><\/span><\/span><\/div><\/p>\n<div  class='av-social-sharing-box  avia-builder-el-7  el_after_av_hr  el_before_av_hr  '><div class='av-share-box'><h5 class='av-share-link-description av-no-toc '>Compartir esta noticia<\/h5><ul class='av-share-box-list noLightbox'><li class='av-share-link av-social-link-facebook' ><a target=\"_blank\" aria-label=\"Compartir en Facebook\" href='https:\/\/www.facebook.com\/sharer.php?u=https:\/\/radiorevelacionfm.cl\/?p=29241&#038;t=Edelaysen%20y%20autoridades%20de%20Cochrane%20se%20re%C3%BAnen%20para%20coordinar%20trabajo%20en%20conjunto' aria-hidden='false' data-av_icon='\ue8f3' data-av_iconfont='entypo-fontello' title='' data-avia-related-tooltip='Compartir en Facebook' rel=\"noopener\"><span class='avia_hidden_link_text'>Compartir en Facebook<\/span><\/a><\/li><li class='av-share-link av-social-link-twitter' ><a target=\"_blank\" aria-label=\"Compartir en Twitter\" href='https:\/\/twitter.com\/share?text=Edelaysen%20y%20autoridades%20de%20Cochrane%20se%20re%C3%BAnen%20para%20coordinar%20trabajo%20en%20conjunto&#038;url=https:\/\/radiorevelacionfm.cl\/?p=29241' aria-hidden='false' data-av_icon='\ue8f1' data-av_iconfont='entypo-fontello' title='' data-avia-related-tooltip='Compartir en Twitter' rel=\"noopener\"><span class='avia_hidden_link_text'>Compartir en Twitter<\/span><\/a><\/li><li class='av-share-link av-social-link-whatsapp' ><a target=\"_blank\" aria-label=\"Compartir en Whatsapp\" href='https:\/\/api.whatsapp.com\/send?text=https:\/\/radiorevelacionfm.cl\/?p=29241' aria-hidden='false' data-av_icon='\uf232' data-av_iconfont='entypo-fontello' title='' data-avia-related-tooltip='Compartir en Whatsapp' rel=\"noopener\"><span class='avia_hidden_link_text'>Compartir en Whatsapp<\/span><\/a><\/li><li class='av-share-link av-social-link-linkedin' ><a target=\"_blank\" aria-label=\"Compartir en LinkedIn\" href='https:\/\/linkedin.com\/shareArticle?mini=true&#038;title=Edelaysen%20y%20autoridades%20de%20Cochrane%20se%20re%C3%BAnen%20para%20coordinar%20trabajo%20en%20conjunto&#038;url=https:\/\/radiorevelacionfm.cl\/?p=29241' aria-hidden='false' data-av_icon='\ue8fc' data-av_iconfont='entypo-fontello' title='' data-avia-related-tooltip='Compartir en LinkedIn' rel=\"noopener\"><span class='avia_hidden_link_text'>Compartir en LinkedIn<\/span><\/a><\/li><li class='av-share-link av-social-link-mail' ><a  aria-label=\"Compartir por correo\" href='mailto:?subject=Edelaysen%20y%20autoridades%20de%20Cochrane%20se%20re%C3%BAnen%20para%20coordinar%20trabajo%20en%20conjunto&#038;body=https:\/\/radiorevelacionfm.cl\/?p=29241' aria-hidden='false' data-av_icon='\ue805' data-av_iconfont='entypo-fontello' title='' data-avia-related-tooltip='Compartir por correo'><span class='avia_hidden_link_text'>Compartir por correo<\/span><\/a><\/li><\/ul><\/div><\/div>\n<div  style='height:50px' class='hr hr-invisible   avia-builder-el-8  el_after_av_social_share  el_before_av_comments_list '><span class='hr-inner ' ><span class='hr-inner-style'><\/span><\/span><\/div>\n<div  class='av-buildercomment  av-blog-meta-html-info-disabled av-blog-meta-tag-disabled  '><\/div>\n","protected":false},"excerpt":{"rendered":"","protected":false},"author":1,"featured_media":29242,"comment_status":"open","ping_status":"open","sticky":false,"template":"","format":"standard","meta":{"footnotes":""},"categories":[38],"tags":[],"class_list":["post-29241","post","type-post","status-publish","format-standard","has-post-thumbnail","hentry","category-regional"],"jetpack_featured_media_url":"https:\/\/radiorevelacionfm.cl\/wp-content\/uploads\/2023\/03\/visita-cochrane-1-1_optimized.jpg","_links":{"self":[{"href":"https:\/\/radiorevelacionfm.cl\/index.php?rest_route=\/wp\/v2\/posts\/29241","targetHints":{"allow":["GET"]}}],"collection":[{"href":"https:\/\/radiorevelacionfm.cl\/index.php?rest_route=\/wp\/v2\/posts"}],"about":[{"href":"https:\/\/radiorevelacionfm.cl\/index.php?rest_route=\/wp\/v2\/types\/post"}],"author":[{"embeddable":true,"href":"https:\/\/radiorevelacionfm.cl\/index.php?rest_route=\/wp\/v2\/users\/1"}],"replies":[{"embeddable":true,"href":"https:\/\/radiorevelacionfm.cl\/index.php?rest_route=%2Fwp%2Fv2%2Fcomments&post=29241"}],"version-history":[{"count":1,"href":"https:\/\/radiorevelacionfm.cl\/index.php?rest_route=\/wp\/v2\/posts\/29241\/revisions"}],"predecessor-version":[{"id":29243,"href":"https:\/\/radiorevelacionfm.cl\/index.php?rest_route=\/wp\/v2\/posts\/29241\/revisions\/29243"}],"wp:featuredmedia":[{"embeddable":true,"href":"https:\/\/radiorevelacionfm.cl\/index.php?rest_route=\/wp\/v2\/media\/29242"}],"wp:attachment":[{"href":"https:\/\/radiorevelacionfm.cl\/index.php?rest_route=%2Fwp%2Fv2%2Fmedia&parent=29241"}],"wp:term":[{"taxonomy":"category","embeddable":true,"href":"https:\/\/radiorevelacionfm.cl\/index.php?rest_route=%2Fwp%2Fv2%2Fcategories&post=29241"},{"taxonomy":"post_tag","embeddable":true,"href":"https:\/\/radiorevelacionfm.cl\/index.php?rest_route=%2Fwp%2Fv2%2Ftags&post=29241"}],"curies":[{"name":"wp","href":"https:\/\/api.w.org\/{rel}","templated":true}]}}