{"id":2924,"date":"2021-02-24T11:07:57","date_gmt":"2021-02-24T14:07:57","guid":{"rendered":"https:\/\/radiorevelacionfm.cl\/?p=2924"},"modified":"2021-02-24T11:07:57","modified_gmt":"2021-02-24T14:07:57","slug":"emprendedores-de-la-comuna-de-aysen-han-concretado-y-fortalecido-sus-iniciativas-de-negocio-con-apoyo-del-fosis","status":"publish","type":"post","link":"https:\/\/radiorevelacionfm.cl\/?p=2924","title":{"rendered":"Emprendedores de la comuna de Ays\u00e9n han concretado y fortalecido sus iniciativas de negocio con apoyo del FOSIS"},"content":{"rendered":"<div class=\"flex_column av_one_full  flex_column_div av-zero-column-padding first  avia-builder-el-0  el_before_av_one_full  avia-builder-el-first  \" style='border-radius:0px; '><div  class='avia-image-container  av-styling-    avia-builder-el-1  avia-builder-el-no-sibling  avia-align-center '  itemprop=\"image\" itemscope=\"itemscope\" itemtype=\"https:\/\/schema.org\/ImageObject\"  ><div class='avia-image-container-inner'><div class='avia-image-overlay-wrap'><img decoding=\"async\" class='wp-image-0 avia-img-lazy-loading-not-0 avia_image' src=\"https:\/\/radiorevelacionfm.cl\/wp-content\/uploads\/2021\/02\/YES-SSyOO-Aysen-1-1.jpg\" alt='' title=''   itemprop=\"thumbnailUrl\"  \/><\/div><\/div><\/div><\/div><div class=\"flex_column av_one_full  flex_column_div av-zero-column-padding first  avia-builder-el-2  el_after_av_one_full  el_before_av_one_full  column-top-margin\" style='border-radius:0px; '><section class=\"av_textblock_section \"  itemscope=\"itemscope\" itemtype=\"https:\/\/schema.org\/BlogPosting\" itemprop=\"blogPost\" ><div class='avia_textblock  '   itemprop=\"text\" ><p style=\"text-align: center;\"><strong><span style=\"font-size: 18pt;\">Emprendedores de la comuna de Ays\u00e9n han concretado y fortalecido sus iniciativas de negocio con apoyo del FOSIS<\/span><\/strong><\/p>\n<div id=\"gtx-trans\" style=\"position: absolute; left: -50px; top: 4.31534px;\">\n<div class=\"gtx-trans-icon\"><\/div>\n<\/div>\n<\/div><\/section><\/div><div class=\"flex_column av_one_full  flex_column_div av-zero-column-padding first  avia-builder-el-4  el_after_av_one_full  el_before_av_hr  column-top-margin\" style='border-radius:0px; '><section class=\"av_textblock_section \"  itemscope=\"itemscope\" itemtype=\"https:\/\/schema.org\/BlogPosting\" itemprop=\"blogPost\" ><div class='avia_textblock  '   itemprop=\"text\" ><p style=\"text-align: justify;\">Gracias al programa Yo Emprendo, financiado por el Fondo de Solidaridad e Inversi\u00f3n Social, FOSIS, se han podido desarrollar 109 peque\u00f1os negocios en Puerto Ays\u00e9n, Villa Ma\u00f1ihuales y Puerto Chacabuco.<\/p>\n<p style=\"text-align: justify;\">V\u00eda remota se han llevado a cabo distintas actividades para dar cierre a los programas Yo Emprendo, que han sido ejecutados en la comuna de Ays\u00e9n y donde han participado emprendedores y emprendedoras de Puerto Ays\u00e9n, Villa Ma\u00f1ihuales y Puerto Chacabuco.<\/p>\n<p style=\"text-align: justify;\">Son 109 los usuarios y usuarias que finalizaron exitosamente este programa orientado a personas con caracter\u00edsticas emprendedoras, que tienen una idea de negocio o desarrollan una actividad econ\u00f3mica incipiente, en distintos niveles, por lo que requieren apoyo para potenciar sus iniciativas.<\/p>\n<p style=\"text-align: justify;\">Los participantes del programa Yo Emprendo recibieron capacitaci\u00f3n y asesor\u00eda t\u00e9cnica de manera remota a trav\u00e9s de sesiones en plataformas digitales y llamados, junto con el financiamiento de un plan de negocios, lo que les permiti\u00f3 adquirir herramientas e insumos para optimizar las labores propias de los emprendimientos que desarrollan.<\/p>\n<p style=\"text-align: justify;\">Dominique Br\u00e4utigam, Directora Regional del FOSIS en Ays\u00e9n, destac\u00f3 el compromiso de los emprendedores de la comuna de Ays\u00e9n y asegur\u00f3 que \u201chemos trabajado y apoyado a distintas familias en sus emprendimientos y en esta oportunidad queremos destacar la exitosa ejecuci\u00f3n que se ha desarrollado en la comuna de Ays\u00e9n, ya que hemos apoyado a 109 familias quienes han participado de los programas Yo Emprendo Semilla del Subsistema de Seguridades y Oportunidades, Yo Emprendo B\u00e1sico, Yo Emprendo Avanzado y Yo Emprendo Discapacidad; con el objetivo de mejorar la calidad de vida de sus familias y donde hemos podido llegar como estado a contribuir y activar la econom\u00eda, como nos ha pedido el presidente Sebasti\u00e1n Pi\u00f1era.\u201d<\/p>\n<p style=\"text-align: justify;\">Marisa Ovando de Puerto Ays\u00e9n tiene un emprendimiento de librer\u00eda y bazar, el cual ha podido potenciar gracias al proyecto. \u201cEstoy muy agradecida del FOSIS por todo el apoyo que me han brindado y por las herramientas de trabajo que me han entregado: Guillotina, anilladora, termolaminadora, equipo para venta de helados, repisas y un computador que me hac\u00eda falta porque en este sector, a pesar de que el a\u00f1o pasado estuvo cerrado el colegio, tuve harto movimiento con los ni\u00f1os por la descarga de materia para seguir sus planes de trabajo de colegio y fotocopiado. FOSIS ha sido un gran apoyo en cuanto a la sabidur\u00eda y ense\u00f1anzas que nos han dado las capacitaciones, tener nuevas experiencias con compa\u00f1eros de trabajo y que entre nosotros mismos nos demos ideas y apoyo para seguir adelante.\u201d<\/p>\n<p style=\"text-align: justify;\">Cabe mencionar que gracias a las distintas modalidades del programa Yo Emprendo se ha podido entregar apoyo a familias que son parte del Subsistema de Seguridades y Oportunidades, personas en situaci\u00f3n de discapacidad o cuidadores de estas y a peque\u00f1os emprendedores que desarrollan sus negocios en distintos niveles.<\/p>\n<\/div><\/section><\/div><div  style='height:50px' class='hr hr-invisible   avia-builder-el-6  el_after_av_one_full  el_before_av_social_share '><span class='hr-inner ' ><span class='hr-inner-style'><\/span><\/span><\/div><\/p>\n<div  class='av-social-sharing-box  avia-builder-el-7  el_after_av_hr  el_before_av_hr  '><div class='av-share-box'><h5 class='av-share-link-description av-no-toc '>Compartir esta noticia<\/h5><ul class='av-share-box-list noLightbox'><li class='av-share-link av-social-link-facebook' ><a target=\"_blank\" aria-label=\"Compartir en Facebook\" href='https:\/\/www.facebook.com\/sharer.php?u=https:\/\/radiorevelacionfm.cl\/?p=2924&#038;t=Emprendedores%20de%20la%20comuna%20de%20Ays%C3%A9n%20han%20concretado%20y%20fortalecido%20sus%20iniciativas%20de%20negocio%20con%20apoyo%20del%20FOSIS' aria-hidden='false' data-av_icon='\ue8f3' data-av_iconfont='entypo-fontello' title='' data-avia-related-tooltip='Compartir en Facebook' rel=\"noopener\"><span class='avia_hidden_link_text'>Compartir en Facebook<\/span><\/a><\/li><li class='av-share-link av-social-link-twitter' ><a target=\"_blank\" aria-label=\"Compartir en Twitter\" href='https:\/\/twitter.com\/share?text=Emprendedores%20de%20la%20comuna%20de%20Ays%C3%A9n%20han%20concretado%20y%20fortalecido%20sus%20iniciativas%20de%20negocio%20con%20apoyo%20del%20FOSIS&#038;url=https:\/\/radiorevelacionfm.cl\/?p=2924' aria-hidden='false' data-av_icon='\ue8f1' data-av_iconfont='entypo-fontello' title='' data-avia-related-tooltip='Compartir en Twitter' rel=\"noopener\"><span class='avia_hidden_link_text'>Compartir en Twitter<\/span><\/a><\/li><li class='av-share-link av-social-link-whatsapp' ><a target=\"_blank\" aria-label=\"Compartir en Whatsapp\" href='https:\/\/api.whatsapp.com\/send?text=https:\/\/radiorevelacionfm.cl\/?p=2924' aria-hidden='false' data-av_icon='\uf232' data-av_iconfont='entypo-fontello' title='' data-avia-related-tooltip='Compartir en Whatsapp' rel=\"noopener\"><span class='avia_hidden_link_text'>Compartir en Whatsapp<\/span><\/a><\/li><li class='av-share-link av-social-link-linkedin' ><a target=\"_blank\" aria-label=\"Compartir en LinkedIn\" href='https:\/\/linkedin.com\/shareArticle?mini=true&#038;title=Emprendedores%20de%20la%20comuna%20de%20Ays%C3%A9n%20han%20concretado%20y%20fortalecido%20sus%20iniciativas%20de%20negocio%20con%20apoyo%20del%20FOSIS&#038;url=https:\/\/radiorevelacionfm.cl\/?p=2924' aria-hidden='false' data-av_icon='\ue8fc' data-av_iconfont='entypo-fontello' title='' data-avia-related-tooltip='Compartir en LinkedIn' rel=\"noopener\"><span class='avia_hidden_link_text'>Compartir en LinkedIn<\/span><\/a><\/li><li class='av-share-link av-social-link-mail' ><a  aria-label=\"Compartir por correo\" href='mailto:?subject=Emprendedores%20de%20la%20comuna%20de%20Ays%C3%A9n%20han%20concretado%20y%20fortalecido%20sus%20iniciativas%20de%20negocio%20con%20apoyo%20del%20FOSIS&#038;body=https:\/\/radiorevelacionfm.cl\/?p=2924' aria-hidden='false' data-av_icon='\ue805' data-av_iconfont='entypo-fontello' title='' data-avia-related-tooltip='Compartir por correo'><span class='avia_hidden_link_text'>Compartir por correo<\/span><\/a><\/li><\/ul><\/div><\/div>\n<div  style='height:50px' class='hr hr-invisible   avia-builder-el-8  el_after_av_social_share  el_before_av_comments_list '><span class='hr-inner ' ><span class='hr-inner-style'><\/span><\/span><\/div>\n<div  class='av-buildercomment  av-blog-meta-html-info-disabled av-blog-meta-tag-disabled  '><\/div>\n","protected":false},"excerpt":{"rendered":"","protected":false},"author":1,"featured_media":0,"comment_status":"open","ping_status":"open","sticky":false,"template":"","format":"standard","meta":{"footnotes":""},"categories":[45],"tags":[],"class_list":["post-2924","post","type-post","status-publish","format-standard","hentry","category-comercio"],"jetpack_featured_media_url":"","_links":{"self":[{"href":"https:\/\/radiorevelacionfm.cl\/index.php?rest_route=\/wp\/v2\/posts\/2924","targetHints":{"allow":["GET"]}}],"collection":[{"href":"https:\/\/radiorevelacionfm.cl\/index.php?rest_route=\/wp\/v2\/posts"}],"about":[{"href":"https:\/\/radiorevelacionfm.cl\/index.php?rest_route=\/wp\/v2\/types\/post"}],"author":[{"embeddable":true,"href":"https:\/\/radiorevelacionfm.cl\/index.php?rest_route=\/wp\/v2\/users\/1"}],"replies":[{"embeddable":true,"href":"https:\/\/radiorevelacionfm.cl\/index.php?rest_route=%2Fwp%2Fv2%2Fcomments&post=2924"}],"version-history":[{"count":1,"href":"https:\/\/radiorevelacionfm.cl\/index.php?rest_route=\/wp\/v2\/posts\/2924\/revisions"}],"predecessor-version":[{"id":2926,"href":"https:\/\/radiorevelacionfm.cl\/index.php?rest_route=\/wp\/v2\/posts\/2924\/revisions\/2926"}],"wp:attachment":[{"href":"https:\/\/radiorevelacionfm.cl\/index.php?rest_route=%2Fwp%2Fv2%2Fmedia&parent=2924"}],"wp:term":[{"taxonomy":"category","embeddable":true,"href":"https:\/\/radiorevelacionfm.cl\/index.php?rest_route=%2Fwp%2Fv2%2Fcategories&post=2924"},{"taxonomy":"post_tag","embeddable":true,"href":"https:\/\/radiorevelacionfm.cl\/index.php?rest_route=%2Fwp%2Fv2%2Ftags&post=2924"}],"curies":[{"name":"wp","href":"https:\/\/api.w.org\/{rel}","templated":true}]}}